{"id":598587,"date":"2025-12-14T11:37:16","date_gmt":"2025-12-14T11:37:16","guid":{"rendered":"https:\/\/www.europesays.com\/fr\/598587\/"},"modified":"2025-12-14T11:37:16","modified_gmt":"2025-12-14T11:37:16","slug":"ondes-retour-sur-la-fm-la-ssr-menacee-de-poursuites","status":"publish","type":"post","link":"https:\/\/www.europesays.com\/fr\/598587\/","title":{"rendered":"Ondes: Retour sur la FM: la SSR menac\u00e9e de poursuites"},"content":{"rendered":"<p>Actualis\u00e914. d\u00e9cembre 2025, 11:20<\/p>\n<p>Ondes: Retour sur la FM: la SSR menac\u00e9e de poursuites<\/p>\n<p>Une radio priv\u00e9e al\u00e9manique promet d\u2019attaquer en justice tout retour du service public sur les ondes analogiques, d\u00e9non\u00e7ant un possible traitement de faveur.<\/p>\n<p><img decoding=\"async\" alt=\"Christine Talos\" src=\"https:\/\/www.europesays.com\/fr\/wp-content\/uploads\/2025\/12\/b90562b8-60f7-489e-9b13-f3fb7dba0be9.jpeg\" class=\"sc-b1f21c84-1 juVSAe\"\/><img loading=\"lazy\" decoding=\"async\" src=\"https:\/\/www.europesays.com\/fr\/wp-content\/uploads\/2025\/12\/31c6a92f-7eeb-4440-9c8d-537108dd0340.jpg\" alt=\"Le potentiel retour \u00e0 la FM de la SSR fait grincer les dents de bien des radios priv\u00e9es en Suisse.\" title=\"Le potentiel retour \u00e0 la FM de la SSR fait grincer les dents de bien des radios priv\u00e9es en Suisse.\"  width=\"1024\" height=\"682\"\/><\/p>\n<p>Le potentiel retour \u00e0 la FM de la SSR fait grincer les dents de bien des radios priv\u00e9es en Suisse.<\/p>\n<p>AFP<\/p>\n<p>Nouvel \u00e9pisode dans la bataille qui oppose <a href=\"https:\/\/www.lematin.ch\/story\/radio-la-ssr-annonce-son-retour-sur-la-bande-fm-103468151\" target=\"_blank\" rel=\"noopener\">la SSR aux radios priv\u00e9es autour de la DAB+ et de la FM<\/a>. Une radio al\u00e9manique, Radio2GO.ch, menace de lancer des poursuites judiciaires si la SSR \u00e9met \u00e0 nouveau sur les ondes FM, r\u00e9v\u00e8le le \u00abSonntagsBlick\u00bb.<\/p>\n<p>Retour en arri\u00e8re. Mardi, le Conseil des \u00c9tats, suivant le National, a d\u00e9cid\u00e9 de prolonger l&rsquo;exploitation des ondes FM en Suisse jusqu&rsquo;en 2031 au lieu de fin 2026. Deux jours plus tard, la SSR annon\u00e7ait qu&rsquo;elle souhaitait \u00e0 nouveau diffuser ses programmes en FM, des programmes qui avaient perdu des centaines de milliers d\u2019auditeurs apr\u00e8s le passage au DAB+ d\u00e9but 2025.<\/p>\n<p>Mais ce retour sur les ondes analogiques est loin d\u2019\u00eatre acquis. La SSR ne dispose actuellement d\u2019aucune concession FM, contrairement aux radios priv\u00e9es encore autoris\u00e9es \u00e0 \u00e9mettre jusqu\u2019\u00e0 fin 2026. Pour revenir sur la FM, elle devrait obtenir une autorisation exceptionnelle de l\u2019Office f\u00e9d\u00e9ral de la communication (Ofcom). Or, aucune demande n\u2019a \u00e9t\u00e9 d\u00e9pos\u00e9e \u00e0 ce stade, et l\u2019Ofcom rappelle que toute d\u00e9cision pourra faire l\u2019objet d\u2019un recours.<\/p>\n<p>\u00abPas de traitement de faveur\u00bb<\/p>\n<p>C\u2019est pr\u00e9cis\u00e9ment ce que pr\u00e9voit de faire le d\u00e9put\u00e9 Reto Wettstein (PLR\/AG), propri\u00e9taire de la petite radio al\u00e9manique Radio2Go.CH. Il avertit que toute r\u00e9attribution anticip\u00e9e de fr\u00e9quences FM \u00e0 la SSR sera attaqu\u00e9e. \u00abDans un \u00c9tat de droit, tout le monde doit avoir les m\u00eames r\u00e8gles. Il ne peut pas y avoir de traitement de faveur pour la SSR\u00bb, affirme-t-il.<\/p>\n<p>\u00c0 ces obstacles juridiques s\u2019ajoutent des d\u00e9fis techniques majeurs. Les \u00e9metteurs FM ont en effet \u00e9t\u00e9 d\u00e9mont\u00e9s. Leur remise en service n\u00e9cessiterait des permis de construire, des r\u00e9installations et plusieurs millions de francs d\u2019investissement. Une d\u00e9pense que Reto Wettstein qualifie de \u00abgigantesque op\u00e9ration de destruction de l\u2019argent de la redevance\u00bb.<\/p>\n<p>Les radios priv\u00e9es sur le pied de guerre<\/p>\n<p>De nombreuses radios priv\u00e9es voient d\u2019un mauvais \u0153il le retour de la SSR sur la bande FM. Elles ont en effet profit\u00e9 des pertes d\u2019audience du service public et craignent qu\u2019un retour \u00e0 l\u2019analogique p\u00e9nalise celles qui diffusent uniquement en DAB+. Mais l\u2019Association suisse des radios priv\u00e9es ne souhaite pas mettre des b\u00e2tons dans les roues de la SSR. Elle pr\u00e9vient toutefois qu\u2019elle examinera de pr\u00e8s toute autorisation exceptionnelle pour un retour \u00e0 la FM avant 2027. But: \u00e9viter que la SSR n\u2019obtienne un avantage par rapport aux radios qui devront concourir pour une nouvelle concession. L\u2019association Unikom, qui repr\u00e9sente les radios num\u00e9riques, se dit, elle, inqui\u00e8te et envisage une plainte aupr\u00e8s de la Commission de la concurrence.<\/p>\n","protected":false},"excerpt":{"rendered":"Actualis\u00e914. d\u00e9cembre 2025, 11:20 Ondes: Retour sur la FM: la SSR menac\u00e9e de poursuites Une radio priv\u00e9e al\u00e9manique&hellip;\n","protected":false},"author":2,"featured_media":598588,"comment_status":"","ping_status":"","sticky":false,"template":"","format":"standard","meta":{"footnotes":""},"categories":[1355],"tags":[58,59,1011,27,1361,873],"class_list":{"0":"post-598587","1":"post","2":"type-post","3":"status-publish","4":"format-standard","5":"has-post-thumbnail","7":"category-musique","8":"tag-divertissement","9":"tag-entertainment","10":"tag-fr","11":"tag-france","12":"tag-music","13":"tag-musique"},"share_on_mastodon":{"url":"https:\/\/pubeurope.com\/@fr\/115717725198314642","error":""},"_links":{"self":[{"href":"https:\/\/www.europesays.com\/fr\/wp-json\/wp\/v2\/posts\/598587","targetHints":{"allow":["GET"]}}],"collection":[{"href":"https:\/\/www.europesays.com\/fr\/wp-json\/wp\/v2\/posts"}],"about":[{"href":"https:\/\/www.europesays.com\/fr\/wp-json\/wp\/v2\/types\/post"}],"author":[{"embeddable":true,"href":"https:\/\/www.europesays.com\/fr\/wp-json\/wp\/v2\/users\/2"}],"replies":[{"embeddable":true,"href":"https:\/\/www.europesays.com\/fr\/wp-json\/wp\/v2\/comments?post=598587"}],"version-history":[{"count":0,"href":"https:\/\/www.europesays.com\/fr\/wp-json\/wp\/v2\/posts\/598587\/revisions"}],"wp:featuredmedia":[{"embeddable":true,"href":"https:\/\/www.europesays.com\/fr\/wp-json\/wp\/v2\/media\/598588"}],"wp:attachment":[{"href":"https:\/\/www.europesays.com\/fr\/wp-json\/wp\/v2\/media?parent=598587"}],"wp:term":[{"taxonomy":"category","embeddable":true,"href":"https:\/\/www.europesays.com\/fr\/wp-json\/wp\/v2\/categories?post=598587"},{"taxonomy":"post_tag","embeddable":true,"href":"https:\/\/www.europesays.com\/fr\/wp-json\/wp\/v2\/tags?post=598587"}],"curies":[{"name":"wp","href":"https:\/\/api.w.org\/{rel}","templated":true}]}}