{"id":598589,"date":"2025-12-14T11:38:26","date_gmt":"2025-12-14T11:38:26","guid":{"rendered":"https:\/\/www.europesays.com\/fr\/598589\/"},"modified":"2025-12-14T11:38:26","modified_gmt":"2025-12-14T11:38:26","slug":"robin-williams-souffrait-en-silence-raconte-ethan-hawke","status":"publish","type":"post","link":"https:\/\/www.europesays.com\/fr\/598589\/","title":{"rendered":"Robin Williams souffrait en silence, raconte Ethan Hawke"},"content":{"rendered":"<p><strong><a href=\"https:\/\/www.ecranlarge.com\/personnalite\/652381-ethan-hawke\" data-type=\"people\" data-id=\"13691\" rel=\"nofollow noopener\" target=\"_blank\">Ethan Hawke<\/a> raconte que m\u00eame si <a href=\"https:\/\/www.ecranlarge.com\/personnalite\/654425-robin-williams\" data-type=\"people\" data-id=\"306390\" rel=\"nofollow noopener\" target=\"_blank\">Robin Williams<\/a> \u00e9tait lumineux lors du tournage du <a href=\"https:\/\/www.ecranlarge.com\/films\/840836-cercle-des-poetes-disparus-le\" data-type=\"films\" data-id=\"656250\" rel=\"nofollow noopener\" target=\"_blank\">Cercle des po\u00e8tes disparus<\/a>, il souffrait en cachette.<\/strong><\/p>\n<p>En 2014, la disparition de Robin Williams a chamboul\u00e9 le monde du cin\u00e9ma, et la cause de sa mort encore plus. Souffrant d\u2019une s\u00e9v\u00e8re d\u00e9pression depuis de nombreuses ann\u00e9es, l\u2019acteur a mis fin \u00e0 ses jours. <\/p>\n<p>Il a eu le temps, au cours de sa riche carri\u00e8re, de multiplier les r\u00f4les. Ses plus marquants sont probablement <strong>Le Cercle des po\u00e8tes disparus<\/strong> et <strong><a href=\"https:\/\/www.ecranlarge.com\/films\/841280-will-hunting\" data-type=\"films\" data-id=\"656688\" rel=\"nofollow noopener\" target=\"_blank\">Will Hunting<\/a><\/strong>, dans lesquels il incarne des professeurs attachants concern\u00e9s par l\u2019avenir de leurs \u00e9l\u00e8ves. Mais il ne faudrait surtout pas oublier <a href=\"https:\/\/www.ecranlarge.com\/films\/dossier\/robin-williams-popeye-premier-film-super-heros-disney\" rel=\"nofollow noopener\" target=\"_blank\"><strong>Popeye<\/strong> de Robert Altman, premier film de super-h\u00e9ros maudit de Disney<\/a>.<\/p>\n<p>                    <img decoding=\"async\" alt=\"\" class=\"wp-image-518375\" style=\"object-fit:cover;width:25px;height:25px\" src=\"https:\/\/www.ecranlarge.com\/content\/uploads\/2023\/09\/arrow-right-circle.svg\"\/><\/p>\n<p>Il \u00e9tait aussi le g\u00e9nie d\u2019<strong><a href=\"https:\/\/www.ecranlarge.com\/films\/838495-aladdin\" data-type=\"films\" data-id=\"653924\" rel=\"nofollow noopener\" target=\"_blank\">Aladdin <\/a><\/strong>dans la version originale, la m\u00e9morable <strong><a href=\"https:\/\/www.ecranlarge.com\/films\/840974-madame-doubtfire\" data-type=\"films\" data-id=\"656387\" rel=\"nofollow noopener\" target=\"_blank\">Madame Doubtfire<\/a><\/strong>, Peter Pan dans le <strong><a href=\"https:\/\/www.ecranlarge.com\/films\/838937-hook-ou-la-revanche-du-capitaine-crochet\" data-type=\"films\" data-id=\"654366\" rel=\"nofollow noopener\" target=\"_blank\">Hook<\/a><\/strong> de Steven Spielberg, le h\u00e9ros de <strong>Good Morning, Vietnam<\/strong> et <strong>Jumanji<\/strong>\u2026 <strong>Son nom \u00e9voque tout de suite une pr\u00e9sence hors du commun \u00e0 l\u2019\u00e9cran<\/strong>. Mais derri\u00e8re la cam\u00e9ra, l\u2019acteur souffrait depuis longtemps. Ethan Hawke, qui interpr\u00e9tait l\u2019un des \u00e9l\u00e8ves du cultissime <strong>Cercle des po\u00e8tes disparus<\/strong> en 1989, <strong>a r\u00e9cemment racont\u00e9 qu\u2019il avait d\u00e9j\u00e0 senti la d\u00e9tresse de son partenaire de jeu \u00e0 l\u2019\u00e9poque.<\/strong><\/p>\n<p><a href=\"https:\/\/www.ecranlarge.com\/content\/uploads\/2021\/08\/le-cercle-des-poetes-disparus-photo-1393849.jpg\" rel=\"nofollow noopener\" target=\"_blank\"><img loading=\"lazy\" decoding=\"async\" alt=\"Le Cercle des po\u00e8tes disparus : Photo\" class=\"wp-image-241951\" src=\"https:\/\/www.europesays.com\/fr\/wp-content\/uploads\/2025\/12\/le-cercle-des-poetes-disparus-photo-1393849-630x419.jpg\" width=\"630\" height=\"419\"  \/><\/a>Le prof le plus iconique du cin\u00e9ma ?Une l\u00e9gende disparue<\/p>\n<p>Dans une interview accord\u00e9e \u00e0 CBS Sunday Morning, Ethan Hawke a longtemps discut\u00e9 avec la journaliste am\u00e9ricaine Tracy Smith. Les deux ont bien \u00e9videmment parl\u00e9 du <strong>Cercle des po\u00e8tes disparus<\/strong>, l\u2019un des premiers r\u00f4les de l\u2019acteur et l\u2019un des plus iconiques de Robin Williams. L\u2019occasion pour Hawke de partager son ressenti vis-\u00e0-vis de son coll\u00e8gue et mentor :<\/p>\n<blockquote class=\"wp-block-quote is-layout-flow wp-block-quote-is-layout-flow\">\n<p><strong>\u00ab Je savais \u00e0 quel point sa vie \u00e9motionnelle \u00e9tait complexe. Dans ma famille, il y a beaucoup de d\u00e9pression, et pour moi c\u2019\u00e9tait \u00e9vident que toute cette puissance, tout ce charisme avaient un prix. C\u2019\u00e9tait quelqu\u2019un d\u2019extr\u00eamement sensible, tr\u00e8s \u00e0 l\u2019\u00e9coute de l\u2019\u00e9nergie d\u2019une pi\u00e8ce. Il inventait des r\u00e9pliques, et tout le monde riait, tout le monde l\u2019encensait.<\/strong>\u00ab\u00a0<\/p>\n<\/blockquote>\n<p><a href=\"https:\/\/www.ecranlarge.com\/content\/uploads\/2025\/12\/hpzqhv8ca7j2dn2cphofymllxzj.jpg\" rel=\"nofollow noopener\" target=\"_blank\"><\/p>\n<p><img loading=\"lazy\" decoding=\"async\" alt=\"Cercle des po\u00e8tes disparus robin williams\" src=\"https:\/\/www.europesays.com\/fr\/wp-content\/uploads\/2025\/12\/hpzqhv8ca7j2dn2cphofymllxzj-1260x709.jpg\" width=\"1260\" height=\"709\"  \/><\/p>\n<p><\/a>Le roi Robin Williams <\/p>\n<p>Ethan Hawke a racont\u00e9 un moment tr\u00e8s pr\u00e9cis, et r\u00e9v\u00e9lateur selon lui :<\/p>\n<blockquote class=\"wp-block-quote is-layout-flow wp-block-quote-is-layout-flow\">\n<p><strong>\u00ab\u00a0[Mais une fois], je suis all\u00e9 me chercher un verre d\u2019eau, un bagel, un truc comme \u00e7a, et je l\u2019ai vu cach\u00e9 dans un petit coin. Il se cachait tout seul dans le noir. Et c\u2019est l\u00e0 que j\u2019ai compris. C\u2019\u00e9tait lourd pour lui. \u00c9reintant. [\u2026] <\/strong><\/p>\n<p><strong>Quand je regarde le film, je pense \u00e0 l\u2019esprit de l\u2019homme que j\u2019ai connu \u00e0 cette \u00e9poque, \u00e0 la force incroyable qu\u2019il d\u00e9gageait, et \u00e0 tout ce qu\u2019il a d\u00fb affronter dans sa t\u00eate pour nous, et pour les autres. Et j\u2019ai une admiration immense pour lui. \u00bb<\/strong><\/p>\n<\/blockquote>\n<p><a href=\"https:\/\/www.ecranlarge.com\/content\/uploads\/2021\/09\/le-cercle-des-poetes-disparus-photo-1393966.jpg\" rel=\"nofollow noopener\" target=\"_blank\"><img loading=\"lazy\" decoding=\"async\" alt=\"Le Cercle des po\u00e8tes disparus : photo\" class=\"wp-image-242034\" src=\"https:\/\/www.europesays.com\/fr\/wp-content\/uploads\/2025\/12\/le-cercle-des-poetes-disparus-photo-1393966-630x378.jpg\" width=\"630\" height=\"378\"  \/><\/a>Difficile de penser \u00e0 autre chose en voyant cette photo<\/p>\n<p>En plus de ce t\u00e9moignage sur la d\u00e9tresse psychologique de Robin Williams, l\u2019acteur de <strong>Bienvenue \u00e0 Gattaca<\/strong> et <strong>Before Sunrise<\/strong> a \u00e9galement racont\u00e9 qu\u2019il l\u2019avait inspir\u00e9 sur le tournage, notamment gr\u00e2ce \u00e0 ses nombreuses improvisations :<\/p>\n<blockquote class=\"wp-block-quote is-layout-flow wp-block-quote-is-layout-flow\">\n<p><strong>\u00ab Robin ne suivait pas le sc\u00e9nario. Et moi, je ne savais m\u00eame pas qu\u2019on pouvait faire \u00e7a. S\u2019il avait une id\u00e9e, il y allait, point. Il ne demandait pas la permission. Et \u00e7a m\u2019a vraiment ouvert une porte dans le cerveau, de voir qu\u2019on pouvait jouer comme \u00e7a. \u00bb<\/strong><\/p>\n<\/blockquote>\n<p>Le fait de reparler de la sant\u00e9 mentale de Robin Williams et de son suicide en 2014 pourrait (et devrait) servir \u00e0 sensibiliser sur la question, \u00e0 l\u2019heure o\u00f9 les conditions de travail et les revenus des sc\u00e9naristes et autres personnes derri\u00e8re la cam\u00e9ra du cin\u00e9ma sont particuli\u00e8rement fragiles. On compte en tout cas bien profiter des vacances d\u2019hiver pour revoir <strong>Le Cercle des po\u00e8tes disparus, film parfait pour pleurer sous un plaid.<\/strong><\/p>\n","protected":false},"excerpt":{"rendered":"Ethan Hawke raconte que m\u00eame si Robin Williams \u00e9tait lumineux lors du tournage du Cercle des po\u00e8tes disparus,&hellip;\n","protected":false},"author":2,"featured_media":598590,"comment_status":"","ping_status":"","sticky":false,"template":"","format":"standard","meta":{"footnotes":""},"categories":[1354],"tags":[58,59,1346,1011,27,1360],"class_list":{"0":"post-598589","1":"post","2":"type-post","3":"status-publish","4":"format-standard","5":"has-post-thumbnail","7":"category-films","8":"tag-divertissement","9":"tag-entertainment","10":"tag-films","11":"tag-fr","12":"tag-france","13":"tag-movies"},"share_on_mastodon":{"url":"https:\/\/pubeurope.com\/@fr\/115717728902790952","error":""},"_links":{"self":[{"href":"https:\/\/www.europesays.com\/fr\/wp-json\/wp\/v2\/posts\/598589","targetHints":{"allow":["GET"]}}],"collection":[{"href":"https:\/\/www.europesays.com\/fr\/wp-json\/wp\/v2\/posts"}],"about":[{"href":"https:\/\/www.europesays.com\/fr\/wp-json\/wp\/v2\/types\/post"}],"author":[{"embeddable":true,"href":"https:\/\/www.europesays.com\/fr\/wp-json\/wp\/v2\/users\/2"}],"replies":[{"embeddable":true,"href":"https:\/\/www.europesays.com\/fr\/wp-json\/wp\/v2\/comments?post=598589"}],"version-history":[{"count":0,"href":"https:\/\/www.europesays.com\/fr\/wp-json\/wp\/v2\/posts\/598589\/revisions"}],"wp:featuredmedia":[{"embeddable":true,"href":"https:\/\/www.europesays.com\/fr\/wp-json\/wp\/v2\/media\/598590"}],"wp:attachment":[{"href":"https:\/\/www.europesays.com\/fr\/wp-json\/wp\/v2\/media?parent=598589"}],"wp:term":[{"taxonomy":"category","embeddable":true,"href":"https:\/\/www.europesays.com\/fr\/wp-json\/wp\/v2\/categories?post=598589"},{"taxonomy":"post_tag","embeddable":true,"href":"https:\/\/www.europesays.com\/fr\/wp-json\/wp\/v2\/tags?post=598589"}],"curies":[{"name":"wp","href":"https:\/\/api.w.org\/{rel}","templated":true}]}}