{"id":598594,"date":"2025-12-14T11:41:11","date_gmt":"2025-12-14T11:41:11","guid":{"rendered":"https:\/\/www.europesays.com\/fr\/598594\/"},"modified":"2025-12-14T11:41:11","modified_gmt":"2025-12-14T11:41:11","slug":"sa-superbe-maison-de-campagne-dans-le-calvados","status":"publish","type":"post","link":"https:\/\/www.europesays.com\/fr\/598594\/","title":{"rendered":"sa superbe maison de campagne dans le Calvados"},"content":{"rendered":"<p class=\"p1\">R\u00e9gine restera \u00e0 jamais dans la m\u00e9moire collective<br \/>\ncomme la <strong>reine de la nuit parisienne<\/strong>. Au cours de<br \/>\nsa vie, celle qui est d\u00e9c\u00e9d\u00e9e \u00e0 l\u2019\u00e2ge de 92 ans a port\u00e9 diff\u00e9rentes<br \/>\ncasquettes : celle de la chanteuse, de l\u2019actrice, mais \u00e9galement<br \/>\ncelle de la cheffe d\u2019entreprise. Ces facettes ont permis \u00e0<br \/>\nl\u2019artiste de faire partie des personnalit\u00e9s les plus riches de<br \/>\nl\u2019Hexagone. Gr\u00e2ce \u00e0 sa fortune, cette derni\u00e8re a pu s\u2019offrir<br \/>\ndiverses demeures, <strong>dont cette maison de campagne dans le<br \/>\nCalvado<\/strong>s.<\/p>\n<p>R\u00e9gine a investi dans une magnifique r\u00e9sidence<br \/>\nsecondaire dans le Calvados<\/p>\n<p class=\"p1\">Il est toujours plus facile de <strong>s\u2019installer<br \/>\ndans les rues de la capitale<\/strong> pour se tenir au plus pr\u00e8s<br \/>\ndes opportunit\u00e9s professionnelles. N\u00e9anmoins, avec un emploi du<br \/>\ntemps plus que charg\u00e9, R\u00e9gine a ressenti le besoin de <strong>se<br \/>\nressourcer<\/strong> durant de nombreuses ann\u00e9es. C\u2019est donc tout<br \/>\nnaturellement que celle-ci a achet\u00e9 une <a href=\"https:\/\/www.lejournaldelamaison.fr\/le-journal-de-la-maison\/reportages-maisons\/maisons-reportages-maisons\/daniel-balavoine-sa-maison-familiale-en-normandie-la-ou-tout-a-commence-529846.html\" target=\"_blank\" rel=\"noopener\">belle demeure dans la r\u00e9gion<br \/>\nnormande<\/a>.<\/p>\n<p class=\"p1\">La chanteuse a jet\u00e9 son d\u00e9volu sur <strong>l\u2019un des<br \/>\nplus beaux territoires de l\u2019Hexagone<\/strong>. Proche de Paris,<br \/>\nmais suffisamment \u00e9loign\u00e9e pour offrir calme et s\u00e9r\u00e9nit\u00e9, cette<br \/>\n<a href=\"https:\/\/www.lejournaldelamaison.fr\/le-journal-de-la-maison\/reportages-maisons\/maisons-campagne\/juliette-armanet-marne-maison-campagne-hors-temps-527751.html\" target=\"_blank\" rel=\"noopener\">maison de campagne<\/a> dans le<br \/>\nCalvados lui a permis de profiter de la douceur de vivre normande.<br \/>\nIl y a plusieurs d\u00e9cennies, l\u2019artiste a craqu\u00e9 pour une r\u00e9sidence<br \/>\nsitu\u00e9e <strong>dans la ville d\u2019Englesqueville-en-Auge<\/strong>.<\/p>\n<p>Quelle est la ville de c\u0153ur de R\u00e9gine ?<\/p>\n<p class=\"p1\">Comme nous vous le disions pr\u00e9c\u00e9demment, R\u00e9gine s\u2019est<br \/>\ntoujours d\u00e9marqu\u00e9e de par ses nombreuses id\u00e9es. Celle-ci a \u00e9t\u00e9 \u00e0 la<br \/>\nt\u00eate de bon nombre de <strong>projets professionnels<\/strong>. Elle<br \/>\na notamment ouvert un \u00e9tablissement parisien en 1956 dans le<br \/>\nQuartier Latin.<\/p>\n<p class=\"p1\">Et la chanteuse a prolong\u00e9 le bonheur de ses fans en<br \/>\ncr\u00e9ant <strong>\u00ab Le R\u00e9gineska\u00efa \u00bb<\/strong> <a href=\"https:\/\/www.lejournaldelamaison.fr\/le-journal-de-la-maison\/piece-par-piece\/chambre\/belles-maisons-a-deauville-reperees-airbnb-208646.html\" target=\"_blank\" rel=\"noopener\">\u00e0 Deauville<\/a>, une extension de<br \/>\nson univers parisien. De quoi renforcer son image de la reine de la<br \/>\nnuit jusqu\u00a0\u00bben Normandie. C\u2019est donc cette <strong>ville tr\u00e8s<br \/>\npris\u00e9e<\/strong> des personnalit\u00e9s qui a \u00e9galement remport\u00e9 tous les<br \/>\nsuffrages de la business woman. R\u00e9gine y a accueilli de nombreux<br \/>\namis, dont des stars comme Johnny Hallyday et Serge Gainsbourg. Ils<br \/>\nont pu s&rsquo;y cr\u00e9er de beaux souvenirs.<\/p>\n<blockquote class=\"tiktok-embed\" cite=\"https:\/\/www.tiktok.com\/@mireilledumasofficiel\/video\/7470919182196968726\" data-video-id=\"7470919182196968726\" data-embed-from=\"oembed\" style=\"max-width:605px; min-width:325px;\"><p>\n<a target=\"_blank\" title=\"@mireilledumasofficiel\" href=\"https:\/\/www.tiktok.com\/@mireilledumasofficiel?refer=embed\" rel=\"noopener\">@mireilledumasofficiel<\/a><\/p>\n<p>La relation complexe de R\u00e9gine avec son fils Lionel. T\u00eate \u00e0 T\u00eate<br \/>\navec la star de la nuit sur le plateau de Vie priv\u00e9e, Vie publique<br \/>\nen 2010. <a title=\"regine\" target=\"_blank\" href=\"https:\/\/www.tiktok.com\/tag\/regine?refer=embed\" rel=\"noopener\">#regine<\/a><br \/>\n<a title=\"relationmerefils\" target=\"_blank\" href=\"https:\/\/www.tiktok.com\/tag\/relationmerefils?refer=embed\" rel=\"noopener\">#relationmerefils<\/a><br \/>\n<a title=\"merefils\" target=\"_blank\" href=\"https:\/\/www.tiktok.com\/tag\/merefils?refer=embed\" rel=\"noopener\">#merefils<\/a><\/p>\n<p><a target=\"_blank\" title=\"\u266c son original - Mireille Dumas\" href=\"https:\/\/www.tiktok.com\/music\/son-original-7470919179987241750?refer=embed\" rel=\"noopener\"><br \/>\n\u266c son original &#8211; Mireille Dumas<\/a><\/p>\n<\/blockquote>\n<p>R\u00e9gine a aussi pos\u00e9 ses valises dans<br \/>\nun appartement de la capitale<\/p>\n<p class=\"p1\">Une multitude de souvenirs a aussi \u00e9t\u00e9 cr\u00e9\u00e9e dans<br \/>\nl\u2019appartement parisien de la com\u00e9dienne. En plus de sa maison dans<br \/>\nle Calvados, <a href=\"https:\/\/www.lejournaldelamaison.fr\/le-journal-de-la-maison\/reportages-maisons\/deces-de-regine-appartement-parisien-ou-residait-chanteuse-comedienne-391187.html\" target=\"_blank\" rel=\"noopener\">R\u00e9gine<\/a> a aussi v\u00e9cu dans un<br \/>\nlogement du <strong>8\u00e8me arrondissement de Paris<\/strong>. Une<br \/>\n<strong>demeure \u00e0 son image<\/strong> comme le montrent les \u00e9l\u00e9ments<br \/>\nde sa d\u00e9coration. Ces derniers ont \u00e9t\u00e9 choisis <strong>dans des<br \/>\ntons chauds<\/strong>.<\/p>\n<p class=\"p1\">Dans un entretien accord\u00e9 au magazine Paris<br \/>\nMatch, R\u00e9gine avait d\u00e9voil\u00e9 les <strong>coulisses de cet<br \/>\nint\u00e9rieur<\/strong> tr\u00e8s particulier. De nombreux bibelots et<br \/>\nsouvenirs y \u00e9taient entrepos\u00e9s dans chacune des pi\u00e8ces de son<br \/>\nappartement. C\u00f4t\u00e9 couleur, la chanteuse avait opt\u00e9 pour <strong>des<br \/>\nnuances marron, rouges ou encore taupe<\/strong>.<\/p>\n<p><script async src=\"\/\/www.tiktok.com\/embed.js\"><\/script><\/p>\n","protected":false},"excerpt":{"rendered":"R\u00e9gine restera \u00e0 jamais dans la m\u00e9moire collective comme la reine de la nuit parisienne. Au cours de&hellip;\n","protected":false},"author":2,"featured_media":598595,"comment_status":"","ping_status":"","sticky":false,"template":"","format":"standard","meta":{"footnotes":""},"categories":[8],"tags":[13041,16266,4255,13763,8851,3226,1805,58,3170,3026,71121,59,1011,27,71124,70997,7093,71123,2142,10650,71122,47319,71120,10649,58987,2407,9066],"class_list":{"0":"post-598594","1":"post","2":"type-post","3":"status-publish","4":"format-standard","5":"has-post-thumbnail","7":"category-divertissement","8":"tag-a","9":"tag-amis","10":"tag-ancien","11":"tag-auge","12":"tag-avait","13":"tag-campagne","14":"tag-de","15":"tag-divertissement","16":"tag-elle","17":"tag-en","18":"tag-englesqueville","19":"tag-entertainment","20":"tag-fr","21":"tag-france","22":"tag-gainsbourg","23":"tag-hallyday","24":"tag-johnny","25":"tag-lhabitude","26":"tag-maison","27":"tag-ou","28":"tag-presbytere","29":"tag-recevoir","30":"tag-regine","31":"tag-sa","32":"tag-serge","33":"tag-ses","34":"tag-un"},"share_on_mastodon":{"url":"https:\/\/pubeurope.com\/@fr\/115717740061161937","error":""},"_links":{"self":[{"href":"https:\/\/www.europesays.com\/fr\/wp-json\/wp\/v2\/posts\/598594","targetHints":{"allow":["GET"]}}],"collection":[{"href":"https:\/\/www.europesays.com\/fr\/wp-json\/wp\/v2\/posts"}],"about":[{"href":"https:\/\/www.europesays.com\/fr\/wp-json\/wp\/v2\/types\/post"}],"author":[{"embeddable":true,"href":"https:\/\/www.europesays.com\/fr\/wp-json\/wp\/v2\/users\/2"}],"replies":[{"embeddable":true,"href":"https:\/\/www.europesays.com\/fr\/wp-json\/wp\/v2\/comments?post=598594"}],"version-history":[{"count":0,"href":"https:\/\/www.europesays.com\/fr\/wp-json\/wp\/v2\/posts\/598594\/revisions"}],"wp:featuredmedia":[{"embeddable":true,"href":"https:\/\/www.europesays.com\/fr\/wp-json\/wp\/v2\/media\/598595"}],"wp:attachment":[{"href":"https:\/\/www.europesays.com\/fr\/wp-json\/wp\/v2\/media?parent=598594"}],"wp:term":[{"taxonomy":"category","embeddable":true,"href":"https:\/\/www.europesays.com\/fr\/wp-json\/wp\/v2\/categories?post=598594"},{"taxonomy":"post_tag","embeddable":true,"href":"https:\/\/www.europesays.com\/fr\/wp-json\/wp\/v2\/tags?post=598594"}],"curies":[{"name":"wp","href":"https:\/\/api.w.org\/{rel}","templated":true}]}}