{"id":598598,"date":"2025-12-14T11:43:17","date_gmt":"2025-12-14T11:43:17","guid":{"rendered":"https:\/\/www.europesays.com\/fr\/598598\/"},"modified":"2025-12-14T11:43:17","modified_gmt":"2025-12-14T11:43:17","slug":"taxation-des-petits-colis-dans-lunion-europeenne-la-note-pourrait-etre-bien-superieure-aux-trois-euros-actualites","status":"publish","type":"post","link":"https:\/\/www.europesays.com\/fr\/598598\/","title":{"rendered":"Taxation des petits colis dans l&rsquo;Union europ\u00e9enne : la note pourrait \u00eatre bien sup\u00e9rieure aux trois euros : Actualit\u00e9s"},"content":{"rendered":"<p class=\"lead \"><strong>\u00c0 partir du 1er juillet 2026, les petits colis import\u00e9s dans l&rsquo;Union europ\u00e9enne seront tax\u00e9s \u00e0 hauteur de trois euros. Une note qui pourrait s&rsquo;av\u00e9rer bien plus sal\u00e9e que pr\u00e9vue, et ce, en fonction du contenu de chaque colis. Une mesure fiscale qui vise \u00e0 lutter contre la concurrence d\u00e9loyale et le flux de produits chinois.<\/strong><\/p>\n<p class=\"lead \"> Plus que six mois avant que vos petits colis ne se fassent taxer par l&rsquo;Union europ\u00e9enne ? Vendredi 13 d\u00e9cembre, les \u00c9tats de l&rsquo;Union ont en effet convenu d&rsquo;une taxe sur les petits colis en vue de contrer l&rsquo;afflux massif de produits chinois sur le march\u00e9 europ\u00e9en. Cette taxe de trois euros n&rsquo;est qu&rsquo;un minimum. Elle s&rsquo;appliquera \u00e0 partir du 1er juillet 2026, rapporte <a href=\"https:\/\/www.huffingtonpost.fr\/economie\/article\/la-nouvelle-taxe-sur-les-petits-colis-importes-dans-l-union-europeenne-pourra-couter-bien-plus-que-3-euros_258190.html\" target=\"_blank\" rel=\"noopener\">Le Huffington Post<\/a>. <\/p>\n<p class=\"lead \">D&rsquo;apr\u00e8s le Conseil : \u00ab\u00a0Cette mesure temporaire r\u00e9pond au fait qu\u2019actuellement, ces colis sont import\u00e9s dans l\u2019UE sans subir de droits de douane\u00a0\u00bb, indiquent les 27. \u00ab\u00a0Ce qui entra\u00eene une concurrence d\u00e9loyale pour les vendeurs europ\u00e9ens, des risques pour la sant\u00e9 et la s\u00e9curit\u00e9 des consommateurs, des niveaux \u00e9lev\u00e9s de fraude et des inqui\u00e9tudes pour l\u2019environnement.\u00a0\u00bb Mais la somme pourrait bien augmenter si les \u00ab\u00a0petits\u00a0\u00bb colis contiennent plusieurs produits.<\/p>\n<p>                                                                                                Lutter contre la concurrence d\u00e9loyale<\/p>\n<p class=\"lead \">En revanche, si le colis contient plusieurs fois le m\u00eame article, la taxe ne s&rsquo;appliquera qu&rsquo;une fois. Les ministres des Finances europ\u00e9ens, tous r\u00e9unis, ont en effet approuv\u00e9 la suppression de cette exon\u00e9ration de droits de douane dont b\u00e9n\u00e9ficient les colis de petite taille. Shein, Temu ou AliExpress sont ainsi dans le viseur des douanes europ\u00e9ennes. Une mani\u00e8re de lutter contre ce qui appara\u00eet comme une forme de concurrence d\u00e9loyale.<\/p>\n<p class=\"lead \">Du c\u00f4t\u00e9 fran\u00e7ais, le ministre de l&rsquo;\u00c9conomie a approuv\u00e9 et indique : \u00ab\u00a0l&rsquo;instauration d&rsquo;un montant forfaitaire sur les petits colis est une victoire majeure pour l&rsquo;Union europ\u00e9enne\u00a0\u00bb, rapporte Roland Lescure. Mais la taxation des petits colis n&rsquo;est qu&rsquo;un d\u00e9but et devrait s&rsquo;accompagner de nouvelles mesures, notamment en novembre 2026, de frais de traitement sur ces m\u00eames colis.<\/p>\n<p class=\"small font-weight-bold text-gray3 \"> publi\u00e9 le 14 d\u00e9cembre \u00e0 10h03, Gabriel Gadr\u00e9, 6Medias <\/p>\n<p>                             Partager<\/p>\n","protected":false},"excerpt":{"rendered":"\u00c0 partir du 1er juillet 2026, les petits colis import\u00e9s dans l&rsquo;Union europ\u00e9enne seront tax\u00e9s \u00e0 hauteur de&hellip;\n","protected":false},"author":2,"featured_media":598599,"comment_status":"","ping_status":"","sticky":false,"template":"","format":"standard","meta":{"footnotes":""},"categories":[6],"tags":[35,33,34,1011,27],"class_list":{"0":"post-598598","1":"post","2":"type-post","3":"status-publish","4":"format-standard","5":"has-post-thumbnail","7":"category-economie","8":"tag-business","9":"tag-economie","10":"tag-economy","11":"tag-fr","12":"tag-france"},"share_on_mastodon":{"url":"https:\/\/pubeurope.com\/@fr\/115717747832388816","error":""},"_links":{"self":[{"href":"https:\/\/www.europesays.com\/fr\/wp-json\/wp\/v2\/posts\/598598","targetHints":{"allow":["GET"]}}],"collection":[{"href":"https:\/\/www.europesays.com\/fr\/wp-json\/wp\/v2\/posts"}],"about":[{"href":"https:\/\/www.europesays.com\/fr\/wp-json\/wp\/v2\/types\/post"}],"author":[{"embeddable":true,"href":"https:\/\/www.europesays.com\/fr\/wp-json\/wp\/v2\/users\/2"}],"replies":[{"embeddable":true,"href":"https:\/\/www.europesays.com\/fr\/wp-json\/wp\/v2\/comments?post=598598"}],"version-history":[{"count":0,"href":"https:\/\/www.europesays.com\/fr\/wp-json\/wp\/v2\/posts\/598598\/revisions"}],"wp:featuredmedia":[{"embeddable":true,"href":"https:\/\/www.europesays.com\/fr\/wp-json\/wp\/v2\/media\/598599"}],"wp:attachment":[{"href":"https:\/\/www.europesays.com\/fr\/wp-json\/wp\/v2\/media?parent=598598"}],"wp:term":[{"taxonomy":"category","embeddable":true,"href":"https:\/\/www.europesays.com\/fr\/wp-json\/wp\/v2\/categories?post=598598"},{"taxonomy":"post_tag","embeddable":true,"href":"https:\/\/www.europesays.com\/fr\/wp-json\/wp\/v2\/tags?post=598598"}],"curies":[{"name":"wp","href":"https:\/\/api.w.org\/{rel}","templated":true}]}}