{"id":598600,"date":"2025-12-14T11:44:16","date_gmt":"2025-12-14T11:44:16","guid":{"rendered":"https:\/\/www.europesays.com\/fr\/598600\/"},"modified":"2025-12-14T11:44:16","modified_gmt":"2025-12-14T11:44:16","slug":"anthony-albanese-denonce-un-acte-dantisemitisme-terrifique-onze-morts-et-une-trentaine-de-blesses-selon-un-nouveau-bilan","status":"publish","type":"post","link":"https:\/\/www.europesays.com\/fr\/598600\/","title":{"rendered":"Anthony Albanese d\u00e9nonce un \u00ab\u00a0acte d\u2019antis\u00e9mitisme terrifique\u00a0\u00bb, onze morts et une trentaine de bless\u00e9s selon un nouveau bilan"},"content":{"rendered":"<p>                      <img loading=\"lazy\" decoding=\"async\" src=\"https:\/\/www.europesays.com\/fr\/wp-content\/uploads\/2025\/12\/7018c53_ftp-1-zr0pagogqv0l-5676558-01-06.jpg\" alt=\"Une \u00e9quipe de secours transporte une femme bless\u00e9e, \u00e0 Sydney, dimanche 14\u00a0d\u00e9cembre 2025.\"   width=\"664\" height=\"443\"\/>    Une \u00e9quipe de secours transporte une femme bless\u00e9e, \u00e0 Sydney, dimanche 14\u00a0d\u00e9cembre 2025.  SAEED KHAN \/ AFP                          <\/p>\n<p class=\"article__paragraph  \">Onze personnes, dont un tireur pr\u00e9sum\u00e9, ont \u00e9t\u00e9 tu\u00e9es dans une fusillade sur la c\u00e9l\u00e8bre plage de Bondi, \u00e0 Sydney, en Australie, o\u00f9 se d\u00e9roulait une f\u00eate juive \u00e0 l\u2019occasion des c\u00e9l\u00e9brations de Hanoukka. Selon la police, au moins 29\u00a0personnes ont par ailleurs \u00e9t\u00e9 bless\u00e9es, dont deux policiers.<\/p>\n<p class=\"article__paragraph  \">Le dirigeant de l\u2019Etat de Nouvelle-Galles-du-Sud, Chris Minns, a qualifi\u00e9 les faits \u00ab\u00a0d\u2019attaque terroriste\u00a0\u00bb\u00a0visant la communaut\u00e9 juive, un terme repris par le premier ministre australien, Anthony Albanese, \u00e0 l\u2019occasion d\u2019une allocution t\u00e9l\u00e9vis\u00e9e dans la soir\u00e9e. Il s\u2019agit d\u2019une \u00ab\u00a0attaque cibl\u00e9e contre les juifs australiens\u00a0\u00bb, un \u00ab\u00a0acte d\u2019antis\u00e9mitisme terrifique \u00bb, a-t-il notamment d\u00e9clar\u00e9. \u00ab\u00a0Nous allons \u00e9radiquer ce mal (\u2026) Nous allons aider nos compatriotes juifs pendant cette p\u00e9riode t\u00e9n\u00e8bre pour notre nation\u00a0\u00bb, a poursuivi M. Albanese.<\/p>\n<p>                    Une \u00ab\u00a0trag\u00e9die\u00a0\u00bb \u00ab\u00a0tout \u00e0 fait pr\u00e9visible\u00a0\u00bb                    <\/p>\n<p class=\"article__paragraph  \">Sur la plage avait lieu, dimanche, <a href=\"https:\/\/events.humanitix.com\/chanukah-by-the-sea-2025\" target=\"_blank\" rel=\"noopener\" title=\"Nouvelle fen\u00eatre\">un festival annuel pour la f\u00eate juive de Hanoukka<\/a> invitant les participants \u00e0 \u00ab\u00a0c\u00e9l\u00e9bre[r] la vie juive en illuminant l\u2019embl\u00e9matique plage de Bondi\u00a0\u00bb. Le chef de l\u2019Association juive australienne, Robert Gregory, a qualifi\u00e9 cette attaque de \u00ab\u00a0trag\u00e9die\u00a0\u00bb, estimant qu\u2019elle \u00e9tait \u00ab\u00a0tout \u00e0 fait pr\u00e9visible\u00a0\u00bb. Les autorit\u00e9s australiennes n\u2019ont pas confirm\u00e9 officiellement que l\u2019attaque visait sp\u00e9cifiquement la communaut\u00e9 juive, mais M.\u00a0Gregory a jug\u00e9 aupr\u00e8s de l\u2019Agence France-Presse (AFP) que le gouvernement avait \u00ab\u00a0\u00e9t\u00e9 averti \u00e0 maintes reprises, mais n\u2019[avait] pas pris les mesures ad\u00e9quates pour prot\u00e9ger la communaut\u00e9 juive\u00a0\u00bb.<\/p>\n<p class=\"article__paragraph  \">Le pr\u00e9sident isra\u00e9lien, Isaac Herzog, a condamn\u00e9 cette fusillade, demandant \u00e0 l\u2019Australie de lutter davantage contre l\u2019antis\u00e9mitisme. \u00ab\u00a0En ce moment m\u00eame, nos fr\u00e8res et s\u0153urs de Sydney, en Australie, ont \u00e9t\u00e9 attaqu\u00e9s par d\u2019ignobles terroristes dans une attaque tr\u00e8s cruelle contre des juifs qui s\u2019\u00e9taient rendus \u00e0 la plage de Bondi pour allumer la premi\u00e8re bougie de Hanoukka\u00a0\u00bb, a-t-il d\u00e9clar\u00e9 dans un discours prononc\u00e9 lors d\u2019un \u00e9v\u00e9nement \u00e0 J\u00e9rusalem.<\/p>\n<p class=\"article__paragraph  \">Un t\u00e9moin, un touriste britannique, a racont\u00e9 \u00e0 l\u2019AFP avoir vu \u00ab\u00a0deux tireurs v\u00eatus de noir\u00a0\u00bb sur cette plage. \u00ab\u00a0Il y a eu une fusillade, deux tireurs v\u00eatus de noir et arm\u00e9s de fusils semi-automatiques\u00a0\u00bb, a d\u00e9clar\u00e9 Timothy Brant-Coles, ajoutant avoir vu aussi plusieurs personnes bless\u00e9es par balle.<\/p>\n<p class=\"article__paragraph  \">Selon le journal Sydney Morning Herald, un tireur pr\u00e9sum\u00e9 a \u00e9t\u00e9 atteint par balle par la police et un autre a \u00e9t\u00e9 arr\u00eat\u00e9. Situ\u00e9e dans l\u2019est de Sydney, Bondi est la plage la plus c\u00e9l\u00e8bre d\u2019Australie et attire un grand nombre de touristes, de surfeurs et de nageurs, tout particuli\u00e8rement durant les week-ends.<\/p>\n<p class=\"author__detail\">  Le Monde avec AFP  <\/p>\n<p>                <a href=\"https:\/\/www.lemonde.fr\/syndication\/\" class=\"reuse__content\" title=\"R\u00e9utiliser ce contenu\" target=\"_blank\" rel=\"noopener\">R\u00e9utiliser ce contenu<\/a>      <\/p>\n","protected":false},"excerpt":{"rendered":"Une \u00e9quipe de secours transporte une femme bless\u00e9e, \u00e0 Sydney, dimanche 14\u00a0d\u00e9cembre 2025. SAEED KHAN \/ AFP Onze&hellip;\n","protected":false},"author":2,"featured_media":598601,"comment_status":"","ping_status":"","sticky":false,"template":"","format":"standard","meta":{"footnotes":""},"categories":[5],"tags":[11,1011,27,14,12,28],"class_list":{"0":"post-598600","1":"post","2":"type-post","3":"status-publish","4":"format-standard","5":"has-post-thumbnail","7":"category-international","8":"tag-actualites","9":"tag-fr","10":"tag-france","11":"tag-international","12":"tag-news","13":"tag-world"},"share_on_mastodon":{"url":"https:\/\/pubeurope.com\/@fr\/115717753041638785","error":""},"_links":{"self":[{"href":"https:\/\/www.europesays.com\/fr\/wp-json\/wp\/v2\/posts\/598600","targetHints":{"allow":["GET"]}}],"collection":[{"href":"https:\/\/www.europesays.com\/fr\/wp-json\/wp\/v2\/posts"}],"about":[{"href":"https:\/\/www.europesays.com\/fr\/wp-json\/wp\/v2\/types\/post"}],"author":[{"embeddable":true,"href":"https:\/\/www.europesays.com\/fr\/wp-json\/wp\/v2\/users\/2"}],"replies":[{"embeddable":true,"href":"https:\/\/www.europesays.com\/fr\/wp-json\/wp\/v2\/comments?post=598600"}],"version-history":[{"count":0,"href":"https:\/\/www.europesays.com\/fr\/wp-json\/wp\/v2\/posts\/598600\/revisions"}],"wp:featuredmedia":[{"embeddable":true,"href":"https:\/\/www.europesays.com\/fr\/wp-json\/wp\/v2\/media\/598601"}],"wp:attachment":[{"href":"https:\/\/www.europesays.com\/fr\/wp-json\/wp\/v2\/media?parent=598600"}],"wp:term":[{"taxonomy":"category","embeddable":true,"href":"https:\/\/www.europesays.com\/fr\/wp-json\/wp\/v2\/categories?post=598600"},{"taxonomy":"post_tag","embeddable":true,"href":"https:\/\/www.europesays.com\/fr\/wp-json\/wp\/v2\/tags?post=598600"}],"curies":[{"name":"wp","href":"https:\/\/api.w.org\/{rel}","templated":true}]}}