{"id":598606,"date":"2025-12-14T11:49:18","date_gmt":"2025-12-14T11:49:18","guid":{"rendered":"https:\/\/www.europesays.com\/fr\/598606\/"},"modified":"2025-12-14T11:49:18","modified_gmt":"2025-12-14T11:49:18","slug":"on-vous-explique-pourquoi-les-dirigeants-associatifs-ont-ete-relaxes","status":"publish","type":"post","link":"https:\/\/www.europesays.com\/fr\/598606\/","title":{"rendered":"on vous explique pourquoi les dirigeants associatifs ont \u00e9t\u00e9 relax\u00e9s"},"content":{"rendered":"<p>Au proc\u00e8s, ils faisaient presque piti\u00e9. Robert et Nicole Giacomel, responsables de France-Lettonie. Philippe Buil et Chantal Sabatier, aux commandes de l\u2019<a href=\"https:\/\/www.leprogres.fr\/p\/agap\" target=\"_blank\" rel=\"noopener\">Agap<\/a> (Artistes de la galerie Art pluriel). Quatre dirigeants d\u2019associations propuls\u00e9s dans un monde qui n\u2019est pas vraiment le leur.<\/p>\n<p>Assis au banc d\u2019infamie aux c\u00f4t\u00e9s des \u00ab ex \u00bb : le d\u00e9sormais ex-maire de Saint-Etienne, l\u2019ex-directeur de cabinet, l\u2019ex-adjoint \u00e0 l\u2019\u00c9ducation. Et risquant dans la vilaine histoire jusqu\u2019\u00e0 cinq ans de prison et 375 000 euros d\u2019amende pour abus de confiance.<\/p>\n<p>Le caillou dans leur chaussure, c\u2019est la subvention de 20 000 euros que leurs structures respectives ont chacune per\u00e7ue, soit 40 000 euros au total. Les sous n\u2019ont profit\u00e9 ni \u00e0 la r\u00e9publique balte, ni \u00e0 l\u2019art contemporain avec ou sans foire internationale : c\u2019est <a href=\"https:\/\/www.leprogres.fr\/p\/gilles-rossary-lenglet\" target=\"_blank\" rel=\"noopener\">Gilles Rossary-Lenglet<\/a> qui les a empoch\u00e9s pour avoir r\u00e9alis\u00e9 le barbouzage de <a href=\"https:\/\/www.leprogres.fr\/p\/gilles-artigues\" target=\"_blank\" rel=\"noopener\">Gilles Artigues<\/a>.<\/p>\n<p>L\u2019argent des St\u00e9phanois pour financer une sextape\u2026 Voil\u00e0 de quoi constituer le d\u00e9tournement (ou complicit\u00e9 ou recel) de fonds publics pour lequel <a href=\"https:\/\/www.leprogres.fr\/faits-divers-justice\/2025\/12\/12\/il-faudrait-imaginer-qu-il-ne-dirige-rien-pourquoi-perdriau-a-ete-condamne\" target=\"_blank\" rel=\"noopener\">le quatuor Perdriau\/Gauttieri\/Rossary-Lenglet\/K\u00e9fi-J\u00e9r\u00f4me a \u00e9t\u00e9 condamn\u00e9<\/a>.<\/p>\n<p>  Les dirigeants \u00ab ignoraient tout du projet de kompromat \u00bb<\/p>\n<p>Les dirigeants d\u2019association ont-ils accept\u00e9 en connaissance de cause de jouer les \u00ab bo\u00eetes aux lettres \u00bb ? Au proc\u00e8s, la procureure a rejet\u00e9 cette hypoth\u00e8se en proposant une relaxe au b\u00e9n\u00e9fice du doute. C\u2019est dans le sens de cette relaxe qu\u2019est all\u00e9 le tribunal correctionnel de Lyon, en estimant que les int\u00e9ress\u00e9s \u00ab ignoraient tout du projet de kompromat \u00bb. La \u00ab conscience et l\u2019intention de commettre un acte frauduleux \u00bb ne sont pas \u00e9tablies, il n\u2019y a pas d\u2019infraction d\u2019abus de confiance.<\/p>\n<p>Pour les magistrats, Gilles Rossary-Lenglet \u00e9tait devenu \u00ab l\u2019ami \u00bb des deux couples, et \u00ab partageait avec eux l\u2019ambition de d\u00e9velopper les activit\u00e9s de leurs associations \u00bb. Concernant les \u00e9poux Giacomel, les juges ont estim\u00e9 \u00ab qu\u2019ils \u00e9taient sans doute soulag\u00e9s \u00e0 l\u2019id\u00e9e que la demande de subvention leur \u00e9vite cette d\u00e9pense (financer les services rendus par Gilles Rossary, NDLR) et qu\u2019ils s\u2019en remettaient compl\u00e8tement aux d\u00e9marches qu\u2019il proposait d\u2019accomplir \u00e0 leur place \u00bb.<\/p>\n<p>Le tribunal pr\u00e9cise que \u00ab Gilles Rossary-Lenglet, que chacun d\u00e9crit comme brillant, s\u00e9ducteur, entreprenant, voire manipulateur, d\u00e9veloppait une force de persuasion suffisante \u00e0 l\u2019\u00e9gard des pr\u00e9venus \u00bb.<\/p>\n<p>  \u00ab L\u2019entregent \u00bb de Gilles Rossary-Lenglet<\/p>\n<p>Le raisonnement est similaire pour le couple Buil\/Sabatier. \u00ab Il leur a \u00e9t\u00e9 soumis l\u2019id\u00e9e d\u2019obtenir des fonds suppl\u00e9mentaires, vers\u00e9s par la mairie, \u00e0 condition de cr\u00e9er une association. La rencontre avec l\u2019adjoint \u00e0 la Culture <a href=\"https:\/\/www.leprogres.fr\/p\/marc-chassaubene\" target=\"_blank\" rel=\"noopener\">Marc Chassaub\u00e9n\u00e9<\/a> a confirm\u00e9 cette possibilit\u00e9. Ils ne pouvaient donc que souhaiter l\u2019apport de ce soutien financier favorable \u00e0 leur projet, d\u2019autant plus qu\u2019ils connaissaient l\u2019entregent de Gilles Rossary-Lenglet et pouvaient s\u2019en remettre compl\u00e8tement \u00e0 lui pour accomplir toutes les d\u00e9marches \u00e0 leur place \u00bb.<\/p>\n<p>Les juges leur font m\u00eame \u00ab cadeau \u00bb d\u2019un r\u00e9sidu de 4 000 euros qui n\u2019a b\u00e9n\u00e9fici\u00e9 ni \u00e0 Gilles Rossary-Lenglet, ni directement \u00e0 l\u2019Agap. La justice est pass\u00e9e : les malfaiteurs n\u2019\u00e9taient pas dans les associations.<\/p>\n<p class=\"note\">Les juges lyonnais ayant d\u00e9bout\u00e9 la Ville de Saint-Etienne, qui avait demand\u00e9 \u00e0 \u00eatre rembours\u00e9e de ces 40 000 euros au titre de son pr\u00e9judice mat\u00e9riel, la commune a annonc\u00e9 son intention de faire appel du jugement. L\u2019association Anticor formera \u00e9galement un appel lundi.<\/p>\n","protected":false},"excerpt":{"rendered":"Au proc\u00e8s, ils faisaient presque piti\u00e9. Robert et Nicole Giacomel, responsables de France-Lettonie. Philippe Buil et Chantal Sabatier,&hellip;\n","protected":false},"author":2,"featured_media":598607,"comment_status":"","ping_status":"","sticky":false,"template":"","format":"standard","meta":{"footnotes":""},"categories":[9653],"tags":[1111,11,42797,2430,271,272,7539,1777,674,274,107,1011,27,3367,12,25,4001,7538],"class_list":{"0":"post-598606","1":"post","2":"type-post","3":"status-publish","4":"format-standard","5":"has-post-thumbnail","7":"category-saint-etienne","8":"tag-actu","9":"tag-actualites","10":"tag-affaire-perdriau","11":"tag-auvergne-rhone-alpes","12":"tag-crime","13":"tag-delit-et-contravention","14":"tag-edition-loire-sud","15":"tag-eu","16":"tag-europe","17":"tag-faits-divers-justice","18":"tag-fil-info","19":"tag-fr","20":"tag-france","21":"tag-loire","22":"tag-news","23":"tag-republique-francaise","24":"tag-saint-etienne","25":"tag-saint-etienne-ville"},"share_on_mastodon":{"url":"https:\/\/pubeurope.com\/@fr\/115717771313995047","error":""},"_links":{"self":[{"href":"https:\/\/www.europesays.com\/fr\/wp-json\/wp\/v2\/posts\/598606","targetHints":{"allow":["GET"]}}],"collection":[{"href":"https:\/\/www.europesays.com\/fr\/wp-json\/wp\/v2\/posts"}],"about":[{"href":"https:\/\/www.europesays.com\/fr\/wp-json\/wp\/v2\/types\/post"}],"author":[{"embeddable":true,"href":"https:\/\/www.europesays.com\/fr\/wp-json\/wp\/v2\/users\/2"}],"replies":[{"embeddable":true,"href":"https:\/\/www.europesays.com\/fr\/wp-json\/wp\/v2\/comments?post=598606"}],"version-history":[{"count":0,"href":"https:\/\/www.europesays.com\/fr\/wp-json\/wp\/v2\/posts\/598606\/revisions"}],"wp:featuredmedia":[{"embeddable":true,"href":"https:\/\/www.europesays.com\/fr\/wp-json\/wp\/v2\/media\/598607"}],"wp:attachment":[{"href":"https:\/\/www.europesays.com\/fr\/wp-json\/wp\/v2\/media?parent=598606"}],"wp:term":[{"taxonomy":"category","embeddable":true,"href":"https:\/\/www.europesays.com\/fr\/wp-json\/wp\/v2\/categories?post=598606"},{"taxonomy":"post_tag","embeddable":true,"href":"https:\/\/www.europesays.com\/fr\/wp-json\/wp\/v2\/tags?post=598606"}],"curies":[{"name":"wp","href":"https:\/\/api.w.org\/{rel}","templated":true}]}}