{"id":598636,"date":"2025-12-14T12:07:11","date_gmt":"2025-12-14T12:07:11","guid":{"rendered":"https:\/\/www.europesays.com\/fr\/598636\/"},"modified":"2025-12-14T12:07:11","modified_gmt":"2025-12-14T12:07:11","slug":"de-la-terre-aux-etoiles-le-festival-dastronomie-du-10-au-25-janvier-a-nantes","status":"publish","type":"post","link":"https:\/\/www.europesays.com\/fr\/598636\/","title":{"rendered":"De la terre aux \u00e9toiles, le festival d\u2019astronomie du 10 au 25\u00a0janvier \u00e0 Nantes"},"content":{"rendered":"<p><a href=\"https:\/\/nantes.maville.com\/info\/info-locale\/nantes-organise-son-premier-festival-dastronomie-en-janvier-2024-42816d1a-9db8-11ee-8057-8c97a280e4e6#:~:text=Nantes-,Nantes%20organise%20son%20premier%20festival%20d&#039;astronomie%20en%20janvier%202024,De%20la%20Terre%20aux%20%C3%A9toiles.&amp;text=Roberte%20JOURDON.\" target=\"_self\" rel=\"noopener\">Le festival d\u2019astronomie<\/a> est une initiative collective du Plan\u00e9tarium de Nantes, de la soci\u00e9t\u00e9 d\u2019astronomie de Nantes, du laboratoire de plan\u00e9tologie et G\u00e9osciences (CNRS Nantes Universit\u00e9) et de l\u2019association m\u00e9ridienne. Consid\u00e9rant le succ\u00e8s de la premi\u00e8re \u00e9dition, avec quelque 7\u00a0000\u00a0festivaliers, la deuxi\u00e8me \u00e9dition sera organis\u00e9e du samedi\u00a010 au dimanche 25\u00a0janvier 2026 dans la m\u00e9tropole nantaise et invitera \u00e0 voyager au rythme des regards \u00ab\u00a0de la terre aux \u00e9toiles\u00a0\u00bb.<\/p>\n<p>Ce festival est destin\u00e9 au grand public avec au programme, observation du ciel, conf\u00e9rences, expositions, films. \u00ab\u00a0<strong>Il va explorer comment nos regards, scientifiques, artistiques, litt\u00e9raires et philosophiques permettent de contempler le ciel et de mieux comprendre l\u2019univers\u00a0\u00bb,<\/strong> indiquent les organisateurs. Ils souhaitent partager les connaissances actuelles et leur passion pour l\u2019astronomie et, pourquoi pas, susciter des vocations aupr\u00e8s du jeune public.<\/p>\n<p> <strong>Contact. <\/strong> <a href=\"https:\/\/festivaldelaterreauxetoiles.fr\/\" target=\"_blank\" rel=\"noopener\"> festivaldelaterreauxetoiles.fr<\/a> <\/p>\n<p>\u00a0<\/p>\n","protected":false},"excerpt":{"rendered":"Le festival d\u2019astronomie est une initiative collective du Plan\u00e9tarium de Nantes, de la soci\u00e9t\u00e9 d\u2019astronomie de Nantes, du&hellip;\n","protected":false},"author":2,"featured_media":598637,"comment_status":"","ping_status":"","sticky":false,"template":"","format":"standard","meta":{"footnotes":""},"categories":[2818],"tags":[5481,13204,1111,11,48,6458,1777,674,849,1011,27,25104,766,12,2636,25,4505],"class_list":{"0":"post-598636","1":"post","2":"type-post","3":"status-publish","4":"format-standard","5":"has-post-thumbnail","7":"category-nantes","8":"tag-5481","9":"tag-13204","10":"tag-actu","11":"tag-actualites","12":"tag-astronomie","13":"tag-etoiles","14":"tag-eu","15":"tag-europe","16":"tag-festival","17":"tag-fr","18":"tag-france","19":"tag-janvier","20":"tag-nantes","21":"tag-news","22":"tag-pays-de-la-loire","23":"tag-republique-francaise","24":"tag-terre"},"share_on_mastodon":{"url":"https:\/\/pubeurope.com\/@fr\/115717842209679846","error":""},"_links":{"self":[{"href":"https:\/\/www.europesays.com\/fr\/wp-json\/wp\/v2\/posts\/598636","targetHints":{"allow":["GET"]}}],"collection":[{"href":"https:\/\/www.europesays.com\/fr\/wp-json\/wp\/v2\/posts"}],"about":[{"href":"https:\/\/www.europesays.com\/fr\/wp-json\/wp\/v2\/types\/post"}],"author":[{"embeddable":true,"href":"https:\/\/www.europesays.com\/fr\/wp-json\/wp\/v2\/users\/2"}],"replies":[{"embeddable":true,"href":"https:\/\/www.europesays.com\/fr\/wp-json\/wp\/v2\/comments?post=598636"}],"version-history":[{"count":0,"href":"https:\/\/www.europesays.com\/fr\/wp-json\/wp\/v2\/posts\/598636\/revisions"}],"wp:featuredmedia":[{"embeddable":true,"href":"https:\/\/www.europesays.com\/fr\/wp-json\/wp\/v2\/media\/598637"}],"wp:attachment":[{"href":"https:\/\/www.europesays.com\/fr\/wp-json\/wp\/v2\/media?parent=598636"}],"wp:term":[{"taxonomy":"category","embeddable":true,"href":"https:\/\/www.europesays.com\/fr\/wp-json\/wp\/v2\/categories?post=598636"},{"taxonomy":"post_tag","embeddable":true,"href":"https:\/\/www.europesays.com\/fr\/wp-json\/wp\/v2\/tags?post=598636"}],"curies":[{"name":"wp","href":"https:\/\/api.w.org\/{rel}","templated":true}]}}