{"id":598642,"date":"2025-12-14T12:10:11","date_gmt":"2025-12-14T12:10:11","guid":{"rendered":"https:\/\/www.europesays.com\/fr\/598642\/"},"modified":"2025-12-14T12:10:11","modified_gmt":"2025-12-14T12:10:11","slug":"luniversite-de-bordeaux-organise-des-portes-ouvertes-pour-les-lyceens-les-30-et-31-janvier","status":"publish","type":"post","link":"https:\/\/www.europesays.com\/fr\/598642\/","title":{"rendered":"L\u2019Universit\u00e9 de Bordeaux organise des portes ouvertes pour les lyc\u00e9ens les 30 et 31\u00a0janvier"},"content":{"rendered":"<p>L\u2019Universit\u00e9 de Bordeaux organise des journ\u00e9es portes ouvertes destin\u00e9es aux lyc\u00e9ens et lyc\u00e9ennes vendredi\u00a030 et samedi 31\u00a0janvier sur ses sites bordelais, talen\u00e7ais et pessacais. Des conf\u00e9rences, stands d\u2019informations et visites seront au programme de ces deux journ\u00e9es. Les participants seront accueillis par des \u00e9tudiants qui les guideront sur les diff\u00e9rents campus et auront l\u2019occasion d\u2019\u00e9changer avec des enseignants et membres du personnel universitaire. Il sera \u00e9galement possible de visiter des r\u00e9sidences et restaurants du Crous.<\/p>\n","protected":false},"excerpt":{"rendered":"L\u2019Universit\u00e9 de Bordeaux organise des journ\u00e9es portes ouvertes destin\u00e9es aux lyc\u00e9ens et lyc\u00e9ennes vendredi\u00a030 et samedi 31\u00a0janvier sur&hellip;\n","protected":false},"author":2,"featured_media":598643,"comment_status":"","ping_status":"","sticky":false,"template":"","format":"standard","meta":{"footnotes":""},"categories":[2817],"tags":[1111,11,1997,1777,674,1011,27,12,2219,25],"class_list":{"0":"post-598642","1":"post","2":"type-post","3":"status-publish","4":"format-standard","5":"has-post-thumbnail","7":"category-bordeaux","8":"tag-actu","9":"tag-actualites","10":"tag-bordeaux","11":"tag-eu","12":"tag-europe","13":"tag-fr","14":"tag-france","15":"tag-news","16":"tag-nouvelle-aquitaine","17":"tag-republique-francaise"},"share_on_mastodon":{"url":"https:\/\/pubeurope.com\/@fr\/115717854042908399","error":""},"_links":{"self":[{"href":"https:\/\/www.europesays.com\/fr\/wp-json\/wp\/v2\/posts\/598642","targetHints":{"allow":["GET"]}}],"collection":[{"href":"https:\/\/www.europesays.com\/fr\/wp-json\/wp\/v2\/posts"}],"about":[{"href":"https:\/\/www.europesays.com\/fr\/wp-json\/wp\/v2\/types\/post"}],"author":[{"embeddable":true,"href":"https:\/\/www.europesays.com\/fr\/wp-json\/wp\/v2\/users\/2"}],"replies":[{"embeddable":true,"href":"https:\/\/www.europesays.com\/fr\/wp-json\/wp\/v2\/comments?post=598642"}],"version-history":[{"count":0,"href":"https:\/\/www.europesays.com\/fr\/wp-json\/wp\/v2\/posts\/598642\/revisions"}],"wp:featuredmedia":[{"embeddable":true,"href":"https:\/\/www.europesays.com\/fr\/wp-json\/wp\/v2\/media\/598643"}],"wp:attachment":[{"href":"https:\/\/www.europesays.com\/fr\/wp-json\/wp\/v2\/media?parent=598642"}],"wp:term":[{"taxonomy":"category","embeddable":true,"href":"https:\/\/www.europesays.com\/fr\/wp-json\/wp\/v2\/categories?post=598642"},{"taxonomy":"post_tag","embeddable":true,"href":"https:\/\/www.europesays.com\/fr\/wp-json\/wp\/v2\/tags?post=598642"}],"curies":[{"name":"wp","href":"https:\/\/api.w.org\/{rel}","templated":true}]}}