{"id":598644,"date":"2025-12-14T12:11:12","date_gmt":"2025-12-14T12:11:12","guid":{"rendered":"https:\/\/www.europesays.com\/fr\/598644\/"},"modified":"2025-12-14T12:11:12","modified_gmt":"2025-12-14T12:11:12","slug":"leurodepute-julien-leonardelli-sera-le-candidat-du-rn","status":"publish","type":"post","link":"https:\/\/www.europesays.com\/fr\/598644\/","title":{"rendered":"l&rsquo;eurod\u00e9put\u00e9 Julien Leonardelli sera le candidat du RN"},"content":{"rendered":"<p>                    Par<br \/>\n        <strong><br \/>\n            <a href=\"https:\/\/actu.fr\/auteur\/guillaume-laurens\" title=\"Consulter tous les articles de Guillaume Laurens\" rel=\"nofollow noopener\" target=\"_blank\">Guillaume Laurens<\/a><br \/>\n                    <\/strong><\/p>\n<p>        Publi\u00e9 le<\/p>\n<p>            14 d\u00e9c. 2025 \u00e0 9h04        <\/p>\n<p>Ce sera donc lui. \u00c0 38\u00a0ans,<strong> Julien Leonardelli<\/strong> se lance dans un nouveau d\u00e9fi, et non des moindres\u2009: les <a href=\"https:\/\/actu.fr\/toulouse\/politique\/elections-municipales\" rel=\"nofollow noopener\" target=\"_blank\">Municipales 2026 \u00e0 <strong>Toulouse<\/strong><\/a>. Alors que <a href=\"https:\/\/actu.fr\/occitanie\/toulouse_31555\/municipales-2026-a-toulouse-jean-luc-moudenc-en-difficulte-face-a-la-gauche-ce-que-revele-ce-sondage_63437141.html\" rel=\"nofollow noopener\" target=\"_blank\">le Rassemblement national appara\u00eet selon les premiers sondages<\/a> en position de brouiller les cartes et de se hisser au <strong>second tour<\/strong> dans la course au Capitole, le d\u00e9put\u00e9 europ\u00e9en et conseiller r\u00e9gional d\u2019Occitanie confirme \u00e0 Actu Toulouse qu\u2019il m\u00e8nera en personne la liste du <strong>RN<\/strong> et de ses alli\u00e9s de <strong>l\u2019UDR<\/strong>. Une liste baptis\u00e9e \u00ab\u2009Le bon sens toulousain\u2009\u00bb.<\/p>\n<p>Julien Leonardelli\u2009: \u00ab\u2009Il m\u2019a \u00e9t\u00e9 demand\u00e9 de m\u2019engager\u2009\u00bb<\/p>\n<p class=\" wall-content\"><strong>\u00ab\u2009Il m\u2019a \u00e9t\u00e9 demand\u00e9 de m\u2019engager<\/strong> dans cette \u00e9lection, alors, je le fais avec <strong>force et conviction<\/strong> pour notre ville\u2009\u00bb, glisse Julien Leonardelli. \u00ab\u2009Toulouse est la 3\u1d49 ville de France et la capitale de l\u2019Occitanie, mais c\u2019est \u00e9galement le phare de notre r\u00e9gion, l\u00e0 o\u00f9 se retrouve l\u2019esprit du Sud-Ouest\u2009\u00bb. Puis il appuie\u2009: \u00ab\u2009Il est de ma responsabilit\u00e9 de mener cette bataille\u2009\u00bb, aussi difficile soit-elle.<\/p>\n<p>\u00ab\u2009Le maire n\u2019est plus en capacit\u00e9 de les battre tout seul\u2009\u00bb<\/p>\n<p class=\" wall-content\">Dans une vid\u00e9o qu\u2019il entend diffuser ce dimanche sur <a href=\"https:\/\/www.youtube.com\/@JLeonardelli\" rel=\"nofollow noopener\" target=\"_blank\">sa cha\u00eene YouTube <\/a>pour expliquer les raisons de sa candidature, et qu\u2019Actu Toulouse a pu consulter, Julien Leonardelli estime que <strong>\u00ab\u2009quelque chose se d\u00e9r\u00e8gle\u2009\u00bb<\/strong> dans la Ville rose\u2009: \u00ab\u2009Notre ville se fragilise, perd sa singularit\u00e9 et le quotidien devient plus difficile pour se d\u00e9placer, se soigner, se loger, vivre en s\u00e9curit\u00e9\u2009\u00bb, d\u00e9peint le candidat RN, qui se voit en <strong>rempart de la gauche\u2026<\/strong> dans toutes ses composantes. Car selon lui, si \u00ab\u2009la gauche et l\u2019extr\u00eame gauche progressent\u2009\u00bb localement, c\u2019est parce que <strong>\u00ab\u2009le centre a renonc\u00e9<\/strong> \u00e0 assumer l\u2019autorit\u00e9 et prot\u00e9ger notre identit\u00e9\u2009\u00bb.<\/p>\n<blockquote class=\"ac-article-quote wall-content\">\n<p>La gauche et l&rsquo;extr\u00eame gauche progressent \u00e0 grands pas dans de nombreux quartiers. J\u2019estime que le maire sortant, trop affaibli, n\u2019est plus en capacit\u00e9 de les battre tout seul.<\/p>\n<p>    <strong>Julien Leonardelli<\/strong>\n            <\/p><\/blockquote>\n<p>Jean-Luc Moudenc, simple candidat \u00ab\u2009du centre\u2009\u00bb\u2009?<\/p>\n<p class=\" wall-content\">\u00c0 plusieurs reprises, Julien Leonardelli cantonne le maire (ex-LR) de Toulouse \u00e0<strong> un simple candidat \u00ab\u2009du centre\u2009\u00bb.<\/strong> Un premier magistrat qui se retrouve \u00ab\u2009affaibli par ses alliances avec les Macronistes\u2009\u00bb, affirme le d\u00e9put\u00e9 europ\u00e9en\u2009: \u00ab\u2009Si le maire est en difficult\u00e9 dans les sondages, c\u2019est qu\u2019il n\u2019a pas su r\u00e9pondre aux attentes des habitants\u2009\u00bb. Pour en finir avec \u00ab\u2009les <strong>h\u00e9sitations permanentes<\/strong> du centre\u2009\u00bb, il compte donc \u00ab\u2009ouvrir un autre chemin\u2009\u00bb.<\/p>\n<p>Vid\u00e9os : en ce moment sur ActuRassembler \u00ab\u2009toutes les forces du bon sens toulousain\u2009\u00bb<\/p>\n<p class=\" wall-content\">Alors que le locataire du Capitole <a href=\"https:\/\/actu.fr\/occitanie\/toulouse_31555\/toulouse-le-maire-jean-luc-moudenc-renvoie-les-extremes-dos-a-dos-et-refuse-de-choisir-entre-rn-et-lfi_61285519.html\" rel=\"nofollow noopener\" target=\"_blank\">met r\u00e9guli\u00e8rement les \u00e9lecteurs en garde face aux \u00ab\u2009extr\u00eames\u2009\u00bb<\/a> que sont \u00e0 ses yeux LFI et le RN, Julien Leonardelli se d\u00e9fend de son c\u00f4t\u00e9 \u00ab\u2009d\u2019\u00eatre un extr\u00eame\u2009\u00bb, mais se voit plut\u00f4t comme <strong>\u00ab\u2009un souverainiste,<\/strong> d\u00e9passant le vieux clivage gauche\/droite\u2009\u00bb.<\/p>\n<p class=\" wall-content\">Lors de cette campagne, il entend se poser en rassembleur de \u00ab\u2009toutes les forces du bon sens toulousain\u2009\u00bb, mais \u00e9galement en \u00ab\u2009d\u00e9fenseur de l\u2019industrie et des milliers d\u2019emplois\u2009\u00bb dans <strong>l\u2019a\u00e9ronautique<\/strong> et le <strong>spatial,<\/strong> \u00ab\u2009que la gauche radicale culpabilise et que certains \u00e9cologistes attaquent\u2009\u00bb.<\/p>\n<p>Votre r\u00e9gion, votre actu !<\/p>\n<p>Recevez chaque jour les infos qui comptent pour vous.<\/p>\n<p>\t<a href=\"https:\/\/actu.fr\/newsletter\" class=\"ac-btn ac-btn--corner ac-btn--medium ac-btn--blue800\" rel=\"nofollow noopener\" target=\"_blank\">S&rsquo;incrire<\/a><\/p>\n<p class=\" wall-content\"><strong>Une gestion \u00ab\u2009\u00e0 l\u2019image de Louis Aliot \u00e0 Perpignan\u2009\u00bb<\/strong><\/p>\n<p class=\" wall-content\">S\u2019il ne d\u00e9taille pas encore son programme, Julien Leonardelli entend \u00ab\u2009d\u00e9fendre les attentes des Toulousaines et des Toulousains\u2009\u00bb, avec une gestion municipale <strong>\u00ab\u2009\u00e0 l\u2019image de ce qu\u2019a pu faire Louis Aliot<\/strong> \u00e0 Perpignan\u2009\u00bb, o\u00f9 <a href=\"https:\/\/actu.fr\/occitanie\/perpignan_66136\/municipales-2026-a-perpignan-louis-aliot-realiserait-un-score-inedit-selon-un-premier-sondage_63550015.html\" rel=\"nofollow noopener\" target=\"_blank\">le maire RN, candidat \u00e0 sa r\u00e9\u00e9lection (et par ailleurs natif de Toulouse), a r\u00e9cemment \u00e9t\u00e9 pl\u00e9biscit\u00e9 par un sondage.<\/a><\/p>\n<p class=\" wall-content\">Il prendra des <strong>engagements<\/strong> en mati\u00e8re de <strong>sant\u00e9<\/strong>, de <strong>pouvoir d\u2019achat<\/strong>, de <strong>transport,<\/strong> ou encore <strong>d\u2019am\u00e9nagement du territoire<\/strong>. Selon ses dires, <strong>l\u2019urbanisme<\/strong> ne sera pas en reste\u2009: il promet notamment de \u00ab\u2009mettre un frein \u00e0 l\u2019urbanisation excessive de Toulouse et <strong>d\u2019arr\u00eater la d\u00e9molition des Toulousaines<\/strong> (des b\u00e2tisses typiques de la Ville rose, NDLR) au b\u00e9n\u00e9fice d\u2019immeubles sans \u00e2me\u2009\u00bb.<\/p>\n<p>Narcotrafic\u2009: Toulouse pire que Marseille\u2009?<\/p>\n<p class=\" wall-content\">Mais en t\u00eate de gondole des <strong>engagements<\/strong> du candidat Leonardelli figurera bien s\u00fbr la <strong>s\u00e9curit\u00e9,<\/strong> un sujet \u00ab\u2009qui revient sans cesse dans nos discussions avec les habitants, qui aspirent \u00e0<strong> du changement<\/strong> en la mati\u00e8re\u2009\u00bb.<\/p>\n<p class=\" wall-content\">Consid\u00e9rant que \u00ab\u2009sur la probl\u00e9matique du <strong>narcotrafic<\/strong>, la situation est <strong>extr\u00eamement pr\u00e9occupante \u00e0 Toulouse<\/strong>, autant sinon plus qu\u2019\u00e0 Marseille\u2009\u00bb, il compte serrer la vis. Il veut notamment \u00ab\u2009renforcer la police municipale, en assurant son armement l\u00e0 o\u00f9 d\u2019autres veulent le d\u00e9manteler, et en d\u00e9ployant davantage de cam\u00e9ras de vid\u00e9oprotection\u2009\u00bb.<\/p>\n<p>Nicolas Bonleux sur sa liste\u2009?<\/p>\n<p class=\" wall-content\">Le patron local du RN avait <a href=\"https:\/\/actu.fr\/occitanie\/toulouse_31555\/municipales-2026-julien-leonardelli-rn-je-me-suis-naturellement-positionne-pour-toulouse_62377154.html\" rel=\"nofollow noopener\" target=\"_blank\">indiqu\u00e9 d\u00e8s mars dernier s\u2019\u00eatre \u00ab\u2009naturellement positionn\u00e9\u2009\u00bb<\/a> pour cette \u00e9ch\u00e9ance, tout comme <strong>Nicolas Bonleux<\/strong>, un ex-cadre de LR devenu pr\u00e9sident d\u00e9partemental de l\u2019UDR, qui dirige une entreprise dans l\u2019industrie a\u00e9ronautique \u00e0 Toulouse.<\/p>\n<p class=\" wall-content\">\u00ab\u2009Je lui ai naturellement <strong>propos\u00e9 d\u2019\u00eatre sur ma liste\u2009\u00bb<\/strong>, assure Julien Leonardelli. Une liste qui \u00ab\u2009sera compos\u00e9e de membres du RN, de l\u2019UDR, mais aussi de non-encart\u00e9s\u2009\u00bb, souligne le chef de file, promettant de la d\u00e9voiler \u00ab\u2009courant\u00a0janvier\u2009\u00bb.<\/p>\n<p>Un candidat \u00ab\u00a0non-Toulousain\u00a0\u00bb dit le maire ? \u00ab\u00a0De la vieille politicaillerie\u00a0\u00bb<\/p>\n<p>Lors de la pr\u00e9sentation de ses colistiers, le maire-candidat Jean-Luc Moudenc a raill\u00e9 vendredi matin \u00ab\u00a0la liste fant\u00f4me du RN\u00a0\u00bb qui pourrait \u00eatre emmen\u00e9e selon ses termes par un \u00ab\u00a0non-Toulousain\u00a0\u00bb (allusion \u00e0 Julien Leonardelli, NDLR). \u00ab\u00a0C&rsquo;est de la vieille\u00a0politicaillerie\u00a0\u00bb, balaie l&rsquo;int\u00e9ress\u00e9, qui d\u00e9plore \u00ab\u00a0de basses attaques n&rsquo;ayant aucun int\u00e9r\u00eat et dont les Toulousains ne veulent plus\u00a0\u00bb. Interrog\u00e9 sur son lieu de r\u00e9sidence, le candidat se dit \u00ab\u00a0fier d\u2019habiter dans le nord-Toulousain\u00a0\u00bb et pr\u00e9cise payer des imp\u00f4ts dans la Ville rose.<\/p>\n<p>Objectif\u2009? \u00ab\u2009Franchir la fameuse barre de 10\u2009%\u2009\u00bb<\/p>\n<p class=\" wall-content\">Julien Leonardelli ne s\u2019en cache pas\u2009: la marche est haute, extr\u00eamement haute m\u00eame, pour avoir les cl\u00e9s du Capitole, et il admet volontiers que l\u2019enjeu est surtout, pour lui, de faire son entr\u00e9e au conseil\u2009: \u00ab\u2009Aux derni\u00e8res Municipales, notre liste emmen\u00e9e par Quentin Lamotte avait recueilli moins de 5\u2009%\u2009\u00bb (4,31\u2009%, pr\u00e9cis\u00e9ment, NDLR), observe le candidat, qui esp\u00e8re <strong>plus que doubler la mise<\/strong>. Sa mission\u2009? \u00ab\u2009Que le premier parti de France soit repr\u00e9sent\u00e9 dans la 3\u1d49 ville de France\u2009\u00bb.<\/p>\n<blockquote class=\"ac-article-quote wall-content\">\n<p>Notre objectif est clair : c&rsquo;est de franchir la fameuse barre de 10 % (synonyme d&rsquo;accession au second tour, NDLR) pour obtenir des \u00e9lus, et d&rsquo;envoyer \u00e0 la Mairie et \u00e0 la M\u00e9tropole des conseillers qui vont d\u00e9fendre l\u2019int\u00e9r\u00eat des habitants, les quartiers, la s\u00e9curit\u00e9 et notre mode de vie.<\/p>\n<p>    <strong>Julien Leonardelli<\/strong>\n            <\/p><\/blockquote>\n<p class=\" wall-content\">Car il le mart\u00e8le\u2009: \u00ab\u2009Avec nous, les Toulousains sont assur\u00e9s qu\u2019<strong>on ne transigera pas<\/strong> sur les sujets qui leur sont chers\u2009\u00bb.<\/p>\n<p>Julien Leonardelli, jeune candidat, vieux politique<\/p>\n<p class=\" wall-content\">Agent commercial de formation, <strong>Julien Leonardelli<\/strong> est une figure locale du RN. Du haut de ses 38\u00a0ans, il est un<strong> vieux routier du parti<\/strong>, qu\u2019il a rejoint il y a plus de deux d\u00e9cennies, en 2004, du c\u00f4t\u00e9 de Perpignan, aux c\u00f4t\u00e9s de <strong>Louis Aliot<\/strong>. Ayant grandi entre l\u2019Ari\u00e8ge, le Tarn-et-Garonne et les Pyr\u00e9n\u00e9es-Orientales, il vit depuis 2012 dans le nord-Toulousain.<\/p>\n<p class=\" wall-content\">D\u00e9l\u00e9gu\u00e9 d\u00e9partemental du RN depuis 2013, il est rest\u00e9 <strong>fid\u00e8le \u00e0 Marine Le Pen<\/strong> dans les moments o\u00f9 le parti \u00e9tait en proie aux guerres intestines et a \u00e9t\u00e9 nomm\u00e9 fin 2022 membre du bureau national, avant de se voir offrir une place sur la liste aux Europ\u00e9ennes\u2026 et d\u2019\u00eatre \u00e9lu.<\/p>\n<p class=\" wall-content\">Localement, il n\u2019a cess\u00e9 de <strong>cultiver son ancrage<\/strong> au fil des scrutins. Candidat \u00e0 diff\u00e9rentes \u00e9lections, il a notamment \u00e9t\u00e9 chef de file d\u2019une liste aux Municipales en 2020 \u00e0 Fronton, et battu au premier tour, essuyant les bancs de l\u2019opposition\u2026 jusqu\u2019\u00e0 son \u00e9lection au Parlement europ\u00e9en. \u00c0 l\u2019\u00e9t\u00e9 2024,<a href=\"https:\/\/actu.fr\/occitanie\/launaguet_31282\/legislatives-2024-jean-francois-portarrieu-reelu-depute-5e-circonscription-de-haute-garonne_61295142.html\" rel=\"nofollow noopener\" target=\"_blank\"> il a r\u00e9uni 43,78\u2009% des suffrages au second tour des L\u00e9gislatives<\/a> dans la 5\u1d49 circonscription. Depuis 2015, Julien Leonardelli est aussi conseiller r\u00e9gional d\u2019Occitanie.<\/p>\n<p class=\" wall-content\">Personnalisez votre actualit\u00e9 en ajoutant vos villes et m\u00e9dias en favori avec <a href=\"https:\/\/moncompte.actu.fr\" title=\"D\u00e9couvez Mon Actu\" rel=\"nofollow noopener\" data-trk=\"{&quot;cta&quot;:{&quot;action&quot;:&quot;https:\\\/\\\/moncompte.actu.fr&quot;,&quot;category&quot;:&quot;mon compte&quot;,&quot;from&quot;:&quot;article footer&quot;,&quot;name&quot;:&quot;Mon actu&quot;,&quot;type&quot;:&quot;cta&quot;}}\" target=\"_blank\">Mon Actu<\/a>.<\/p>\n","protected":false},"excerpt":{"rendered":"Par Guillaume Laurens Publi\u00e9 le 14 d\u00e9c. 2025 \u00e0 9h04 Ce sera donc lui. \u00c0 38\u00a0ans, Julien Leonardelli&hellip;\n","protected":false},"author":2,"featured_media":598645,"comment_status":"","ping_status":"","sticky":false,"template":"","format":"standard","meta":{"footnotes":""},"categories":[2816],"tags":[1111,11,1777,674,1011,27,3434,12,2680,2556,25,104,2312],"class_list":{"0":"post-598644","1":"post","2":"type-post","3":"status-publish","4":"format-standard","5":"has-post-thumbnail","7":"category-toulouse","8":"tag-actu","9":"tag-actualites","10":"tag-eu","11":"tag-europe","12":"tag-fr","13":"tag-france","14":"tag-municipales-2026","15":"tag-news","16":"tag-occitanie","17":"tag-rassemblement-national-rn","18":"tag-republique-francaise","19":"tag-societe","20":"tag-toulouse"},"share_on_mastodon":{"url":"https:\/\/pubeurope.com\/@fr\/115717858035115758","error":""},"_links":{"self":[{"href":"https:\/\/www.europesays.com\/fr\/wp-json\/wp\/v2\/posts\/598644","targetHints":{"allow":["GET"]}}],"collection":[{"href":"https:\/\/www.europesays.com\/fr\/wp-json\/wp\/v2\/posts"}],"about":[{"href":"https:\/\/www.europesays.com\/fr\/wp-json\/wp\/v2\/types\/post"}],"author":[{"embeddable":true,"href":"https:\/\/www.europesays.com\/fr\/wp-json\/wp\/v2\/users\/2"}],"replies":[{"embeddable":true,"href":"https:\/\/www.europesays.com\/fr\/wp-json\/wp\/v2\/comments?post=598644"}],"version-history":[{"count":0,"href":"https:\/\/www.europesays.com\/fr\/wp-json\/wp\/v2\/posts\/598644\/revisions"}],"wp:featuredmedia":[{"embeddable":true,"href":"https:\/\/www.europesays.com\/fr\/wp-json\/wp\/v2\/media\/598645"}],"wp:attachment":[{"href":"https:\/\/www.europesays.com\/fr\/wp-json\/wp\/v2\/media?parent=598644"}],"wp:term":[{"taxonomy":"category","embeddable":true,"href":"https:\/\/www.europesays.com\/fr\/wp-json\/wp\/v2\/categories?post=598644"},{"taxonomy":"post_tag","embeddable":true,"href":"https:\/\/www.europesays.com\/fr\/wp-json\/wp\/v2\/tags?post=598644"}],"curies":[{"name":"wp","href":"https:\/\/api.w.org\/{rel}","templated":true}]}}