{"id":598646,"date":"2025-12-14T12:12:11","date_gmt":"2025-12-14T12:12:11","guid":{"rendered":"https:\/\/www.europesays.com\/fr\/598646\/"},"modified":"2025-12-14T12:12:11","modified_gmt":"2025-12-14T12:12:11","slug":"aya-nakamura-macklemore-et-dj-snake-on-en-revait-depuis-la-premiere-edition","status":"publish","type":"post","link":"https:\/\/www.europesays.com\/fr\/598646\/","title":{"rendered":"Aya Nakamura, Macklemore et DJ Snake, on en r\u00eavait depuis la premi\u00e8re \u00e9dition !"},"content":{"rendered":"<p>                    Par<br \/>\n        <strong><br \/>\n            <a href=\"https:\/\/actu.fr\/auteur\/gabriel-kenedi\" title=\"Consulter tous les articles de Gabriel Kenedi\" rel=\"nofollow noopener\" target=\"_blank\">Gabriel Kenedi<\/a><br \/>\n                    <\/strong><\/p>\n<p>        Publi\u00e9 le<\/p>\n<p>            14 d\u00e9c. 2025 \u00e0 12h57        <\/p>\n<p>Le <strong>Rose Festival<\/strong>, qui se d\u00e9roulera du 27 au 29 ao\u00fbt 2026, pr\u00e9pare une \u00e9dition anniversaire collector pour sa cinqui\u00e8me ann\u00e9e. Le festival<a href=\"https:\/\/actu.fr\/toulouse\/\" rel=\"nofollow noopener\" target=\"_blank\"> cr\u00e9\u00e9 par Bigflo et Oli<\/a> a frapp\u00e9 fort en annon\u00e7ant la venue d<strong>\u2018Aya Nakamura<\/strong>, de <strong>Macklemore<\/strong>, de <strong>DJ Snake<\/strong> mais aussi de <strong>Charlotte Cardin<\/strong>, de <strong>Josman<\/strong>, de <strong>Kungs<\/strong>, d<strong>\u2018Ino Casablanca<\/strong> et d\u2019<strong>Iliona<\/strong> ! \u00ab\u00a0Qu\u2019une artiste comme Aya Nakamura demande \u00e0 venir au Rose, c\u2019est une sacr\u00e9e reconnaissance\u00a0\u00bb, se r\u00e9jouit le directeur du Rose Festival, <strong>Samuel Capus<\/strong>. Artistes pr\u00e9sents, impact de Bigflo et Oli, exp\u00e9rience spectateur, jauge\u2026 Il r\u00e9pond aux questions d\u2019Actu Toulouse sur l\u2019\u00e9dition \u00e0 venir.\u00a0<\/p>\n<p>\u00ab\u00a05 ans, \u00e7a veut dire qu\u2019on fait partie du paysage !\u00a0\u00bb<\/p>\n<p class=\"ac-article-content__question wall-content\"><strong class=\"color-primary\">Actu : <\/strong>Quand on voit les premiers noms annonc\u00e9s au Rose Festival, on se dit que vous avez encore franchi une \u00e9tape. Quel est votre sentiment ?\u00a0\n<\/p>\n<p class=\" wall-content\"><strong class=\"color-primary\">Samuel Capus : <\/strong>\u00ab\u00a0On est assez fiers ! Quand je repense \u00e0 nos r\u00e9flexions qui ont commenc\u00e9 d\u00e8s 2012 et qui se sont concr\u00e9tis\u00e9es quelques ann\u00e9es plus tard, on ne voulait pas faire un festival qui ne durerait qu&rsquo;une ou deux \u00e9ditions. Que le festival ait 5 ans, pour nous, c&rsquo;est d\u00e9j\u00e0 un \u00e9norme succ\u00e8s ! \u00c7a veut dire qu&rsquo;on fait partie du paysage, qu&rsquo;on est l\u00e0 ! Et \u00e7a c&rsquo;est super. Et par rapport aux artistes, qu&rsquo;Aya Nakamura demande \u00e0 venir au Rose, que DJ Snake en parle \u00e0 Bigflo et Oli, et que Josman valide sa venue longtemps \u00e0 l&rsquo;avance, c&rsquo;est quand m\u00eame une sacr\u00e9e reconnaissance !\u00a0\u00bb\u00a0<\/p>\n<p>\u00ab\u00a0Bigflo et Oli incarnent le festival !\u00a0\u00bb<\/p>\n<p class=\"ac-article-content__question wall-content\">Le fait que les artistes aient envie de venir, \u00e7a s&rsquo;explique comment ?\u00a0\n<\/p>\n<p class=\" wall-content\"><strong class=\"color-primary\">Samuel Capus : <\/strong>\u00ab\u00a0Bigflo et Oli y sont pour beaucoup car ils incarnent le festival ! Ils appellent les artistes, leur en parlent\u2026 et au-del\u00e0 de \u00e7a, il y a un certain sens de l&rsquo;accueil : Oli fait un petit mot \u00e0 chaque artiste dans leurs loges. \u00c7a joue, forc\u00e9ment et \u00e7a explique en partie que le festival ait pris cette dimension\u00a0\u00bb.\u00a0<\/p>\n<p class=\"ac-article-content__question wall-content\">Y a-t-il des artistes, parmi les premiers noms annonc\u00e9s, que vous vouliez avoir absolument ?\u00a0\n<\/p>\n<p class=\" wall-content\"><strong class=\"color-primary\">Samuel Capus : <\/strong>\u00ab\u00a0Un peu tous, en fait ! Aya Nakamura, Macklemore et DJ Snake, on en r\u00eavait depuis la premi\u00e8re \u00e9dition ! Il n&rsquo;y a pas une ann\u00e9e o\u00f9 ces trois noms n&rsquo;ont pas \u00e9t\u00e9 \u00e9voqu\u00e9s lors des premi\u00e8res r\u00e9unions de prog&rsquo;. Tous les ans, on avait envie de les avoir ! Et cette ann\u00e9e, on a les trois, donc c&rsquo;est g\u00e9nial\u00a0! Et il n&rsquo;y a pas qu&rsquo;eux ! Josman, c&rsquo;est l&rsquo;artiste le plus pl\u00e9biscit\u00e9 sur les r\u00e9seaux. Charlotte Cardin n&rsquo;est pas loin derri\u00e8re&#8230; Donc, cette ann\u00e9e, on a de la chance !\u00a0\u00bb<\/p>\n<p>Vid\u00e9os : en ce moment sur Actu\u00ab\u00a0On ne bougera pas la jauge\u00a0\u00bb<\/p>\n<p class=\"ac-article-content__question wall-content\">Est-ce qu&rsquo;une augmentation de la jauge est envisag\u00e9e au Meett ?\u00a0\n<\/p>\n<p class=\" wall-content\"><strong class=\"color-primary\">Samuel Capus : <\/strong>\u00ab\u00a0On ne bougera pas la jauge pour le moment ! On est pass\u00e9 \u00e0 37 000 spectateurs par soir l&rsquo;an dernier et \u00e0 ce jour, on est prudents : on ne veut pas augmenter le nombre de places si on n&rsquo;a pas la garantie d&rsquo;avoir un confort au niveau des flux et du public. C&rsquo;est important et m\u00eame primordial que les festivaliers se sentent bien au Rose\u00a0\u00bb.\u00a0<\/p>\n<p class=\"ac-article-content__question wall-content\">Sans tout d\u00e9voiler, on peut s&rsquo;attendre \u00e0 des nouveaut\u00e9s en termes d&rsquo;exp\u00e9rience spectateur ?\u00a0\n<\/p>\n<p class=\" wall-content\"><strong class=\"color-primary\">Samuel Capus : <\/strong>\u00ab\u00a0Je n&rsquo;ai pas le droit de dire grand-chose \u00e0 ce niveau-l\u00e0 ! Mais au niveau de la DA (direction artistique), on va jouer \u00e0 fond sur le fait qu&rsquo;on c\u00e9l\u00e8bre ce cinqui\u00e8me anniversaire et sur l&rsquo;univers de la f\u00eate foraine ! C&rsquo;est \u00e0 Bigflo et Oli d&rsquo;en dire un peu plus quand ils le souhaiteront !\u00a0\u00bb<\/p>\n<p>Votre r\u00e9gion, votre actu !<\/p>\n<p>Recevez chaque jour les infos qui comptent pour vous.<\/p>\n<p>\t<a href=\"https:\/\/actu.fr\/newsletter\" class=\"ac-btn ac-btn--corner ac-btn--medium ac-btn--blue800\" rel=\"nofollow noopener\" target=\"_blank\">S&rsquo;incrire<\/a><br \/>\n\u00ab\u00a0Une quinzaine d\u2019artistes par soir\u00a0\u00bb<\/p>\n<p class=\"ac-article-content__question wall-content\">Bigflo et Oli ont indiqu\u00e9 qu&rsquo;ils ne se produiraient pas au Rose cette ann\u00e9e. C&rsquo;est une premi\u00e8re !\u00a0\n<\/p>\n<p class=\" wall-content\"><strong class=\"color-primary\">Samuel Capus : <\/strong>\u00ab\u00a0Oui ! Tout ce que je peux dire, c&rsquo;est qu&rsquo;on va savoir tr\u00e8s prochainement ce qu&rsquo;ils pr\u00e9voient de faire \u00e0 Toulouse\u00a0\u00bb.\u00a0<\/p>\n<p class=\"ac-article-content__question wall-content\">Combien d&rsquo;artistes y aura-t-il au final au Rose ?\n<\/p>\n<p class=\" wall-content\"><strong class=\"color-primary\">Samuel Capus : <\/strong>\u00ab\u00a0On aura une quinzaine d&rsquo;artistes par soir, peut-\u00eatre plus ! On ne va pas s&rsquo;arr\u00eater l\u00e0 !\u00a0\u00bb<\/p>\n<p>\u00ab\u00a0Un investissement pour les ann\u00e9es futures\u00a0\u00bb<\/p>\n<p class=\"ac-article-content__question wall-content\">Et sur les tarifs, ils sont en l\u00e9g\u00e8re augmentation. Pourquoi ce choix ?\n<\/p>\n<p class=\" wall-content\"><strong class=\"color-primary\">Samuel Capus : <\/strong>\u00ab\u00a0Il y a une petite augmentation, mais elle n&rsquo;est pas proportionnelle en termes de prix par rapport \u00e0 l&rsquo;affiche du festival. L\u00e0, on a des t\u00eates d&rsquo;affiche qui co\u00fbtent deux fois plus cher que les autres ann\u00e9es ! On a envoy\u00e9 fort et c&rsquo;est un vrai choix de notre part, mais aussi un investissement pour les ann\u00e9es futures !\u00a0\u00bb<\/p>\n<p>Tarifs : de 69\u20ac (pass 1 jour) \u00e0 179\u20ac (pass 3 jours). Infos :<a href=\"https:\/\/rosefestival.fr\/\" rel=\"nofollow noopener\" target=\"_blank\"> https:\/\/rosefestival.fr\/<\/a><\/p>\n<p class=\" wall-content\">Personnalisez votre actualit\u00e9 en ajoutant vos villes et m\u00e9dias en favori avec <a href=\"https:\/\/moncompte.actu.fr\" title=\"D\u00e9couvez Mon Actu\" rel=\"nofollow noopener\" data-trk=\"{&quot;cta&quot;:{&quot;action&quot;:&quot;https:\\\/\\\/moncompte.actu.fr&quot;,&quot;category&quot;:&quot;mon compte&quot;,&quot;from&quot;:&quot;article footer&quot;,&quot;name&quot;:&quot;Mon actu&quot;,&quot;type&quot;:&quot;cta&quot;}}\" target=\"_blank\">Mon Actu<\/a>.<\/p>\n","protected":false},"excerpt":{"rendered":"Par Gabriel Kenedi Publi\u00e9 le 14 d\u00e9c. 2025 \u00e0 12h57 Le Rose Festival, qui se d\u00e9roulera du 27&hellip;\n","protected":false},"author":2,"featured_media":598647,"comment_status":"","ping_status":"","sticky":false,"template":"","format":"standard","meta":{"footnotes":""},"categories":[2816],"tags":[1111,11,7642,1777,674,1011,27,1652,12,2680,25,1341,2312],"class_list":{"0":"post-598646","1":"post","2":"type-post","3":"status-publish","4":"format-standard","5":"has-post-thumbnail","7":"category-toulouse","8":"tag-actu","9":"tag-actualites","10":"tag-bigflo-et-oli","11":"tag-eu","12":"tag-europe","13":"tag-fr","14":"tag-france","15":"tag-loisirs-culture","16":"tag-news","17":"tag-occitanie","18":"tag-republique-francaise","19":"tag-sortir-a-toulouse","20":"tag-toulouse"},"share_on_mastodon":{"url":"https:\/\/pubeurope.com\/@fr\/115717861712278028","error":""},"_links":{"self":[{"href":"https:\/\/www.europesays.com\/fr\/wp-json\/wp\/v2\/posts\/598646","targetHints":{"allow":["GET"]}}],"collection":[{"href":"https:\/\/www.europesays.com\/fr\/wp-json\/wp\/v2\/posts"}],"about":[{"href":"https:\/\/www.europesays.com\/fr\/wp-json\/wp\/v2\/types\/post"}],"author":[{"embeddable":true,"href":"https:\/\/www.europesays.com\/fr\/wp-json\/wp\/v2\/users\/2"}],"replies":[{"embeddable":true,"href":"https:\/\/www.europesays.com\/fr\/wp-json\/wp\/v2\/comments?post=598646"}],"version-history":[{"count":0,"href":"https:\/\/www.europesays.com\/fr\/wp-json\/wp\/v2\/posts\/598646\/revisions"}],"wp:featuredmedia":[{"embeddable":true,"href":"https:\/\/www.europesays.com\/fr\/wp-json\/wp\/v2\/media\/598647"}],"wp:attachment":[{"href":"https:\/\/www.europesays.com\/fr\/wp-json\/wp\/v2\/media?parent=598646"}],"wp:term":[{"taxonomy":"category","embeddable":true,"href":"https:\/\/www.europesays.com\/fr\/wp-json\/wp\/v2\/categories?post=598646"},{"taxonomy":"post_tag","embeddable":true,"href":"https:\/\/www.europesays.com\/fr\/wp-json\/wp\/v2\/tags?post=598646"}],"curies":[{"name":"wp","href":"https:\/\/api.w.org\/{rel}","templated":true}]}}