{"id":598648,"date":"2025-12-14T12:14:22","date_gmt":"2025-12-14T12:14:22","guid":{"rendered":"https:\/\/www.europesays.com\/fr\/598648\/"},"modified":"2025-12-14T12:14:22","modified_gmt":"2025-12-14T12:14:22","slug":"lille-previsions-meteo-du-dimanche-14-decembre-2025","status":"publish","type":"post","link":"https:\/\/www.europesays.com\/fr\/598648\/","title":{"rendered":"Lille : pr\u00e9visions m\u00e9t\u00e9o du dimanche 14 d\u00e9cembre 2025"},"content":{"rendered":"<p>\u00c0 Lille, le dimanche 14 d\u00e9cembre 2025 sera marqu\u00e9 par un ciel d\u00e9gag\u00e9 et un temps sec. Les temp\u00e9ratures douces oscillent autour de 8 \u00e0 10 \u00b0C, avec un vent mod\u00e9r\u00e9 de Sud apportant une ambiance fra\u00eeche mais agr\u00e9able.<\/p>\n<p>Ce dimanche 14 d\u00e9cembre 2025, un puissant anticyclone s\u2019installe sur Lille. Le ciel restera parfaitement d\u00e9gag\u00e9 du matin jusqu\u2019\u00e0 la nuit, sous l\u2019influence d\u2019une dorsale de haute pression centr\u00e9e sur les Flandres. Profitons-en : m\u00eame si l\u2019humidit\u00e9 reste \u00e9lev\u00e9e, aucune averse n\u2019est \u00e0 craindre.<\/p>\n<p>Les temp\u00e9ratures oscilleront entre <b>8 \u00b0C<\/b> au plus frais et <b>10 \u00b0C<\/b> au meilleur de la journ\u00e9e, des valeurs de saison, m\u00eame si le ressenti sera plus bas sous l\u2019effet du vent de Sud.<\/p>\n<p>L\u2019indice UV demeure faible en cette p\u00e9riode, mais l\u2019ensoleillement continu peut surprendre. N\u2019oubliez pas lunettes et cr\u00e8me l\u00e9g\u00e8re si vous pr\u00e9voyez une longue balade.<\/p>\n<p>Matin : fra\u00eecheur humide et lever du soleil \u00e0 08 h 41<\/p>\n<p>\u00c0 9 h, le thermom\u00e8tre indique seulement <b>9 \u00b0C<\/b>, pour un ressenti qui descend \u00e0 <b>6 \u00b0C<\/b>. Avec une humidit\u00e9 de 95 %, la sensation de fra\u00eecheur est accentu\u00e9e.<\/p>\n<p>La pression grimpe \u00e0 1 025 hPa, garantissant un temps parfaitement stable. Un souffle du Sud, limit\u00e9 \u00e0 13 km\/h, maintient une atmosph\u00e8re quasi immobile autour des fa\u00e7ades lilloises.<\/p>\n<p>Dans cet air stagnant, les particules fines restent en suspension. M\u00eame si la qualit\u00e9 de l\u2019air est qualifi\u00e9e d\u2019\u00ab ind\u00e9finie \u00bb, il est conseill\u00e9 d\u2019a\u00e9rer bri\u00e8vement et de limiter l\u2019utilisation prolong\u00e9e de bougies parfum\u00e9es.<\/p>\n<ul>\n<li>Visibilit\u00e9 excellente pour les march\u00e9s de No\u00ebl.<\/li>\n<li>Pas de gel sur les routes, mais sol humide : vigilance pour les pi\u00e9tons.<\/li>\n<\/ul>\n<p>Apr\u00e8s-midi : douceur mod\u00e9r\u00e9e sous le soleil<\/p>\n<p>\u00c0 15 h, la temp\u00e9rature atteint <b>10 \u00b0C<\/b>, avec un ressenti \u00e0 7 \u00b0C. Le ciel demeure parfaitement d\u00e9gag\u00e9, sans le moindre nuage ni goutte de pluie.<\/p>\n<p>Le vent s\u2019oriente Sud-Sud-Ouest et se renforce \u00e0 20 km\/h. Cette brise reste insuffisante pour disperser l\u2019humidit\u00e9, qui stagne autour de 91 %.<\/p>\n<p>Dans cette atmosph\u00e8re calme, les activit\u00e9s ext\u00e9rieures \u2014 footing le long de la De\u00fble ou patinoire de la Grand-Place \u2014 se d\u00e9roulent sans aucune contrainte m\u00e9t\u00e9o.<\/p>\n<p>Ces temp\u00e9ratures, conformes aux normales, illustrent l\u2019irr\u00e9gularit\u00e9 de l\u2019hiver actuel : les vagues de froid sont plus br\u00e8ves, tandis que les p\u00e9riodes anticycloniques deviennent plus fr\u00e9quentes, selon le service Copernicus.<\/p>\n<p>C\u00f4t\u00e9 commerces, un samedi sec avant No\u00ebl favorise l\u2019affluence en centre-ville. Les restaurateurs, profitant de l\u2019absence de pluie, installent des terrasses chauff\u00e9es pour accueillir les visiteurs.<\/p>\n<p>Soir : ciel limpide et coucher \u00e0 16 h 42<\/p>\n<p>Apr\u00e8s le coucher du soleil, la temp\u00e9rature redescend \u00e0 <b>9 \u00b0C<\/b> vers 21 h, avec un ressenti de 5 \u00b0C. L\u2019humidit\u00e9 demeure \u00e9lev\u00e9e \u00e0 91 %.<\/p>\n<p>Le vent de Sud atteint environ 20 km\/h, suffisant pour rafra\u00eechir les couloirs pi\u00e9tons, sans provoquer de froid mordant.<\/p>\n<p>Les noctambules profiteront d\u2019un ciel \u00e9toil\u00e9 id\u00e9al pour l\u2019observation : Orion s\u2019\u00e9l\u00e8ve plein Est d\u00e8s 22 h. Pr\u00e9voyez un manteau coupe-vent, car la sensation descendra pr\u00e8s de 5 \u00b0C.<\/p>\n<ul>\n<li>Spectacle lumineux garanti sur la Vieille Bourse.<\/li>\n<li>Aucune pr\u00e9cipitation pr\u00e9vue pour les sorties culturelles nocturnes.<\/li>\n<\/ul>\n<p>Tendance pour le lundi 15 d\u00e9cembre 2025<\/p>\n<p>Lundi, le soleil restera pr\u00e9sent, mais les temp\u00e9ratures seront plus fra\u00eeches : entre <b>5 \u00b0C<\/b> et <b>9 \u00b0C<\/b>.<\/p>\n<p>Le vent de Sud se renforcera, atteignant 27 km\/h, avec des rafales pouvant monter jusqu\u2019\u00e0 <b>47 km\/h<\/b> : attention aux objets l\u00e9gers sur les balcons.<\/p>\n<p>La pression chutera vers 1 007 hPa, signe d\u2019un flux plus dynamique. Toutefois, aucun risque de pluie n\u2019est \u00e0 pr\u00e9voir.<\/p>\n<p>Cette hausse du vent s\u2019explique par un resserrement du gradient de pression entre la Manche et le bassin parisien. On restera n\u00e9anmoins loin d\u2019un v\u00e9ritable coup de vent hivernal, souvent d\u00e9fini au-del\u00e0 de 80 km\/h.<\/p>\n<p>Avec un ressenti proche de 0 \u00b0C \u00e0 l\u2019aube, il sera prudent de prot\u00e9ger extr\u00e9mit\u00e9s et voies respiratoires pour les plus sensibles.<\/p>\n<p>Pour anticiper la semaine et les vacances, consultez <a href=\"https:\/\/www.meteocity.com\/france\/lille-v2998324\/meteo-15-jours\" target=\"_blank\" rel=\"noopener\">notre pr\u00e9vision \u00e0 15 jours<\/a>.<\/p>\n<p>Pour suivre l\u2019\u00e9volution heure par heure ou pr\u00e9parer vos trajets, rendez-vous sur <a href=\"https:\/\/www.meteocity.com\/france\/lille-v2998324\" target=\"_blank\" rel=\"noopener\">notre page d\u00e9di\u00e9e \u00e0 Lille<\/a>.<\/p>\n","protected":false},"excerpt":{"rendered":"\u00c0 Lille, le dimanche 14 d\u00e9cembre 2025 sera marqu\u00e9 par un ciel d\u00e9gag\u00e9 et un temps sec. Les&hellip;\n","protected":false},"author":2,"featured_media":598649,"comment_status":"","ping_status":"","sticky":false,"template":"","format":"standard","meta":{"footnotes":""},"categories":[2815],"tags":[1111,11,1777,674,1011,27,811,1307,12,25],"class_list":{"0":"post-598648","1":"post","2":"type-post","3":"status-publish","4":"format-standard","5":"has-post-thumbnail","7":"category-lille","8":"tag-actu","9":"tag-actualites","10":"tag-eu","11":"tag-europe","12":"tag-fr","13":"tag-france","14":"tag-hauts-de-france","15":"tag-lille","16":"tag-news","17":"tag-republique-francaise"},"share_on_mastodon":{"url":"https:\/\/pubeurope.com\/@fr\/115717869610567993","error":""},"_links":{"self":[{"href":"https:\/\/www.europesays.com\/fr\/wp-json\/wp\/v2\/posts\/598648","targetHints":{"allow":["GET"]}}],"collection":[{"href":"https:\/\/www.europesays.com\/fr\/wp-json\/wp\/v2\/posts"}],"about":[{"href":"https:\/\/www.europesays.com\/fr\/wp-json\/wp\/v2\/types\/post"}],"author":[{"embeddable":true,"href":"https:\/\/www.europesays.com\/fr\/wp-json\/wp\/v2\/users\/2"}],"replies":[{"embeddable":true,"href":"https:\/\/www.europesays.com\/fr\/wp-json\/wp\/v2\/comments?post=598648"}],"version-history":[{"count":0,"href":"https:\/\/www.europesays.com\/fr\/wp-json\/wp\/v2\/posts\/598648\/revisions"}],"wp:featuredmedia":[{"embeddable":true,"href":"https:\/\/www.europesays.com\/fr\/wp-json\/wp\/v2\/media\/598649"}],"wp:attachment":[{"href":"https:\/\/www.europesays.com\/fr\/wp-json\/wp\/v2\/media?parent=598648"}],"wp:term":[{"taxonomy":"category","embeddable":true,"href":"https:\/\/www.europesays.com\/fr\/wp-json\/wp\/v2\/categories?post=598648"},{"taxonomy":"post_tag","embeddable":true,"href":"https:\/\/www.europesays.com\/fr\/wp-json\/wp\/v2\/tags?post=598648"}],"curies":[{"name":"wp","href":"https:\/\/api.w.org\/{rel}","templated":true}]}}