{"id":598659,"date":"2025-12-14T12:23:20","date_gmt":"2025-12-14T12:23:20","guid":{"rendered":"https:\/\/www.europesays.com\/fr\/598659\/"},"modified":"2025-12-14T12:23:20","modified_gmt":"2025-12-14T12:23:20","slug":"le-plus-ancien-parti-prodemocratie-de-hong-kong-annonce-sa-dissolution","status":"publish","type":"post","link":"https:\/\/www.europesays.com\/fr\/598659\/","title":{"rendered":"Le plus ancien parti prod\u00e9mocratie de Hong Kong annonce sa dissolution"},"content":{"rendered":"\n<p class=\"c-chapo \">\n  P\u00e9kin a renforc\u00e9 durement son emprise sur le territoire apr\u00e8s les manifestations massives de 2019.\n<\/p>\n<p>      lire plus tard<\/p>\n<p id=\"dialog__title\" class=\"dialog__title\">Pour sauvegarder cet article, connectez-vous ou cr\u00e9ez un compte franceinfo<\/p>\n<p class=\"dialog__description\">Sans paiement. Sans abonnement.<\/p>\n<p>        Fermer la fen\u00eatre d\u2019activation des notifications France Info<\/p>\n<p>      cr\u00e9er votre compte<\/p>\n<p>      se connecter<\/p>\n<p>      :<\/p>\n<p>        Fermer la fen\u00eatre de pr\u00e9sentation<\/p>\n<p>    <img loading=\"lazy\" decoding=\"async\" class=\"signature__image lazyload\" width=\"100\" height=\"100\" data- alt=\"\" src=\"https:\/\/www.europesays.com\/fr\/wp-content\/uploads\/2025\/05\/64a68815cd1a7_placeholder-36b69ec8.png\"\/><\/p>\n<p>    Publi\u00e9 le 14\/12\/2025 11:40<\/p>\n<p>        Temps de lecture : 1min<\/p>\n<p>    <img decoding=\"async\"  alt=\"Des responsables du Parti d\u00e9mocrate s'expriment lors d'une conf\u00e9rence de presse \u00e0 Hong Kong, le 8 janvier 2021. (ANTHONY WALLACE \/ AFP)\" width=\"432\" height=\"243\" src=\"https:\/\/www.europesays.com\/fr\/wp-content\/uploads\/2025\/12\/000-8yd9vd-693e939df1ecc107821583.jpg\" fetchpriority=\"high\"\/><\/p>\n<p>      Des responsables du Parti d\u00e9mocrate s&rsquo;expriment lors d&rsquo;une conf\u00e9rence de presse \u00e0 Hong Kong, le 8 janvier 2021. (ANTHONY WALLACE \/ AFP)<\/p>\n<p>C&rsquo;est la fin\u00a0du plus ancien parti prod\u00e9mocratie de Hong Kong. Le Parti d\u00e9mocrate, cr\u00e9\u00e9 en 1994, a officiellement d\u00e9cid\u00e9 de se dissoudre, a annonc\u00e9 son dirigeant dimanche 14 d\u00e9cembre. \u00ab\u00a0Nous sommes profond\u00e9ment reconnaissants envers tous les citoyens qui ont \u0153uvr\u00e9 aux c\u00f4t\u00e9s du Parti d\u00e9mocrate ces 30 derni\u00e8res ann\u00e9es\u00a0\u00bb, a d\u00e9clar\u00e9 Lo Kin-hei lors d&rsquo;une conf\u00e9rence de presse.<\/p>\n<p>\u00ab\u00a0Je ne comprends pas pourquoi le Parti d\u00e9mocrate en est arriv\u00e9 l\u00e0\u00a0\u00bb, a affirm\u00e9 l&rsquo;ancienne dirigeante du parti Emily Lau, \u00e0 sa sortie de la r\u00e9union dimanche. <a href=\"https:\/\/www.franceinfo.fr\/culture\/musique\/hong-kong-interdit-un-chant-prodemocratie-et-demande-son-retrait-aux-plateformes-internet_6532541.html\" rel=\"noopener noreferrer nofollow\" data-tooltip-url=\"https:\/\/www.franceinfo.fr\/culture\/musique\/hong-kong-interdit-un-chant-prodemocratie-et-demande-son-retrait-aux-plateformes-internet_6532541.html\" target=\"_blank\">P\u00e9kin a renforc\u00e9 son emprise<\/a> sur cette r\u00e9gion administrative chinoise, apr\u00e8s les <a href=\"https:\/\/www.franceinfo.fr\/monde\/en-images-neuf-semaines-de-contestation-a-hong-kong_3565581.html\" rel=\"noopener noreferrer nofollow\" data-tooltip-url=\"https:\/\/www.franceinfo.fr\/monde\/en-images-neuf-semaines-de-contestation-a-hong-kong_3565581.html\" target=\"_blank\">manifestations pro-d\u00e9mocratie massives de 2019<\/a>. L&rsquo;imposition de la loi sur la s\u00e9curit\u00e9 nationale a fortement affaibli les opposants au r\u00e9gime, de nombreux militants prod\u00e9mocratie \u00e9tant emprisonn\u00e9s ou contraints \u00e0 l&rsquo;exil.<\/p>\n","protected":false},"excerpt":{"rendered":"P\u00e9kin a renforc\u00e9 durement son emprise sur le territoire apr\u00e8s les manifestations massives de 2019. lire plus tard&hellip;\n","protected":false},"author":2,"featured_media":598660,"comment_status":"","ping_status":"","sticky":false,"template":"","format":"standard","meta":{"footnotes":""},"categories":[1888],"tags":[1111,1928,11,1927,1777,674,1011,27,12,1926,626,1925,25],"class_list":{"0":"post-598659","1":"post","2":"type-post","3":"status-publish","4":"format-standard","5":"has-post-thumbnail","7":"category-paris","8":"tag-actu","9":"tag-actu-paris","10":"tag-actualites","11":"tag-actualites-paris","12":"tag-eu","13":"tag-europe","14":"tag-fr","15":"tag-france","16":"tag-news","17":"tag-news-paris","18":"tag-paris","19":"tag-paris-news","20":"tag-republique-francaise"},"share_on_mastodon":{"url":"https:\/\/pubeurope.com\/@fr\/115717906227118962","error":""},"_links":{"self":[{"href":"https:\/\/www.europesays.com\/fr\/wp-json\/wp\/v2\/posts\/598659","targetHints":{"allow":["GET"]}}],"collection":[{"href":"https:\/\/www.europesays.com\/fr\/wp-json\/wp\/v2\/posts"}],"about":[{"href":"https:\/\/www.europesays.com\/fr\/wp-json\/wp\/v2\/types\/post"}],"author":[{"embeddable":true,"href":"https:\/\/www.europesays.com\/fr\/wp-json\/wp\/v2\/users\/2"}],"replies":[{"embeddable":true,"href":"https:\/\/www.europesays.com\/fr\/wp-json\/wp\/v2\/comments?post=598659"}],"version-history":[{"count":0,"href":"https:\/\/www.europesays.com\/fr\/wp-json\/wp\/v2\/posts\/598659\/revisions"}],"wp:featuredmedia":[{"embeddable":true,"href":"https:\/\/www.europesays.com\/fr\/wp-json\/wp\/v2\/media\/598660"}],"wp:attachment":[{"href":"https:\/\/www.europesays.com\/fr\/wp-json\/wp\/v2\/media?parent=598659"}],"wp:term":[{"taxonomy":"category","embeddable":true,"href":"https:\/\/www.europesays.com\/fr\/wp-json\/wp\/v2\/categories?post=598659"},{"taxonomy":"post_tag","embeddable":true,"href":"https:\/\/www.europesays.com\/fr\/wp-json\/wp\/v2\/tags?post=598659"}],"curies":[{"name":"wp","href":"https:\/\/api.w.org\/{rel}","templated":true}]}}