{"id":598665,"date":"2025-12-14T12:27:30","date_gmt":"2025-12-14T12:27:30","guid":{"rendered":"https:\/\/www.europesays.com\/fr\/598665\/"},"modified":"2025-12-14T12:27:30","modified_gmt":"2025-12-14T12:27:30","slug":"le-confort-et-le-prix-en-dix-ans-a-paris-le-nombre-de-lits-en-auberges-de-jeunesse-a-presque-double","status":"publish","type":"post","link":"https:\/\/www.europesays.com\/fr\/598665\/","title":{"rendered":"\u00ab\u00a0Le confort et le prix\u00a0!\u00a0\u00bb\u00a0: en dix ans \u00e0 Paris, le nombre de lits en auberges de jeunesse a presque doubl\u00e9"},"content":{"rendered":"<p class=\"paragraph text_align_left lp-f-body-02\">Arriv\u00e9e du Luxembourg la veille, Veronica conclut son s\u00e9jour europ\u00e9en dans la Ville Lumi\u00e8re. \u00ab First time in Paris ! (Premi\u00e8re fois \u00e0 Paris !) \u00bb, s\u2019exclame l\u2019Australienne de 26 ans, sac sur le dos, \u00e0 la sortie de The People Marais o\u00f9 elle a pass\u00e9 une nuit. Inaugur\u00e9 en 2022, cet hostel &#8211; ou <a href=\"https:\/\/www.leparisien.fr\/essonne-91\/la-premiere-auberge-de-jeunesse-de-france-nee-en-essonne-symbole-dun-ideal-de-la-paix-dans-le-monde-15-08-2021-AICM34S5QBFAPL3BT3LSD33GBI.php?ts=1765710509591\" target=\"_blank\" rel=\"noreferrer noopener\">auberge de jeunesse<\/a> -, situ\u00e9 boulevard Morland (IVe), dispose d\u2019une capacit\u00e9 de 400 couchages et affiche presque tout le temps complet.<\/p>\n<p class=\"\">\u00ab J\u2019ai pay\u00e9 60 euros la nuit dans une chambre partag\u00e9e, d\u00e9taille la jeune cliente. Ce qui me pla\u00eet, c\u2019est la propret\u00e9 des lieux, le confort, la situation aussi en plein c\u0153ur de Paris, et <a href=\"https:\/\/www.leparisien.fr\/economie\/ou-et-comment-partir-en-vacances-pour-pas-cher-les-derniers-bons-plans-de-derniere-minute-14-08-2025-GWHPR573RRELRHKJCOGKXWZOMY.php\" target=\"_blank\" rel=\"noreferrer noopener\">le prix<\/a> ! \u00bb<\/p>\n<p class=\"\">Preuve d\u2019un mod\u00e8le qui s\u00e9duit, entre 2015 et 2024, le nombre d\u2019auberges de jeunesse est pass\u00e9 de 27 \u00e0 41 \u00e9tablissements \u00e0 Paris (+ 51 %), d\u2019apr\u00e8s Christie &amp; Co, cabinet de conseil sp\u00e9cialis\u00e9 dans l\u2019h\u00f4tellerie.<\/p>\n<p>Paris comble son retard<\/p>\n<p class=\"\">Derri\u00e8re ces chiffres se cache cependant une r\u00e9alit\u00e9 : Paris accuse encore un retard par rapport \u00e0 d\u2019autres grandes capitales europ\u00e9ennes, dont Amsterdam (Pays-Bas), Berlin (Allemagne) et Londres (Royaume-Uni). \u00ab Ces villes comptent entre 15 000 et 20 000 lits, Paris est \u00e0 10 000 environ \u00bb contre un peu plus de 5 000 en 2015, constate Guillaume Garcin, directeur g\u00e9n\u00e9ral France de Christie &amp; Co.<\/p>\n<p class=\"\">La dynamique est donc enclench\u00e9e avec des pics ces derni\u00e8res ann\u00e9es : 1 592 lits cr\u00e9\u00e9s en 2019. L\u2019ann\u00e9e 2024, avec 738 nouveaux lits, confirme la reprise post-pand\u00e9mie et l\u2019int\u00e9r\u00eat pour ce type d\u2019h\u00e9bergement. \u00ab D\u2019ici \u00e0 2030, Paris et sa p\u00e9riph\u00e9rie verront une augmentation sensible du nombre de lits. \u00c0 l\u2019\u00e9chelle nationale, on table sur une hausse de 20 % \u00e0 horizon 2030 \u00bb, projette Guillaume Garcin.<\/p>\n<p>Du dortoir au lifestyle<\/p>\n<p class=\"\">En effet, les auberges de jeunesse parisiennes se multiplient et prennent un virage premium. \u00ab Paris reste la ville du luxe dans laquelle l\u2019h\u00f4tellerie \u00e9conomique n\u2019avait pas forc\u00e9ment sa place. Le mod\u00e8le tend \u00e0 \u00e9voluer, avec des auberges de jeunesse qui misent sur l\u2019exp\u00e9rience client. On n\u2019est plus dans le format YMCA, comme en Angleterre, avec ces immenses dortoirs \u00bb, analyse Roch Barberon, directeur asset management &amp; d\u00e9veloppement chez The People.<\/p>\n<p class=\"\">Le groupe pr\u00e9sent \u00e0 Belleville, Nation, dans le Marais et \u00e0 Bercy est l\u2019une des principales enseignes parisiennes avec HipHop Hostels, St-Christopher Inns, Meininger Hotels et <a href=\"https:\/\/www.leparisien.fr\/paris-75\/en-images-au-coeur-de-generator-la-plus-grande-auberge-de-jeunesse-de-paris-30-01-2015-4492913.php\" target=\"_blank\" rel=\"noreferrer noopener\">Generator<\/a>.<\/p>\n<p><img decoding=\"async\" class=\"image \" loading=\"lazy\" src=\"https:\/\/www.europesays.com\/fr\/wp-content\/uploads\/2025\/12\/IJXULBUTPBDXNF4TTDXDYCAAC4.jpg\" alt=\"Boulevard Morland (IVe), d\u00e9cembre 2025. The People Maris dispose d'un espace bar et restaurant avec une terrasse. Un \u00e9tage qui profite aux clients de l'auberge de jeunesse, et pas seulement. LP\/Paul Abran\" align=\"\" data-rubrique-principale=\"\" data-article-type=\"\" fetchpriority=\"auto\"\/>Boulevard Morland (IVe), d\u00e9cembre 2025. The People Maris dispose d&rsquo;un espace bar et restaurant avec une terrasse. Un \u00e9tage qui profite aux clients de l&rsquo;auberge de jeunesse, et pas seulement. LP\/Paul Abran<\/p>\n<p class=\"\">L\u2019\u00e9tablissement du boulevard Morland dispose de 24 chambres doubles ou famille, des dortoirs de 4, 6 et 8 lits. \u00ab Nous avons des espaces communs, des salons avec jeux de soci\u00e9t\u00e9, une cuisine partag\u00e9e, un restaurant et bar, une terrasse \u00bb, \u00e9num\u00e8re Cl\u00e9mence Beaufr\u00e8re, la directrice de The People Marais, <a href=\"https:\/\/www.leparisien.fr\/immobilier\/paris-logements-sociaux-hotel-de-luxe-commerces-visite-guidee-de-limmeuble-quartier-morland-22-05-2022-YMVHKP5Y6RES7KSYI2DVOO3OFA.php\" target=\"_blank\" rel=\"noreferrer noopener\">implant\u00e9 dans l\u2019ancien site administratif de la pr\u00e9fecture<\/a>.<\/p>\n<p class=\"\">L\u2019auberge de jeunesse devient ainsi un lieu de vie \u00e0 part enti\u00e8re. \u00ab Une client\u00e8le corpo \u00bb a m\u00eame fait son apparition. \u00ab On a rajout\u00e9 des prises \u00e9lectriques. En journ\u00e9e, l\u2019\u00e9tage avec le bar\/restaurant devient un espace de <a href=\"https:\/\/www.leparisien.fr\/paris-75\/paris-coworking-et-espaces-de-travail-flexibles-un-marche-qui-mise-sur-lexperience-client-05-05-2025-YMJUJ6DRV5AE7B6YHJOWBB4CBI.php\" target=\"_blank\" rel=\"noreferrer noopener\">coworking<\/a> \u00bb, constate Cl\u00e9mence Beaufr\u00e8re.<\/p>\n<p>\u00ab Une soif de voyager \u00bb<\/p>\n<p class=\"\">Si les backpackers (voyageurs en sac \u00e0 dos) de 18-35 ans constituent toujours le c\u0153ur de cible, le profil des clients s\u2019est consid\u00e9rablement \u00e9largi. \u00ab Il y a une soif de voyager, des familles, des jeunes, des groupes scolaires. Une client\u00e8le qui recherche l\u2019\u00e9conomie, des bons emplacements, des lieux o\u00f9 sociabiliser \u00bb, observe Lucie Perrin, responsable transactions chez Christie &amp; Co.<\/p>\n<p class=\"\">Chez The People Marais, \u00ab en moyenne, nos clients ont entre 25 et 35 ans, de nationalit\u00e9s tr\u00e8s diverses. Des Am\u00e9ricains, des Asiatiques\u2026 Quelques groupes scolaires aussi et des familles \u00bb, confirme Cl\u00e9mence Beaufr\u00e8re.<\/p>\n<p><img decoding=\"async\" class=\"image \" loading=\"lazy\" src=\"https:\/\/www.europesays.com\/fr\/wp-content\/uploads\/2025\/12\/RSFZ2ENSENAW3ABNV6Q7FOOUTM.jpg\" alt=\"Boulevard Morland (IVe), d\u00e9cembre 2025. Cette chambre familiale dispose d'un grand lit double et de deux lits superpos\u00e9s. LP\/Paul Abran\" align=\"\" data-rubrique-principale=\"\" data-article-type=\"\" fetchpriority=\"auto\"\/>Boulevard Morland (IVe), d\u00e9cembre 2025. Cette chambre familiale dispose d&rsquo;un grand lit double et de deux lits superpos\u00e9s. LP\/Paul Abran<\/p>\n<p class=\"\">Marcelina, 24 ans, a r\u00e9serv\u00e9 4 nuits avec ses amies am\u00e9ricaines. \u00ab Nous sommes \u00e0 Paris pour une f\u00eate d\u2019anniversaire. L\u2019hostel est confortable, bien situ\u00e9, on manque peut-\u00eatre un peu de place pour toutes nos valises, mais je recommande. \u00bb<\/p>\n<p class=\"\">L\u2019innovation r\u00e9side notamment dans l\u2019offre familiale : \u00ab Aujourd\u2019hui, une famille qui s\u00e9journe \u00e0 Paris a besoin de deux chambres dans un h\u00f4tel classique. Ici, nous avons ce qu\u2019il faut avec un grand lit et des lits superpos\u00e9s d\u00e9pliables. Des \u00e9crans \u00e9galement \u00bb, explique Roch Barberon.<\/p>\n<p class=\"\">Les s\u00e9jours sont courts \u2013 2 \u00e0 3 nuits en moyenne \u2013 mais le taux de remplissage est \u00e9lev\u00e9 : \u00ab Entre 85 et 90 %. En derni\u00e8re minute, \u00e7a fonctionne tr\u00e8s bien \u00bb, se f\u00e9licite la directrice de The People Marais.<\/p>\n<p>Des nouveaux \u00e9tablissements d\u00e8s 2026<\/p>\n<p class=\"\">De nouveaux projets sont en cours dans la Ville Lumi\u00e8re. La Fonci\u00e8re Concorde pr\u00e9voit d\u2019ouvrir en 2026 une auberge de jeunesse de 100 chambres et 20 dortoirs \u00e0 proximit\u00e9 du parc de la Villette (XIXe) &#8211; l\u2019un des quartiers qui compte, avec Al\u00e9sia (XIVe), le plus de lits. L\u2019ann\u00e9e suivante, le groupe Eklo s\u2019implantera porte de Saint-Ouen (107 chambres, 11 dortoirs) quand le groupe SLO Living songe \u00e0 une arriv\u00e9e \u00e0 Paris, liste Christie &amp; Co.<\/p>\n<p class=\"\">Avec \u00ab un flux touristique \u00e0 Paris \u00e9quivalent, si ce n\u2019est sup\u00e9rieur en 2025 \u00e0 celui de 2019, la demande est forte \u00bb. Et \u00ab elle profite autant <a href=\"https:\/\/www.leparisien.fr\/paris-75\/tourisme-comment-paris-et-lile-de-france-misent-de-plus-en-plus-sur-loffre-premium-pour-developper-leur-attrait-30-10-2025-QL5622P42FDZRJN2C7PV36JCRA.php\" target=\"_blank\" rel=\"noreferrer noopener\">au luxe<\/a> qu\u2019aux mod\u00e8les hybrides et \u00e9conomiques qui se tournent vers un format plus premium, des dortoirs de 4 \u00e0 10 personnes, des chambres r\u00e9serv\u00e9es aux femmes \u00bb, souligne Guillaume Garcin. Un segment de l\u2019h\u00f4tellerie parisienne longtemps n\u00e9glig\u00e9 qui prend de plus en plus ses quartiers dans la capitale.<\/p>\n","protected":false},"excerpt":{"rendered":"Arriv\u00e9e du Luxembourg la veille, Veronica conclut son s\u00e9jour europ\u00e9en dans la Ville Lumi\u00e8re. \u00ab First time in&hellip;\n","protected":false},"author":2,"featured_media":598666,"comment_status":"","ping_status":"","sticky":false,"template":"","format":"standard","meta":{"footnotes":""},"categories":[1888],"tags":[11,1777,674,1011,27,1944,12,626,25],"class_list":{"0":"post-598665","1":"post","2":"type-post","3":"status-publish","4":"format-standard","5":"has-post-thumbnail","7":"category-paris","8":"tag-actualites","9":"tag-eu","10":"tag-europe","11":"tag-fr","12":"tag-france","13":"tag-ma-ville","14":"tag-news","15":"tag-paris","16":"tag-republique-francaise"},"share_on_mastodon":{"url":"https:\/\/pubeurope.com\/@fr\/115717922776827847","error":""},"_links":{"self":[{"href":"https:\/\/www.europesays.com\/fr\/wp-json\/wp\/v2\/posts\/598665","targetHints":{"allow":["GET"]}}],"collection":[{"href":"https:\/\/www.europesays.com\/fr\/wp-json\/wp\/v2\/posts"}],"about":[{"href":"https:\/\/www.europesays.com\/fr\/wp-json\/wp\/v2\/types\/post"}],"author":[{"embeddable":true,"href":"https:\/\/www.europesays.com\/fr\/wp-json\/wp\/v2\/users\/2"}],"replies":[{"embeddable":true,"href":"https:\/\/www.europesays.com\/fr\/wp-json\/wp\/v2\/comments?post=598665"}],"version-history":[{"count":0,"href":"https:\/\/www.europesays.com\/fr\/wp-json\/wp\/v2\/posts\/598665\/revisions"}],"wp:featuredmedia":[{"embeddable":true,"href":"https:\/\/www.europesays.com\/fr\/wp-json\/wp\/v2\/media\/598666"}],"wp:attachment":[{"href":"https:\/\/www.europesays.com\/fr\/wp-json\/wp\/v2\/media?parent=598665"}],"wp:term":[{"taxonomy":"category","embeddable":true,"href":"https:\/\/www.europesays.com\/fr\/wp-json\/wp\/v2\/categories?post=598665"},{"taxonomy":"post_tag","embeddable":true,"href":"https:\/\/www.europesays.com\/fr\/wp-json\/wp\/v2\/tags?post=598665"}],"curies":[{"name":"wp","href":"https:\/\/api.w.org\/{rel}","templated":true}]}}