{"id":598668,"date":"2025-12-14T12:33:25","date_gmt":"2025-12-14T12:33:25","guid":{"rendered":"https:\/\/www.europesays.com\/fr\/598668\/"},"modified":"2025-12-14T12:33:25","modified_gmt":"2025-12-14T12:33:25","slug":"guerre-en-ukraine-zelensky-se-dit-pret-au-dialogue-avant-des-discussions-avec-americains-et-europeens","status":"publish","type":"post","link":"https:\/\/www.europesays.com\/fr\/598668\/","title":{"rendered":"Guerre en Ukraine. Zelensky se dit pr\u00eat au \u00ab\u00a0dialogue\u00a0\u00bb avant des discussions avec Am\u00e9ricains et Europ\u00e9ens"},"content":{"rendered":"<p>Le pr\u00e9sident ukrainien <a href=\"https:\/\/www.ledauphine.com\/p\/volodymyr-zelensky\" target=\"_blank\" rel=\"noopener\">Volodymyr Zelensky<\/a>, arriv\u00e9 dimanche \u00e0 Berlin pour des <a href=\"https:\/\/www.ledauphine.com\/defense-guerre-conflit\/2025\/12\/13\/donald-trump-envoie-son-emissaire-steve-witkoff-rencontrer-volodymyr-zelensky\" target=\"_blank\" rel=\"noopener\">discussions avec Am\u00e9ricains et Europ\u00e9ens<\/a>, s&rsquo;est dit pr\u00eat \u00ab au dialogue \u00bb pour trouver une issue diplomatique \u00e0 la guerre en Ukraine.\u00a0\u00ab Le sommet \u00e0 Berlin est important \u00bb, a d\u00e9clar\u00e9 Volodymyr Zelensky lors d&rsquo;une conf\u00e9rence de presse en ligne, pr\u00e9cisant que des discussions \u00e9taient pr\u00e9vues dans la capitale allemande \u00ab aujourd&rsquo;hui et demain \u00bb.<\/p>\n<p>Il a pr\u00e9cis\u00e9 ne pas avoir encore re\u00e7u de r\u00e9ponse am\u00e9ricaine \u00e0 la derni\u00e8re version du plan de propositions pour mettre fin au conflit, amend\u00e9e cette semaine par Kiev et ses alli\u00e9s europ\u00e9ens et ensuite transmis \u00e0 Washington.\u00a0\u00ab J&rsquo;ai re\u00e7u quelques messages de mon \u00e9quipe de n\u00e9gociation, je re\u00e7ois tous les signaux et je serai pr\u00eat au dialogue qui va commencer aujourd&rsquo;hui \u00bb, a-t-il poursuivi.<\/p>\n<p>Un gel de la ligne de front souhait\u00e9 par Kiev<\/p>\n<p>Il a r\u00e9affirm\u00e9 que Kiev souhaitait des garanties de s\u00e9curit\u00e9 de ses alli\u00e9s europ\u00e9ens et de Washington pour dissuader la Russie de l&rsquo;attaquer \u00e0 nouveau en cas de cessez-le-feu sur le front.\u00a0Le pr\u00e9sident ukrainien Volodymyr Zelensky a notamment fait savoir qu&rsquo;il souhaitait convaincre les Etats-Unis de soutenir un cessez-le-feu impliquant un gel de la ligne de front en Ukraine. \u00ab J&rsquo;estime qu&rsquo;aujourd&rsquo;hui l&rsquo;option la plus juste possible, c&rsquo;est \u00ab\u00a0On reste o\u00f9 on est\u00a0\u00bb (sur le front, NDLR) (&#8230;) Il s&rsquo;agit d&rsquo;un cessez-le-feu : les parties restent sur leurs positions et tentent ensuite de r\u00e9soudre tous les probl\u00e8mes communs par voie diplomatique. Je sais que la Russie ne voit pas cela d&rsquo;un bon \u0153il et j&rsquo;aimerais que les Am\u00e9ricains nous soutiennent sur ce point \u00bb, a-t-il affirm\u00e9.<\/p>\n<p>\u00ab Nous envisageons un plan-cadre en 20 points, qui se termine par un cessez-le-feu \u00bb et \u00ab aujourd&rsquo;hui nous voulons \u00eatre s\u00fbrs qu&rsquo;il y aura pas de r\u00e9p\u00e9tition de la guerre apr\u00e8s un cessez-le-feu \u00bb, a \u00e9galement indiqu\u00e9 le pr\u00e9sident ukrainien.<\/p>\n<p>Il a pr\u00e9cis\u00e9 que les \u00ab discussions bilat\u00e9rales de s\u00e9curit\u00e9 \u00bb envisageaient actuellement un m\u00e9canisme inspir\u00e9 de l&rsquo;article 5 de l&rsquo;Otan pr\u00e9voyant une protection mutuelle des pays membres, sans adh\u00e9sion formelle de l&rsquo;Ukraine \u00e0 l&rsquo;Alliance atlantique, comme le demandait Kiev auparavant. \u00ab C&rsquo;est d\u00e9j\u00e0 un compromis de notre part \u00bb, a pr\u00e9cis\u00e9 Volodymyr Zelensky \u00e0 ce sujet.<\/p>\n<p>Vendredi soir, un haut responsable de la Maison Blanche a confirm\u00e9 la venue en Allemagne de l&rsquo;\u00e9missaire am\u00e9ricain Steve Witkoff. Ce dernier avait \u00e9t\u00e9 re\u00e7u \u00e0 Moscou d\u00e9but d\u00e9cembre.<\/p>\n","protected":false},"excerpt":{"rendered":"Le pr\u00e9sident ukrainien Volodymyr Zelensky, arriv\u00e9 dimanche \u00e0 Berlin pour des discussions avec Am\u00e9ricains et Europ\u00e9ens, s&rsquo;est dit&hellip;\n","protected":false},"author":2,"featured_media":598669,"comment_status":"","ping_status":"","sticky":false,"template":"","format":"standard","meta":{"footnotes":""},"categories":[1590],"tags":[11,3206,1777,674,107,329,12,316,220],"class_list":{"0":"post-598668","1":"post","2":"type-post","3":"status-publish","4":"format-standard","5":"has-post-thumbnail","7":"category-ukraine","8":"tag-actualites","9":"tag-defense-guerre-conflit","10":"tag-eu","11":"tag-europe","12":"tag-fil-info","13":"tag-france-monde","14":"tag-news","15":"tag-politique","16":"tag-ukraine"},"share_on_mastodon":{"url":"","error":""},"_links":{"self":[{"href":"https:\/\/www.europesays.com\/fr\/wp-json\/wp\/v2\/posts\/598668","targetHints":{"allow":["GET"]}}],"collection":[{"href":"https:\/\/www.europesays.com\/fr\/wp-json\/wp\/v2\/posts"}],"about":[{"href":"https:\/\/www.europesays.com\/fr\/wp-json\/wp\/v2\/types\/post"}],"author":[{"embeddable":true,"href":"https:\/\/www.europesays.com\/fr\/wp-json\/wp\/v2\/users\/2"}],"replies":[{"embeddable":true,"href":"https:\/\/www.europesays.com\/fr\/wp-json\/wp\/v2\/comments?post=598668"}],"version-history":[{"count":0,"href":"https:\/\/www.europesays.com\/fr\/wp-json\/wp\/v2\/posts\/598668\/revisions"}],"wp:featuredmedia":[{"embeddable":true,"href":"https:\/\/www.europesays.com\/fr\/wp-json\/wp\/v2\/media\/598669"}],"wp:attachment":[{"href":"https:\/\/www.europesays.com\/fr\/wp-json\/wp\/v2\/media?parent=598668"}],"wp:term":[{"taxonomy":"category","embeddable":true,"href":"https:\/\/www.europesays.com\/fr\/wp-json\/wp\/v2\/categories?post=598668"},{"taxonomy":"post_tag","embeddable":true,"href":"https:\/\/www.europesays.com\/fr\/wp-json\/wp\/v2\/tags?post=598668"}],"curies":[{"name":"wp","href":"https:\/\/api.w.org\/{rel}","templated":true}]}}