{"id":598672,"date":"2025-12-14T12:36:33","date_gmt":"2025-12-14T12:36:33","guid":{"rendered":"https:\/\/www.europesays.com\/fr\/598672\/"},"modified":"2025-12-14T12:36:33","modified_gmt":"2025-12-14T12:36:33","slug":"au-royaume-uni-accor-devoile-sa-collection-emblems","status":"publish","type":"post","link":"https:\/\/www.europesays.com\/fr\/598672\/","title":{"rendered":"Au Royaume-Uni, Accor d\u00e9voile sa collection Emblems"},"content":{"rendered":"<p>\n    Lov\u00e9 dans les Cotswolds, le Lucknam Park Hotel\u00a0&amp;\u00a0Spa, propri\u00e9t\u00e9 d\u2019une famille d\u2019armateurs et h\u00f4teliers grecs, bat nouveau pavillon. S\u2019y r\u00e9v\u00e8le l\u2019essence d\u2019une marque fort bien nomm\u00e9e.<\/p>\n<p class=\"fig-paragraph\">C\u2019est un bocage aux douces ondulations o\u00f9 s\u2019accrochent de pittoresques villages. Un paysage tout en m\u00e9lancolie, parfaitement intemporel et cin\u00e9g\u00e9nique que l\u2019on sillonne depuis l\u2019a\u00e9roport de Bristol. Dernier virage. Nous y sommes. Comme dans un roman de Jane Austen (Bath n\u2019est qu\u2019\u00e0 trente minutes)\u2026 Une longue all\u00e9e bord\u00e9e de tilleuls centenaires marque l\u2019entr\u00e9e d\u2019un immense domaine aux pelouses manucur\u00e9es. Le Lucknam Park Hotel\u00a0&amp;\u00a0Spa y d\u00e9ploie ses ailes de part et d\u2019autre de son manoir historique sur le perron duquel nous accueillent le \u00ab\u00a0ma\u00eetre de maison\u00a0\u00bb charg\u00e9 d\u2019en incarner l\u2019esprit et les petites f\u00e9es d\u2019Accor, tous r\u00e9unis pour ce moment rare qu\u2019est la naissance d\u2019une marque.<\/p>\n<p class=\"fig-paragraph\"><a href=\"http:\/\/www.lefigaro.fr\/voyages\/maud-bailly-anne-rigail-il-faut-continuer-de-bien-etre-francais-20250523\" data-fig-type=\"Article\" data-gtm-custom-categorie=\"navigation\" data-gtm-custom-action=\"crossclick\" data-gtm-custom-label=\"Contextuel\" data-gtm-event=\"customEventSPE\" data-fig-domain=\"LEFIGARO\" rel=\"nofollow noopener\" target=\"_blank\">Maud Bailly<\/a>, l\u2019\u00e9bouriffante directrice g\u00e9n\u00e9rale des marques Sofitel, MGallery et d\u00e9sormais Emblems, vient elle aussi d\u2019arriver. On la croise dans l\u2019\u00e9l\u00e9gance feutr\u00e9e du lobby qu\u2019un feu r\u00e9chauffe en ce d\u00e9but d\u2019hiver, en pleine conversation avec la discr\u00e8te Chloe Laskaridis, membre de la famille propri\u00e9taire. La gen\u00e8se de l\u2019histoire est l\u00e0, devant nous. Le feu et l\u2019eau. Deux forces vives se compl\u00e9tant et dont l\u2019alchimie de la rencontre il y a plusieurs ann\u00e9es donna naissance \u00e0 une vision commune. L\u2019\u00e9tincelle d\u2019o\u00f9 jaillira Emblems. La femme d\u2019affaires d\u2019Ath\u00e8nes cherchait un partenaire pour rehausser et valoriser Lucknam Park, ce secret d\u2019initi\u00e9s cher au c\u0153ur de son p\u00e8re qui l\u2019acquit en 1994. Mais aucune des 45 marques d\u2019Accor ne r\u00e9pondait alors aux particularit\u00e9s de cette maison profond\u00e9ment ancr\u00e9e dans son territoire et \u00e0 l\u2019\u00e2me si singuli\u00e8re.<\/p>\n<p>    Le Lucknam Park Hotel &amp; Spa y d\u00e9ploie ses ailes de part et d\u2019autre de son manoir historique.<br \/>\n                SDP<\/p>\n<p>                                            <a class=\"fig-a11y-skip\" href=\"#fig-a11y-skip-main-inarticle\" data-module=\"a11y-skip\" data-context=\"was @visible\"><br \/>\n    Passer la publicit\u00e9<br \/>\n<\/a>            <\/p>\n<p class=\"fig-paragraph\">\u00ab\u00a0Lorsque nous avons acquis cette propri\u00e9t\u00e9, elle n\u2019\u00e9tait pas telle que vous la voyez aujourd\u2019hui, t\u00e9moignera, \u00e9mue, Chloe Laskaridis dans son discours inaugural. Au cours des trente derni\u00e8res ann\u00e9es, nous avons investi dans un nouveau spa, un nouveau restaurant et acquis tous les terrains environnants, les bois et les cottages que vous voyez derri\u00e8re le centre \u00e9questre. Nous avons restaur\u00e9 avec beaucoup d\u2019amour le domaine pour lui redonner son aspect des ann\u00e9es 1720. Lucknam Park n\u2019a jamais \u00e9t\u00e9 seulement une entreprise pour notre famille. C\u2019est vraiment une passion.\u00a0\u00bb Un engagement de c\u0153ur qui se mesure \u00e0 la fid\u00e9lit\u00e9 des \u00e9quipes, \u00e0 l\u2019instar du chef Hywel Jones qui conserve son \u00e9toile Michelin pour la 20e ann\u00e9e cons\u00e9cutive en 2025.<\/p>\n<p>                                            Un luxe intimiste pour voyageurs esth\u00e8tes<\/p>\n<p>    L\u2019identit\u00e9 de chaque h\u00f4tel s\u2019exprime ainsi \u00e0 travers une anthologie litt\u00e9raire d\u00e9di\u00e9e et un ingr\u00e9dient du terroir embl\u00e9matique.<br \/>\n                SDP<\/p>\n<p class=\"fig-paragraph\">Quatre ans apr\u00e8s l\u2019annonce de sa cr\u00e9ation, voici donc lanc\u00e9e la marque Emblems, nouveau prolongement du segment luxe-ultraluxe trac\u00e9 depuis 2013 par le PDG du groupe Accor. \u00ab\u00a0Notre ambition est de cr\u00e9er une collection d\u2019h\u00f4tels au luxe intimiste, \u00e0 l\u2019identit\u00e9 exceptionnelle, offrant une exp\u00e9rience si compl\u00e8te et distinctive qu\u2019ils constituent eux-m\u00eames une v\u00e9ritable destination, d\u00e9veloppe\u00a0<a href=\"http:\/\/www.lefigaro.fr\/societes\/pourquoi-sebastien-bazin-prepare-une-troisieme-scission-du-geant-francais-de-l-hotellerie-accor-20251024\" target=\"_blank\" data-fig-type=\"Article\" rel=\"noopener nofollow\" data-gtm-custom-categorie=\"navigation\" data-gtm-custom-action=\"crossclick\" data-gtm-custom-label=\"Contextuel\" data-gtm-event=\"customEventSPE\" data-fig-domain=\"LEFIGARO\">S\u00e9bastien Bazin<\/a>\u00a0qui a fait le d\u00e9placement pour c\u00e9l\u00e9brer l\u2019\u00e9v\u00e9nement, des h\u00f4tels que des voyageurs esth\u00e8tes en qu\u00eate d\u2019\u00e9motions choisiront de d\u00e9couvrir parce que ce sont des Emblems et qu\u2019ils s\u2019y sentiront appartenir \u00e0 un cercle tr\u00e8s exclusif.\u00a0\u00bb<\/p>\n<p class=\"fig-paragraph\">\u00c0 Maud Bailly et ses \u00e9quipes de sublimer sans les d\u00e9naturer ces maisons qu\u2019elles d\u00e9nichent comme l\u2019orpailleur sa p\u00e9pite, avec patience et d\u00e9termination. \u00c0 ces h\u00f4tels \u00e0 taille humaine (sur ses 200\u00a0hectares, le Lucknam Park ne compte que 42 chambres et suites r\u00e9parties entre ses b\u00e2timents historiques, et 9 cottages ind\u00e9pendants), Accor apporte son aura internationale, son expertise de la gestion h\u00f4teli\u00e8re et son art consomm\u00e9 de l\u2019accroche narrative authentique. L\u2019identit\u00e9 de chaque h\u00f4tel (12 ont d\u00e9j\u00e0 sign\u00e9) s\u2019exprime ainsi \u00e0 travers une anthologie litt\u00e9raire d\u00e9di\u00e9e et un ingr\u00e9dient du terroir embl\u00e9matique. Au Lucknam Park, c\u2019est la pomme du Wiltshire qui joue ce r\u00f4le, d\u00e9clin\u00e9e jusqu\u2019au Travel Cake \u00e9labor\u00e9 pour Emblems Collection par la talentueuse chef cor\u00e9enne Yun Eunyoung. \u00c0 savourer \u00e0 l\u2019heure du th\u00e9, apr\u00e8s une balade \u00e0 v\u00e9lo dans le parc, un soin au spa (prim\u00e9), une s\u00e9ance de tir au pigeon d\u2019argile ou d\u2019\u00e9quith\u00e9rapie sur le paddock\u2026 La promesse d\u2019un s\u00e9jour hors du temps.<\/p>\n<p class=\"fig-paragraph\"><a href=\"https:\/\/www.emblemscollection.com\/\" target=\"_blank\" rel=\"sponsored noopener nofollow\" data-gtm-custom-categorie=\"navigation\" data-gtm-custom-action=\"crossclick\" data-gtm-custom-label=\"Contextuel\" data-gtm-event=\"customEventSPE\">Emblemscollection.com<\/a><\/p>\n<p>                                            <a href=\"https:\/\/photo.lefigaro.fr\/voyages\/hotels\/visite-guidee-d-emblems-la-nouvelle-collection-d-hotels-de-luxe-du-groupe-accor-20251212\" rel=\"nofollow noopener\" target=\"_blank\"><\/p>\n<p class=\"fig-slideshow__title\">\n                    Visite en images du Lucknam Park, Emblems Collection\n                <\/p>\n<p>Acc\u00e9der au diaporama (10)<\/p>\n<p>    <\/a><\/p>\n","protected":false},"excerpt":{"rendered":"Lov\u00e9 dans les Cotswolds, le Lucknam Park Hotel\u00a0&amp;\u00a0Spa, propri\u00e9t\u00e9 d\u2019une famille d\u2019armateurs et h\u00f4teliers grecs, bat nouveau pavillon.&hellip;\n","protected":false},"author":2,"featured_media":598673,"comment_status":"","ping_status":"","sticky":false,"template":"","format":"standard","meta":{"footnotes":""},"categories":[1588],"tags":[71126,11,1777,674,2519,12,473,1853,1851,1850,1852],"class_list":{"0":"post-598672","1":"post","2":"type-post","3":"status-publish","4":"format-standard","5":"has-post-thumbnail","7":"category-royaume-uni","8":"tag-accorhotels","9":"tag-actualites","10":"tag-eu","11":"tag-europe","12":"tag-hotellerie","13":"tag-news","14":"tag-royaume-uni","15":"tag-royaume-uni-de-grande-bretagne-et-dirlande-du-nord","16":"tag-uk","17":"tag-united-kingdom","18":"tag-united-kingdom-of-great-britain-and-northern-ireland"},"share_on_mastodon":{"url":"https:\/\/pubeurope.com\/@fr\/115717956348700616","error":""},"_links":{"self":[{"href":"https:\/\/www.europesays.com\/fr\/wp-json\/wp\/v2\/posts\/598672","targetHints":{"allow":["GET"]}}],"collection":[{"href":"https:\/\/www.europesays.com\/fr\/wp-json\/wp\/v2\/posts"}],"about":[{"href":"https:\/\/www.europesays.com\/fr\/wp-json\/wp\/v2\/types\/post"}],"author":[{"embeddable":true,"href":"https:\/\/www.europesays.com\/fr\/wp-json\/wp\/v2\/users\/2"}],"replies":[{"embeddable":true,"href":"https:\/\/www.europesays.com\/fr\/wp-json\/wp\/v2\/comments?post=598672"}],"version-history":[{"count":0,"href":"https:\/\/www.europesays.com\/fr\/wp-json\/wp\/v2\/posts\/598672\/revisions"}],"wp:featuredmedia":[{"embeddable":true,"href":"https:\/\/www.europesays.com\/fr\/wp-json\/wp\/v2\/media\/598673"}],"wp:attachment":[{"href":"https:\/\/www.europesays.com\/fr\/wp-json\/wp\/v2\/media?parent=598672"}],"wp:term":[{"taxonomy":"category","embeddable":true,"href":"https:\/\/www.europesays.com\/fr\/wp-json\/wp\/v2\/categories?post=598672"},{"taxonomy":"post_tag","embeddable":true,"href":"https:\/\/www.europesays.com\/fr\/wp-json\/wp\/v2\/tags?post=598672"}],"curies":[{"name":"wp","href":"https:\/\/api.w.org\/{rel}","templated":true}]}}