{"id":598674,"date":"2025-12-14T12:37:23","date_gmt":"2025-12-14T12:37:23","guid":{"rendered":"https:\/\/www.europesays.com\/fr\/598674\/"},"modified":"2025-12-14T12:37:23","modified_gmt":"2025-12-14T12:37:23","slug":"les-start-up-de-la-defense-reclament-un-virage-pro-drones","status":"publish","type":"post","link":"https:\/\/www.europesays.com\/fr\/598674\/","title":{"rendered":"les start-up de la d\u00e9fense r\u00e9clament un virage pro-drones"},"content":{"rendered":"<p>D\u00e9termin\u00e9 \u00e0 faire de l&rsquo;Allemagne la premi\u00e8re force militaire conventionnelle d&rsquo;Europe, le gouvernement compte largement sur ses traditionnels g\u00e9ants industriels, mais pour les start-up du secteur, Berlin doit au plus vite effectuer un vrai virage vers les drones high-tech.<\/p>\n<p>Le d\u00e9fense redevient une pr\u00e9occupation majeure en Allemangne. Le chancelier Friedrich Merz a promis des <a href=\"https:\/\/www.bfmtv.com\/economie\/entreprises\/defense\/vehicules-blindes-artillerie-drones-l-allemagne-veut-augmenter-son-aide-militaire-a-l-ukraine-de-3-milliards-d-euros-l-annee-prochaine_AD-202511040725.html\" title=\"V\u00e9hicules blind\u00e9s, artillerie, drones\u2026 L&#039;Allemagne veut augmenter son aide militaire \u00e0 l&#039;Ukraine de 3 milliards d&#039;euros l&#039;ann\u00e9e prochaine\" class=\"internal_link\" target=\"_blank\" rel=\"noopener\">centaines de milliards d&rsquo;euros d&rsquo;investissements<\/a> afin de r\u00e9pondre \u00e0 la fois \u00e0 la menace russe, jug\u00e9e \u00e9vidente depuis l&rsquo;invasion de l&rsquo;Ukraine, et aux \u00c9tats-Unis qui ne veulent plus financer des pans entiers de la s\u00e9curit\u00e9 europ\u00e9enne.<\/p>\n<p>Mais pour les jeunes pousses de la tech, si le conflit en Ukraine a illustr\u00e9 une chose, c&rsquo;est que le progr\u00e8s technologique <a href=\"https:\/\/www.bfmtv.com\/economie\/entreprises\/defense\/l-allemagne-va-mobiliser-300-millions-d-euros-pour-doter-l-ukraine-de-milliers-de-drones-a-longue-portee_AD-202509090722.html\" title=\"L&#039;Allemagne va mobiliser 300 millions d&#039;euros pour doter l&#039;Ukraine de milliers de drones \u00e0 longue port\u00e9e\" class=\"internal_link\" target=\"_blank\" rel=\"noopener\">en mati\u00e8re de drones<\/a> est devenu le nerf de la guerre. Que ce soit pour frapper, larguer des projectiles, ravitailler ou espionner, ces appareils autonomes et sans pilote sont relativement bon march\u00e9.<\/p>\n<p>Ils sont capables de d\u00e9truire des syst\u00e8mes adverses bien plus chers, en ne risquant que les vies de l&rsquo;ennemi. Et leur efficacit\u00e9 et leur autonomie vont s&rsquo;accro\u00eetre avec les avanc\u00e9es de l&rsquo;intelligence artificielle. Chez leurs fabricants, on esp\u00e8re que le gouvernement allemand va r\u00e9aliser le caract\u00e8re r\u00e9volutionnaire de ces technologies, et les placer <a href=\"https:\/\/www.bfmtv.com\/economie\/entreprises\/defense\/l-industrie-allemande-s-allie-avec-trois-entreprises-americaines-pour-produire-des-drones-de-combat_AV-202508160138.html\" title=\"L&#039;industrie allemande s&#039;allie avec trois entreprises am\u00e9ricaines pour produire des drones de combat\" class=\"internal_link\" target=\"_blank\" rel=\"noopener\">au centre de l&rsquo;arm\u00e9e de demain<\/a>.<\/p>\n<blockquote class=\"embed embed_quote\"><p>\u00ab\u00a0Clairement, on a accord\u00e9 une importance excessive aux syst\u00e8mes traditionnels\u00a0\u00bb, ass\u00e8ne aupr\u00e8s de l&rsquo;AFP Gundbert Scherf, cofondateur de Helsing, start-up allemande lanc\u00e9e en 2021 qui livre des drones d&rsquo;attaque \u00e0 l&rsquo;Ukraine.<\/p><\/blockquote>\n<p>L&rsquo;Allemagne risque-t-elle de rater une r\u00e9volution technologique?<\/p>\n<p>\u00ab\u00a0J&rsquo;esp\u00e8re que les normes des d\u00e9penses vont changer, qu&rsquo;on passera d&rsquo;un ratio de 99% pour les syst\u00e8mes traditionnels et 1% pour les syst\u00e8mes autonomes, \u00e0 quelque chose de plus \u00e9quilibr\u00e9\u00a0\u00bb, poursuit le responsable de la soci\u00e9t\u00e9 dont la valeur a \u00e9t\u00e9 estim\u00e9 \u00e0 12 milliards d&rsquo;euros.<\/p>\n<p>Stark, autre nouveau venu fond\u00e9 l&rsquo;an dernier, reconna\u00eet un progr\u00e8s mais pointe aussi les lenteurs actuelles. \u00ab\u00a0L&rsquo;approvisionnement (militaire) en Allemagne est en train de changer, et \u00e7a c&rsquo;est vraiment positif\u00a0\u00bb, explique Josef Kranawetvogl, un haut responsable de Stark, qui compte parmi ses investisseurs le milliardaire controvers\u00e9 de la Silicon Valley, Peter Thiel, proche de Donald Trump.<\/p>\n<blockquote class=\"embed embed_quote\"><p>\u00ab\u00a0Nous sommes tr\u00e8s bons en Europe pour \u00e9crire des documents strat\u00e9giques, mais il nous faut plus de mise en oeuvre, on doit rester dans la course, on doit aller plus vite\u00a0\u00bb, dit-il.<\/p><\/blockquote>\n<p>Certains observateurs ext\u00e9rieurs partage cette analyse, pour eux, l&rsquo;Allemagne risque de rater une r\u00e9volution technologique, son arm\u00e9e ayant d\u00e9j\u00e0 connu son lot de scandales d&rsquo;\u00e9quipements obsol\u00e8tes ou inadapt\u00e9s.<\/p>\n<p>La \u00ab\u00a0planification (des militaires) est \u00e0 la tra\u00eene par rapport \u00e0 l&rsquo;essor inexorable des syst\u00e8mes autonomes et sans pilote\u00a0\u00bb, ont r\u00e9cemment \u00e9crit l&rsquo;historien britannique Niall Ferguson et Moritz Schularick, pr\u00e9sident de l&rsquo;Institut IfW Kiel. Pour eux, l&rsquo;Allemagne doit prendre garde \u00e0 ne pas se retrouver avec \u00ab\u00a0les armes de la derni\u00e8re guerre, au lieu de celles de la prochaine\u00a0\u00bb.<\/p>\n<p>Pour les poids lourds traditionnels, les petits dr\u00f4nes ne font pas gagner une guerre<\/p>\n<p>Face \u00e0 ces nouveaux venus, on trouve les poids lourds de l&rsquo;industrie de l&rsquo;armement, qui emploient des dizaines de milliers de personnes et sont ancr\u00e9s depuis des d\u00e9cennies dans le paysage politico-\u00e9conomique allemand.<\/p>\n<p>Le PDG de Rheinmetall, num\u00e9ro un du secteur dont l&rsquo;activit\u00e9 a \u00e9t\u00e9 fortement stimul\u00e9e avec la guerre en Ukraine, estime que le temps de l&rsquo;armement traditionnel n&rsquo;est pas r\u00e9volu. Selon lui, il faudra de tout : des drones high-tech certes, que son groupe produit d&rsquo;ailleurs, mais \u00e9galement beaucoup de chars, de canons, de munitions classiques.<\/p>\n<p>\u00ab\u00a0Sans v\u00e9hicules blind\u00e9s, il est impossible de d\u00e9fendre un pays ou de repousser un agresseur\u00a0\u00bb, a jug\u00e9 Armin Papperberger lors d&rsquo;une rencontre r\u00e9cente avec des journalistes \u00e9trangers \u00e0 laquelle un journaliste de l&rsquo;AFP participait.<\/p>\n<blockquote class=\"embed embed_quote\"><p>Pour lui, une guerre impliquant l&rsquo;Otan \u00ab\u00a0serait tr\u00e8s diff\u00e9rente de ce qu&rsquo;on voit actuellement en Ukraine\u00a0\u00bb.<\/p><\/blockquote>\n<p>\u00ab\u00a0Les drones y joueraient un r\u00f4le moins significatif qu&rsquo;actuellement\u00a0\u00bb, se risque-t-il \u00e0 pr\u00e9voir.<\/p>\n<p>C\u00f4t\u00e9 gouvernement, les chiffres parlent d&rsquo;eux-m\u00eames. Le ministre de la D\u00e9fense a \u00e9voqu\u00e9 10 milliards d&rsquo;euros d&rsquo;investissements dans les drones dans les prochaines ann\u00e9es. Or, selon des documents auxquels le site Politico a eu acc\u00e8s, l&rsquo;enveloppe des d\u00e9penses pr\u00e9vues pour 2024-2034 est de 377 milliards d&rsquo;euros. Dont quelque 88 milliards pour des soci\u00e9t\u00e9s dans l&rsquo;orbite de Rheinmettall.<\/p>\n<p>Un porte-parole du minist\u00e8re allemand de la D\u00e9fense n&rsquo;a pas souhait\u00e9 commenter ces chiffres, mais d\u00e9fend les armements traditionnels. Pour lui, les drones sont \u00ab\u00a0d\u00e9cisifs dans le combat\u00a0\u00bb, mais a eux seuls ils ne font pas la diff\u00e9rence dans une guerre.<\/p>\n<p>\u00ab\u00a0Les chars d&rsquo;assaut, les transports de troupes blind\u00e9s et les avions de combat seront toujours n\u00e9cessaires\u00a0\u00bb, juge ce porte-parole, qui ne souhaite pas \u00eatre identifi\u00e9 conform\u00e9ment \u00e0 la politique de son minist\u00e8re.<\/p>\n","protected":false},"excerpt":{"rendered":"D\u00e9termin\u00e9 \u00e0 faire de l&rsquo;Allemagne la premi\u00e8re force militaire conventionnelle d&rsquo;Europe, le gouvernement compte largement sur ses traditionnels&hellip;\n","protected":false},"author":2,"featured_media":444551,"comment_status":"","ping_status":"","sticky":false,"template":"","format":"standard","meta":{"footnotes":""},"categories":[1587],"tags":[11,672,1804,1805,1803,1777,674,1801,12,1802],"class_list":{"0":"post-598674","1":"post","2":"type-post","3":"status-publish","4":"format-standard","5":"has-post-thumbnail","7":"category-allemagne","8":"tag-actualites","9":"tag-allemagne","10":"tag-bundesrepublik-deutschland","11":"tag-de","12":"tag-deutschland","13":"tag-eu","14":"tag-europe","15":"tag-germany","16":"tag-news","17":"tag-republique-federale-dallemagne"},"share_on_mastodon":{"url":"https:\/\/pubeurope.com\/@fr\/115717960140341535","error":""},"_links":{"self":[{"href":"https:\/\/www.europesays.com\/fr\/wp-json\/wp\/v2\/posts\/598674","targetHints":{"allow":["GET"]}}],"collection":[{"href":"https:\/\/www.europesays.com\/fr\/wp-json\/wp\/v2\/posts"}],"about":[{"href":"https:\/\/www.europesays.com\/fr\/wp-json\/wp\/v2\/types\/post"}],"author":[{"embeddable":true,"href":"https:\/\/www.europesays.com\/fr\/wp-json\/wp\/v2\/users\/2"}],"replies":[{"embeddable":true,"href":"https:\/\/www.europesays.com\/fr\/wp-json\/wp\/v2\/comments?post=598674"}],"version-history":[{"count":0,"href":"https:\/\/www.europesays.com\/fr\/wp-json\/wp\/v2\/posts\/598674\/revisions"}],"wp:featuredmedia":[{"embeddable":true,"href":"https:\/\/www.europesays.com\/fr\/wp-json\/wp\/v2\/media\/444551"}],"wp:attachment":[{"href":"https:\/\/www.europesays.com\/fr\/wp-json\/wp\/v2\/media?parent=598674"}],"wp:term":[{"taxonomy":"category","embeddable":true,"href":"https:\/\/www.europesays.com\/fr\/wp-json\/wp\/v2\/categories?post=598674"},{"taxonomy":"post_tag","embeddable":true,"href":"https:\/\/www.europesays.com\/fr\/wp-json\/wp\/v2\/tags?post=598674"}],"curies":[{"name":"wp","href":"https:\/\/api.w.org\/{rel}","templated":true}]}}