{"id":598675,"date":"2025-12-14T12:38:16","date_gmt":"2025-12-14T12:38:16","guid":{"rendered":"https:\/\/www.europesays.com\/fr\/598675\/"},"modified":"2025-12-14T12:38:16","modified_gmt":"2025-12-14T12:38:16","slug":"championnats-deurope-de-cross-country-willem-renders-radieux-apres-sa-victoire-chez-les-juniors-u20-trop-fou-pour-etre-vrai","status":"publish","type":"post","link":"https:\/\/www.europesays.com\/fr\/598675\/","title":{"rendered":"Championnats d\u2019Europe de cross-country\u00a0: Willem Renders radieux apr\u00e8s sa victoire chez les juniors (U20)\u00a0: &lsquo;Trop fou pour \u00eatre vrai&rsquo;"},"content":{"rendered":"<p>La pr\u00e9paration des Championnats d\u2019Europe n\u2019avait pas \u00e9t\u00e9 id\u00e9ale pour <strong>Renders<\/strong>. \u00c0 la mi-octobre, il s\u2019\u00e9tait cass\u00e9 le coude dans un accident de la route. \u00ab\u00a0Je ne savais pas si j\u2019allais pouvoir participer \u00e0 ces Championnats d\u2019Europe. La cicatrice est encore bien visible. Heureusement, j\u2019ai pu \u00eatre op\u00e9r\u00e9 rapidement et je me suis bien remis\u00a0\u00bb.<\/p>\n<p>Renders a opt\u00e9 pour une tactique offensive et a men\u00e9 la course presque tout au long de l\u2019\u00e9preuve \u00e0 Lagoa. \u00ab\u00a0Avec le recul, ce n\u2019\u00e9tait pas la meilleure strat\u00e9gie de prendre la t\u00eate si t\u00f4t dans la course\u00a0\u00bb a-t-il estim\u00e9. \u00ab\u00a0L\u2019Espagnol qui m\u2019a d\u00e9pass\u00e9 \u00e0 la fin avait clairement mieux g\u00e9r\u00e9 son effort que moi. Heureusement, j\u2019ai \u00e9t\u00e9 juste assez rapide pour le battre au sprint\u00a0\u00bb.<\/p>\n<p>Lors de la c\u00e9r\u00e9monie de remise des prix dimanche apr\u00e8s-midi, Renders a pu entendre deux fois la Braban\u00e7onne\u00a0: pour sa m\u00e9daille d\u2019or individuelle et pour la m\u00e9daille d\u2019or belge au classement par pays.<\/p>\n<p>\u00ab\u00a0Le fait que nous ayons \u00e9galement remport\u00e9 l\u2019or au classement par pays rend cela encore plus beau. Pendant la course, c\u2019est difficile \u00e0 suivre, mais j\u2019\u00e9tais tr\u00e8s fier de voir apr\u00e8s coup que mes co\u00e9quipiers avaient \u00e9galement fait un travail fantastique.\u00a0\u00bb<\/p>\n<p>Il n\u2019a pas fallu longtemps \u00e0 Renders pour commencer \u00e0 penser \u00e0\u00a02026, o\u00f9 il pourra encore participer aux Championnats d\u2019Europe de cross-country dans la cat\u00e9gorie U20. \u00ab\u00a0Je suis curieux de voir ce que cela donnera \u00e0 Belgrade et si le parcours y sera aussi sp\u00e9cial qu\u2019ici\u00a0\u00bb, a-t-il conclu.<\/p>\n","protected":false},"excerpt":{"rendered":"La pr\u00e9paration des Championnats d\u2019Europe n\u2019avait pas \u00e9t\u00e9 id\u00e9ale pour Renders. \u00c0 la mi-octobre, il s\u2019\u00e9tait cass\u00e9 le&hellip;\n","protected":false},"author":2,"featured_media":598676,"comment_status":"","ping_status":"","sticky":false,"template":"","format":"standard","meta":{"footnotes":""},"categories":[1586],"tags":[11,1777,674,1011,27,12,25],"class_list":{"0":"post-598675","1":"post","2":"type-post","3":"status-publish","4":"format-standard","5":"has-post-thumbnail","7":"category-europe","8":"tag-actualites","9":"tag-eu","10":"tag-europe","11":"tag-fr","12":"tag-france","13":"tag-news","14":"tag-republique-francaise"},"share_on_mastodon":{"url":"https:\/\/pubeurope.com\/@fr\/115717964176704644","error":""},"_links":{"self":[{"href":"https:\/\/www.europesays.com\/fr\/wp-json\/wp\/v2\/posts\/598675","targetHints":{"allow":["GET"]}}],"collection":[{"href":"https:\/\/www.europesays.com\/fr\/wp-json\/wp\/v2\/posts"}],"about":[{"href":"https:\/\/www.europesays.com\/fr\/wp-json\/wp\/v2\/types\/post"}],"author":[{"embeddable":true,"href":"https:\/\/www.europesays.com\/fr\/wp-json\/wp\/v2\/users\/2"}],"replies":[{"embeddable":true,"href":"https:\/\/www.europesays.com\/fr\/wp-json\/wp\/v2\/comments?post=598675"}],"version-history":[{"count":0,"href":"https:\/\/www.europesays.com\/fr\/wp-json\/wp\/v2\/posts\/598675\/revisions"}],"wp:featuredmedia":[{"embeddable":true,"href":"https:\/\/www.europesays.com\/fr\/wp-json\/wp\/v2\/media\/598676"}],"wp:attachment":[{"href":"https:\/\/www.europesays.com\/fr\/wp-json\/wp\/v2\/media?parent=598675"}],"wp:term":[{"taxonomy":"category","embeddable":true,"href":"https:\/\/www.europesays.com\/fr\/wp-json\/wp\/v2\/categories?post=598675"},{"taxonomy":"post_tag","embeddable":true,"href":"https:\/\/www.europesays.com\/fr\/wp-json\/wp\/v2\/tags?post=598675"}],"curies":[{"name":"wp","href":"https:\/\/api.w.org\/{rel}","templated":true}]}}