{"id":598683,"date":"2025-12-14T12:42:12","date_gmt":"2025-12-14T12:42:12","guid":{"rendered":"https:\/\/www.europesays.com\/fr\/598683\/"},"modified":"2025-12-14T12:42:12","modified_gmt":"2025-12-14T12:42:12","slug":"coupe-du-monde-2026-pourquoi-lequipe-de-france-privilegie-boston-pour-etablir-son-camp-de-base","status":"publish","type":"post","link":"https:\/\/www.europesays.com\/fr\/598683\/","title":{"rendered":"Coupe du monde 2026\u00a0: pourquoi l\u2019\u00e9quipe de France privil\u00e9gie Boston pour \u00e9tablir son camp de base"},"content":{"rendered":"<p class=\"paragraph text_align_left lp-f-body-02\">Bien avant les d\u00e9bats sportifs, une question aussi simple qu\u2019essentielle concentre toute l\u2019attention de Didier Deschamps :<a href=\"https:\/\/www.leparisien.fr\/sports\/football\/coupe-du-monde\/camp-de-base-sans-doute-aux-etats-unis-fonctionnel-moderne-les-bleus-tournes-vers-la-coupe-du-monde-2026-05-12-2025-FT4FB2Y2LFBVZMKMG33EXKHKQQ.php\" target=\"_self\" rel=\"noopener\"> o\u00f9 installer les Bleus pendant un mois de comp\u00e9tition<\/a> ? Depuis le tirage au sort de la <a href=\"https:\/\/www.leparisien.fr\/sports\/football\/coupe-du-monde\/\" target=\"_blank\" rel=\"noreferrer noopener\">Coupe du monde 2026<\/a> (11 juin-19 juillet), qui a plac\u00e9 la France dans le groupe I face au S\u00e9n\u00e9gal, \u00e0 la Norv\u00e8ge et \u00e0 un barragiste intercontinental (Bolivie, Suriname ou Irak), le s\u00e9lectionneur et son staff affinent leurs curseurs.<\/p>\n<p class=\"\">D\u00e9sormais fix\u00e9s sur <a href=\"https:\/\/www.leparisien.fr\/sports\/football\/coupe-du-monde\/coupe-du-monde-2026-dates-horaires-viles-et-stades-le-calendrier-complet-de-lequipe-de-france-06-12-2025-CVKSYI4XFJHCPFSWFDO5MVQRFI.php\" target=\"_blank\" rel=\"noreferrer noopener\">leurs villes du premier tour<\/a> \u2013 East Rutherford (dans le New Jersey, pr\u00e8s de New York), Philadelphie et Boston \u2013, les Tricolores ont consid\u00e9rablement resserr\u00e9 le champ des possibles. Et Boston s\u2019est vite d\u00e9tach\u00e9e dans l\u2019esprit des d\u00e9cideurs.<\/p>\n","protected":false},"excerpt":{"rendered":"Bien avant les d\u00e9bats sportifs, une question aussi simple qu\u2019essentielle concentre toute l\u2019attention de Didier Deschamps : o\u00f9&hellip;\n","protected":false},"author":2,"featured_media":598684,"comment_status":"","ping_status":"","sticky":false,"template":"","format":"standard","meta":{"footnotes":""},"categories":[4],"tags":[11,451,63,1011,27,12,25,60],"class_list":{"0":"post-598683","1":"post","2":"type-post","3":"status-publish","4":"format-standard","5":"has-post-thumbnail","7":"category-france","8":"tag-actualites","9":"tag-coupe-du-monde","10":"tag-football","11":"tag-fr","12":"tag-france","13":"tag-news","14":"tag-republique-francaise","15":"tag-sports"},"share_on_mastodon":{"url":"https:\/\/pubeurope.com\/@fr\/115717979642035832","error":""},"_links":{"self":[{"href":"https:\/\/www.europesays.com\/fr\/wp-json\/wp\/v2\/posts\/598683","targetHints":{"allow":["GET"]}}],"collection":[{"href":"https:\/\/www.europesays.com\/fr\/wp-json\/wp\/v2\/posts"}],"about":[{"href":"https:\/\/www.europesays.com\/fr\/wp-json\/wp\/v2\/types\/post"}],"author":[{"embeddable":true,"href":"https:\/\/www.europesays.com\/fr\/wp-json\/wp\/v2\/users\/2"}],"replies":[{"embeddable":true,"href":"https:\/\/www.europesays.com\/fr\/wp-json\/wp\/v2\/comments?post=598683"}],"version-history":[{"count":0,"href":"https:\/\/www.europesays.com\/fr\/wp-json\/wp\/v2\/posts\/598683\/revisions"}],"wp:featuredmedia":[{"embeddable":true,"href":"https:\/\/www.europesays.com\/fr\/wp-json\/wp\/v2\/media\/598684"}],"wp:attachment":[{"href":"https:\/\/www.europesays.com\/fr\/wp-json\/wp\/v2\/media?parent=598683"}],"wp:term":[{"taxonomy":"category","embeddable":true,"href":"https:\/\/www.europesays.com\/fr\/wp-json\/wp\/v2\/categories?post=598683"},{"taxonomy":"post_tag","embeddable":true,"href":"https:\/\/www.europesays.com\/fr\/wp-json\/wp\/v2\/tags?post=598683"}],"curies":[{"name":"wp","href":"https:\/\/api.w.org\/{rel}","templated":true}]}}