{"id":598688,"date":"2025-12-14T12:51:17","date_gmt":"2025-12-14T12:51:17","guid":{"rendered":"https:\/\/www.europesays.com\/fr\/598688\/"},"modified":"2025-12-14T12:51:17","modified_gmt":"2025-12-14T12:51:17","slug":"mohamed-el-arouch-ex-ol-quitte-le-rwdm-brussels","status":"publish","type":"post","link":"https:\/\/www.europesays.com\/fr\/598688\/","title":{"rendered":"Mohamed El Arouch (ex-OL) quitte le RWDM Brussels"},"content":{"rendered":"<p>                            <img width=\"770\" height=\"433\" src=\"https:\/\/www.europesays.com\/fr\/wp-content\/uploads\/2025\/12\/Gmo0eT-b0AAJRfd-e1742714888412-770x433.jpeg\" class=\"attachment-article size-article wp-post-image\" alt=\"Mohamed El Arouch, ancien milieu de l'OL, aujourd'hui \u00e0 Molenbeek\" decoding=\"async\" fetchpriority=\"high\"  \/><\/p>\n<p>Mohamed El Arouch, ancien milieu de l\u2019OL, aujourd\u2019hui \u00e0 Molenbeek (@RWDM)<\/p>\n<p>Arriv\u00e9 au d\u00e9but de l&rsquo;ann\u00e9e au RWDM Brussels, Mohamed El Arouch quitte d\u00e9j\u00e0 la formation belge. Une s\u00e9paration officiellement \u00ab\u00a0d&rsquo;un commun accord\u00a0\u00bb. <\/p>\n<p>On le pensait parti pour enfin trouver de la stabilit\u00e9 apr\u00e8s son d\u00e9part de l&rsquo;OL et l&rsquo;\u00e9chec de son arriv\u00e9e \u00e0 Botafogo \u00e0 l&rsquo;\u00e9t\u00e9 2024. Mais ce n&rsquo;est finalement pas au RWDM Brussels que Mohamed <strong>El Arouch<\/strong> parviendra \u00e0 lancer v\u00e9ritablement sa carri\u00e8re. En effet, le club qui appartient aussi \u00e0 la structure Eagle a officialis\u00e9 vendredi le d\u00e9part du milieu de terrain. <\/p>\n<p>Il s&rsquo;\u00e9tait engag\u00e9 en faveur de la formation belge <a href=\"https:\/\/www.olympique-et-lyonnais.com\/mercato-el-arouch-ex-ol-signe-avec-molenbeek,351345.html\" target=\"_blank\" rel=\"noopener\">en f\u00e9vrier 2025<\/a>, plus de quatre mois apr\u00e8s son retour du Br\u00e9sil. Apr\u00e8s une p\u00e9riode de r\u00e9athl\u00e9tisation, le vainqueur de la Coupe Gambardella 2022 avec les Lyonnais avait retrouv\u00e9 la comp\u00e9tition en D2 (Challenger Pro League), disputant <a href=\"https:\/\/www.olympique-et-lyonnais.com\/molenbeek-retour-a-la-competition-gagnant-pour-mohamed-el-arouch-ex-ol,357336.html\" target=\"_blank\" rel=\"noopener\">six rencontres<\/a> (une titularisation) sur la fin de la saison. <\/p>\n<p>Vu seulement en r\u00e9serve cette saison<\/p>\n<p>Si l&rsquo;on pouvait l\u00e9gitimement croire qu&rsquo;il parviendrait \u00e0 devenir un \u00e9l\u00e9ment important de l&rsquo;\u00e9quipe apr\u00e8s une bonne pr\u00e9paration, il n&rsquo;en fut rien. Bless\u00e9 au <a href=\"https:\/\/www.olympique-et-lyonnais.com\/touche-mardi-el-arouch-ne-retrouvera-pas-lol-ce-mercredi,372600.html\" target=\"_blank\" rel=\"noopener\">cours de l&rsquo;\u00e9t\u00e9<\/a>, le footballeur de 21 ans n&rsquo;a jamais \u00e9volu\u00e9 avec le groupe professionnel sur l&rsquo;exercice 2025-2026. Il a en revanche disput\u00e9 cinq parties avec la r\u00e9serve. <\/p>\n<p>L&rsquo;histoire s&rsquo;arr\u00eatera l\u00e0, en ce milieu du mois de d\u00e9cembre. Une s\u00e9paration officiellement \u00ab\u00a0d&rsquo;un commun accord\u00a0\u00bb selon le communiqu\u00e9. Reste maintenant \u00e0 savoir quel chemin prendra la carri\u00e8re jusqu&rsquo;\u00e0 pr\u00e9sent tortueuse de ce joueur consid\u00e9r\u00e9 comme un grand talent de l&rsquo;acad\u00e9mie rhodanienne. <\/p>\n","protected":false},"excerpt":{"rendered":"Mohamed El Arouch, ancien milieu de l\u2019OL, aujourd\u2019hui \u00e0 Molenbeek (@RWDM) Arriv\u00e9 au d\u00e9but de l&rsquo;ann\u00e9e au RWDM&hellip;\n","protected":false},"author":2,"featured_media":598689,"comment_status":"","ping_status":"","sticky":false,"template":"","format":"standard","meta":{"footnotes":""},"categories":[1410],"tags":[71127,63,1011,27,71128,60],"class_list":{"0":"post-598688","1":"post","2":"type-post","3":"status-publish","4":"format-standard","5":"has-post-thumbnail","7":"category-football","8":"tag-el-arouch","9":"tag-football","10":"tag-fr","11":"tag-france","12":"tag-rwdm-brussels","13":"tag-sports"},"share_on_mastodon":{"url":"https:\/\/pubeurope.com\/@fr\/115718016224206485","error":""},"_links":{"self":[{"href":"https:\/\/www.europesays.com\/fr\/wp-json\/wp\/v2\/posts\/598688","targetHints":{"allow":["GET"]}}],"collection":[{"href":"https:\/\/www.europesays.com\/fr\/wp-json\/wp\/v2\/posts"}],"about":[{"href":"https:\/\/www.europesays.com\/fr\/wp-json\/wp\/v2\/types\/post"}],"author":[{"embeddable":true,"href":"https:\/\/www.europesays.com\/fr\/wp-json\/wp\/v2\/users\/2"}],"replies":[{"embeddable":true,"href":"https:\/\/www.europesays.com\/fr\/wp-json\/wp\/v2\/comments?post=598688"}],"version-history":[{"count":0,"href":"https:\/\/www.europesays.com\/fr\/wp-json\/wp\/v2\/posts\/598688\/revisions"}],"wp:featuredmedia":[{"embeddable":true,"href":"https:\/\/www.europesays.com\/fr\/wp-json\/wp\/v2\/media\/598689"}],"wp:attachment":[{"href":"https:\/\/www.europesays.com\/fr\/wp-json\/wp\/v2\/media?parent=598688"}],"wp:term":[{"taxonomy":"category","embeddable":true,"href":"https:\/\/www.europesays.com\/fr\/wp-json\/wp\/v2\/categories?post=598688"},{"taxonomy":"post_tag","embeddable":true,"href":"https:\/\/www.europesays.com\/fr\/wp-json\/wp\/v2\/tags?post=598688"}],"curies":[{"name":"wp","href":"https:\/\/api.w.org\/{rel}","templated":true}]}}