{"id":598690,"date":"2025-12-14T12:52:13","date_gmt":"2025-12-14T12:52:13","guid":{"rendered":"https:\/\/www.europesays.com\/fr\/598690\/"},"modified":"2025-12-14T12:52:13","modified_gmt":"2025-12-14T12:52:13","slug":"un-jour-la-verite-tombe-souailla-lepouse-de-jimmy-mohamed-en-rajoute-une-couche","status":"publish","type":"post","link":"https:\/\/www.europesays.com\/fr\/598690\/","title":{"rendered":"\u00ab\u00a0Un jour, la v\u00e9rit\u00e9 tombe\u00a0\u00bb : Souailla, l&rsquo;\u00e9pouse de Jimmy Mohamed, en rajoute une couche"},"content":{"rendered":"<p>      R\u00e9sum\u00e9<\/p>\n<p>Souailla Mohamed exprime publiquement sa douleur et d\u00e9nonce la toxicit\u00e9 de sa relation avec son \u00e9poux, relayant des paroles poignantes sur les amours malades et la v\u00e9rit\u00e9 finale.<\/p>\n<p>        Sommaire<\/p>\n<p>Depuis quelques jours, <strong>le linge sale de Jimmy Mohamed et de son \u00e9pouse Souailla se lave en public<\/strong>. <a href=\"https:\/\/www.public.fr\/jimmy-mohamed-qui-est-sa-femme-souailla-mohamed-qui-laccuse-de-violences\" target=\"_blank\" rel=\"noopener\">La jeune femme<\/a> a publi\u00e9 une s\u00e9rie de stories dans lesquelles elle a point\u00e9 du doigt le comportement de son \u00e9poux. \u00ab\u00a0Je suis arriv\u00e9e au bout du bout du rouleau. Quand vous subissez une injustice et que, derri\u00e8re, la personne parle d&rsquo;amour, de soutien de la femme enceinte ou de sant\u00e9 mentale, quand on a travers\u00e9 ce que j&rsquo;ai v\u00e9cu, il y a de quoi craquer par ce manque de d\u00e9cence au vu de la situation\u00a0\u00bb a d\u00e9clar\u00e9 la jeune femme, <strong>qui a ainsi cibl\u00e9 un comportement toxique<\/strong>.<\/p>\n<p>Tout avait d\u00e9marr\u00e9 quelques jours plus t\u00f4t encore, avec une premi\u00e8re story rapidement supprim\u00e9e. Apr\u00e8s une chronique de son \u00e9poux sur RTL <strong>sur la sant\u00e9 mentale des adolescents<\/strong>, Souailla avait r\u00e9agi \u00e0 chaud et s&rsquo;\u00e9tait emport\u00e9e : \u00ab\u00a0Moi je me demande comment aider une personne victime de violences psychologiques par son mari, un m\u00e9decin. Qui va jusqu&rsquo;\u00e0 essayer de faire croire qu&rsquo;elle a des hallucinations\u00a0\u00bb. Elle avait ensuite post\u00e9 plusieurs photos de la voiture de <a href=\"https:\/\/vsd.fr\/88441-jimmy-mohamed-le-medecin-du-paf-avoue-souffrir-dhypocondrie\/\" target=\"_blank\" rel=\"noopener\">l&rsquo;animateur du Mag de la sant\u00e9<\/a> sur France 5, sur lesquelles <strong>on d\u00e9couvre le r\u00e9gime alimentaire tr\u00e8s calorique de ce dernier<\/strong>.<\/p>\n<p>La guerre a repris de plus belle cette nuit<\/p>\n<p>Visiblement, Souailla et Jimmy Mohamed n&rsquo;ont pas sonn\u00e9 l&rsquo;armistice. Ce dimanche, en pleine nuit, <a href=\"https:\/\/www.public.fr\/jimmy-mohamed-sa-femme-souailla-a-pris-une-decision-radicale\" target=\"_blank\" rel=\"noopener\">l&rsquo;\u00e9pouse revancharde<\/a> <strong>a relay\u00e9 une chronique de Mosimann<\/strong> sur France Inter. Dans celle-ci, <a href=\"https:\/\/www.public.fr\/quentin-mosimann-decroche-un-job-de-reve-sur-france-inter\" target=\"_blank\" rel=\"noopener\">le DJ et gagnant de la Star Academy<\/a> cible les relations toxiques avec des mots forts et justes que Souailla a partag\u00e9s sans mot dire. Mais le simple relai de cette chronique quelques jours apr\u00e8s avoir accabl\u00e9 son mari semble dire beaucoup&#8230;<\/p>\n<p>\u00ab\u00a0Il y a des histoires o\u00f9 l&rsquo;on croit encore que l&rsquo;amour peut tout ; <strong>qu&rsquo;il soul\u00e8ve, qu&rsquo;il r\u00e9pare, qu&rsquo;il redonne souffle<\/strong>. Qu&rsquo;une pr\u00e9sence peut suffire \u00e0 renverser le destin. On s&rsquo;invente des trucs compl\u00e8tement dingues, comme croire qu&rsquo;on peut r\u00e9parer quelqu&rsquo;un alors qu&rsquo;on n&rsquo;a jamais eu les outils pour soi-m\u00eame\u00a0\u00bb d\u00e9bute <strong>Mosimann<\/strong> dans cette chronique d\u00e9di\u00e9e aux amours malades.<\/p>\n<p>Souailla Mohamed lui dit je t&rsquo;aime \u00ab\u00a0une derni\u00e8re fois\u00a0\u00bb<\/p>\n<p>Le chroniqueur va ensuite plus loin en ciblant la toxicit\u00e9 de certaines relations : \u00ab\u00a0On s&rsquo;use, on s&rsquo;ab\u00eeme (\u2026) Et puis un jour, la v\u00e9rit\u00e9 tombe : simple, brutale. On ne peut pas sauver l&rsquo;autre. <strong>Pas d&rsquo;une addiction, pas d&rsquo;une emprise, pas d&rsquo;un homme qui manipule, ni d&rsquo;une femme qui d\u00e9vore<\/strong>. Pas de ces violences invisibles qui rampent (\u2026) On ne sauve pas quelqu&rsquo;un qui pour tenir debout a besoin qu&rsquo;on tombe\u00a0\u00bb. Des mots forts, que Souailla Mohamed a relay\u00e9s, comme un \u00ab\u00a0dernier je t&rsquo;aime\u00a0\u00bb.<\/p>\n<p>\n          Hits &amp; People en continu\n        <\/p>\n<p>\n          Public Radio\n        <\/p>\n<p>      Mentionn\u00e9s dans cet article<\/p>\n<p>      Sur le m\u00eame sujet<\/p>\n","protected":false},"excerpt":{"rendered":"R\u00e9sum\u00e9 Souailla Mohamed exprime publiquement sa douleur et d\u00e9nonce la toxicit\u00e9 de sa relation avec son \u00e9poux, relayant&hellip;\n","protected":false},"author":2,"featured_media":598691,"comment_status":"","ping_status":"","sticky":false,"template":"","format":"standard","meta":{"footnotes":""},"categories":[1359],"tags":[1193,58,59,1011,27,28741,65629,973,71129],"class_list":{"0":"post-598690","1":"post","2":"type-post","3":"status-publish","4":"format-standard","5":"has-post-thumbnail","7":"category-people","8":"tag-couple","9":"tag-divertissement","10":"tag-entertainment","11":"tag-fr","12":"tag-france","13":"tag-harcelement-moral","14":"tag-jimmy-mohamed","15":"tag-people","16":"tag-quentin-mosimann"},"share_on_mastodon":{"url":"https:\/\/pubeurope.com\/@fr\/115718019122865335","error":""},"_links":{"self":[{"href":"https:\/\/www.europesays.com\/fr\/wp-json\/wp\/v2\/posts\/598690","targetHints":{"allow":["GET"]}}],"collection":[{"href":"https:\/\/www.europesays.com\/fr\/wp-json\/wp\/v2\/posts"}],"about":[{"href":"https:\/\/www.europesays.com\/fr\/wp-json\/wp\/v2\/types\/post"}],"author":[{"embeddable":true,"href":"https:\/\/www.europesays.com\/fr\/wp-json\/wp\/v2\/users\/2"}],"replies":[{"embeddable":true,"href":"https:\/\/www.europesays.com\/fr\/wp-json\/wp\/v2\/comments?post=598690"}],"version-history":[{"count":0,"href":"https:\/\/www.europesays.com\/fr\/wp-json\/wp\/v2\/posts\/598690\/revisions"}],"wp:featuredmedia":[{"embeddable":true,"href":"https:\/\/www.europesays.com\/fr\/wp-json\/wp\/v2\/media\/598691"}],"wp:attachment":[{"href":"https:\/\/www.europesays.com\/fr\/wp-json\/wp\/v2\/media?parent=598690"}],"wp:term":[{"taxonomy":"category","embeddable":true,"href":"https:\/\/www.europesays.com\/fr\/wp-json\/wp\/v2\/categories?post=598690"},{"taxonomy":"post_tag","embeddable":true,"href":"https:\/\/www.europesays.com\/fr\/wp-json\/wp\/v2\/tags?post=598690"}],"curies":[{"name":"wp","href":"https:\/\/api.w.org\/{rel}","templated":true}]}}