{"id":598694,"date":"2025-12-14T12:55:15","date_gmt":"2025-12-14T12:55:15","guid":{"rendered":"https:\/\/www.europesays.com\/fr\/598694\/"},"modified":"2025-12-14T12:55:15","modified_gmt":"2025-12-14T12:55:15","slug":"episodes-nouveaux-personnages-jean-luc-re","status":"publish","type":"post","link":"https:\/\/www.europesays.com\/fr\/598694\/","title":{"rendered":"\u00e9pisodes, nouveaux personnages&#8230; Jean-Luc Re &#8230;"},"content":{"rendered":"<p>EN BREF<\/p>\n<ul class=\"bloc_resume_post_list\">\n<li>La s\u00e9rie L\u00e9o Matt\u00e9i, Brigade des mineurs, diffus\u00e9e sur<br \/>\nTF1 depuis 2013, revient avec Jean-Luc Reichmann dans le r\u00f4le<br \/>\nprincipal.<\/li>\n<li>La 13e saison promet des intrigues captivantes avec des<br \/>\nguest stars comme Lannick Gautry, Vanessa Demouy et Adil<br \/>\nRami.<\/li>\n<li>Jean-Luc Reichmann \u00e9voque l\u00a0\u00bb\u00e9volution des personnages et<br \/>\nl&rsquo;arriv\u00e9e de nouvelles figures intrigantes dans la<br \/>\ns\u00e9rie.<\/li>\n<\/ul>\n<p>Lanc\u00e9e pour la premi\u00e8re fois sur l&rsquo;antenne de TF1 en 2013.<br \/>\n<a href=\"https:\/\/www.telestar.fr\/serie_tv\/leo-mattei-nest-plus-asexue-et-ca-gene-un-peu-jean-luc-reichmann-1719678\" target=\"_blank\" rel=\"noopener\"><br \/>\nLa s\u00e9rie L\u00e9o Matt\u00e9i, Brigade des mineurs<\/a> sera<br \/>\nprochainement de retour sur l&rsquo;antenne de la premi\u00e8re cha\u00eene. Pour<br \/>\nrappel, Jean-Luc Reichmann incarne dans cette fiction polici\u00e8re le<br \/>\npersonnage de L\u00e9o Matt\u00e9i.\u00a0Un commandant de police,<br \/>\n<strong>ayant int\u00e9gr\u00e9 la brigade des mineurs \u00e0 la suite de la<br \/>\ndisparition de sa fille<\/strong> de 8 ans Elo\u00efse. Il m\u00e8ne avec son<br \/>\n\u00e9quipe des enqu\u00eates toutes plus complexes les unes que les autres<br \/>\nafin d&rsquo;aider les enfants en danger.<\/p>\n<p>Ayant r\u00e9cemment achev\u00e9 le tournage de la 13e saison de cette<br \/>\ns\u00e9rie. Jean-Luc Reichmann s&rsquo;est confi\u00e9 sur les prochains \u00e9pisodes<br \/>\nde L\u00e9o Matt\u00e9i, Brigade des mineurs dans les colonnes du<br \/>\nmagazine T\u00e9l\u00e9 Star. En kiosque le lundi 15 d\u00e9cembre 2025.<br \/>\n\u00ab\u00a0<strong>C&rsquo;est la saison la plus aboutie, avec des histoires<br \/>\nmerveilleuses<\/strong>\u00ab\u00a0, a premi\u00e8rement d\u00e9clar\u00e9 le <a href=\"https:\/\/www.closermag.fr\/people\/jean-luc-reichmann-hyper-blessant-lanimateur-traumatise-apres-dinquietantes-revelations-3594477\" target=\"_blank\" rel=\"noopener\"><br \/>\npr\u00e9sentateur embl\u00e9matique des 12 coups de midi<\/a> sur TF1.<\/p>\n<p>L\u00e9o Mattei : la t\u00eate d&rsquo;affiche de la s\u00e9rie d\u00e9voile la<br \/>\nliste des guest stars qui apparaitront dans la 13e saison<\/p>\n<p>\u00ab\u00a0La premi\u00e8re se passe dans une chocolaterie avec Lannick<br \/>\nGautry. La deuxi\u00e8me, avec Vanessa Demouy. La troisi\u00e8me se d\u00e9roule<br \/>\ndans le milieu du football, avec <strong>Adil Rami qui fait ses<br \/>\npremiers pas en tant que com\u00e9dien<\/strong>. Et le coach Rolland<br \/>\nCourbis y passe une t\u00eate\u00a0\u00bb, a-t-il ensuite d\u00e9taill\u00e9. Jean-Luc<br \/>\nReichmann a aussi \u00e9t\u00e9 interrog\u00e9 sur <a href=\"https:\/\/www.telestar.fr\/serie_tv\/exclu-leo-mattei-le-heros-toujours-en-couple-dans-la-saison-13-jean-luc-reichmann-met-fin-au-suspense-1748218\" target=\"_blank\" rel=\"noopener\"><br \/>\nl&rsquo;avenir de la romance de son personnage avec celui de Natasha<br \/>\nSt-Pier<\/a>.<\/p>\n<p>\u00ab\u00a0Elle est toujours son amoureuse. On aura aussi de nouveaux<br \/>\npersonnages. Louvia Bachelier de Demain nous appartient succ\u00e8de \u00e0<br \/>\nLola Dubini. <strong>Stomy Bugsy est remplac\u00e9 par l&rsquo;excellent<br \/>\nVincent Desagnat<\/strong>\u00ab\u00a0, a notamment r\u00e9v\u00e9l\u00e9 l&rsquo;animateur.<br \/>\nPour rappel, Jean-Luc Reichmann sera aux commandes d&rsquo;un prime<br \/>\nexceptionnel baptis\u00e9 Les 12 coups de No\u00ebl le mercredi 24 d\u00e9cembre<br \/>\n2025 sur TF1.<\/p>\n<p>Jean-Luc Reichmann : \u00ab\u00a0\u00catre le P\u00e8re No\u00ebl<br \/>\nde TF1, c&rsquo;est autant un honneur qu&rsquo;une responsabilit\u00e9\u00a0\u00bb<\/p>\n<p>\u00ab\u00a0\u00catre le P\u00e8re No\u00ebl de TF1, c&rsquo;est autant un honneur qu&rsquo;une<br \/>\nresponsabilit\u00e9. Le 24 d\u00e9cembre au soir, il faut qu&rsquo;on fasse briller<br \/>\nles yeux, que les gens seuls se sentent en famille, r\u00e9confort\u00e9s<br \/>\nautour de leur \u00e9cran. <strong>Mimie Mathy a fait le d\u00e9placement de<br \/>\nVaison-la-Romaine<\/strong> pour partager ce moment avec moi.<br \/>\nDoroth\u00e9e m&rsquo;a dit out aussi\u00a0\u00bb, a-t-il ainsi r\u00e9v\u00e9l\u00e9.<\/p>\n<p>\u00ab\u00a0Booder vient. Il avait fait sa premi\u00e8re t\u00e9l\u00e9 avec moi dans<br \/>\nAttention \u00e0 la marche ! sur TF1. Il n&rsquo;a pas oubli\u00e9. Marine (de la<br \/>\nStar Academy, ndlr) sera l\u00e0 \u00e9galement. <strong>Face \u00e0 Cyprien, on a<br \/>\nd\u00e9cid\u00e9 de mettre le niveau tr\u00e8s haut.<\/strong> Les trois candidats<br \/>\nles plus forts seront pr\u00e9sents : \u00c9milien, Bruno, \u00c9ric le Breton. Il<br \/>\ny aura du partage, des cadeaux et un sacr\u00e9 niveau de culture\u00a0\u00bb,<br \/>\na finalement conclu Jean-Luc Reichmann.<\/p>\n<p><strong>Interview \u00e0 retrouver en int\u00e9gralit\u00e9 dans votre<br \/>\nmagazine T\u00e9l\u00e9 Star en kiosque et en version num\u00e9rique ce lundi 15<br \/>\nd\u00e9cembre 2025<\/strong><\/p>\n","protected":false},"excerpt":{"rendered":"EN BREF La s\u00e9rie L\u00e9o Matt\u00e9i, Brigade des mineurs, diffus\u00e9e sur TF1 depuis 2013, revient avec Jean-Luc Reichmann&hellip;\n","protected":false},"author":2,"featured_media":598695,"comment_status":"","ping_status":"","sticky":false,"template":"","format":"standard","meta":{"footnotes":""},"categories":[1356],"tags":[548,58,59,1011,27,465,252,1364],"class_list":{"0":"post-598694","1":"post","2":"type-post","3":"status-publish","4":"format-standard","5":"has-post-thumbnail","7":"category-television","8":"tag-article-simple","9":"tag-divertissement","10":"tag-entertainment","11":"tag-fr","12":"tag-france","13":"tag-jean-luc-reichmann","14":"tag-television","15":"tag-tv"},"share_on_mastodon":{"url":"https:\/\/pubeurope.com\/@fr\/115718031030127040","error":""},"_links":{"self":[{"href":"https:\/\/www.europesays.com\/fr\/wp-json\/wp\/v2\/posts\/598694","targetHints":{"allow":["GET"]}}],"collection":[{"href":"https:\/\/www.europesays.com\/fr\/wp-json\/wp\/v2\/posts"}],"about":[{"href":"https:\/\/www.europesays.com\/fr\/wp-json\/wp\/v2\/types\/post"}],"author":[{"embeddable":true,"href":"https:\/\/www.europesays.com\/fr\/wp-json\/wp\/v2\/users\/2"}],"replies":[{"embeddable":true,"href":"https:\/\/www.europesays.com\/fr\/wp-json\/wp\/v2\/comments?post=598694"}],"version-history":[{"count":0,"href":"https:\/\/www.europesays.com\/fr\/wp-json\/wp\/v2\/posts\/598694\/revisions"}],"wp:featuredmedia":[{"embeddable":true,"href":"https:\/\/www.europesays.com\/fr\/wp-json\/wp\/v2\/media\/598695"}],"wp:attachment":[{"href":"https:\/\/www.europesays.com\/fr\/wp-json\/wp\/v2\/media?parent=598694"}],"wp:term":[{"taxonomy":"category","embeddable":true,"href":"https:\/\/www.europesays.com\/fr\/wp-json\/wp\/v2\/categories?post=598694"},{"taxonomy":"post_tag","embeddable":true,"href":"https:\/\/www.europesays.com\/fr\/wp-json\/wp\/v2\/tags?post=598694"}],"curies":[{"name":"wp","href":"https:\/\/api.w.org\/{rel}","templated":true}]}}