{"id":598696,"date":"2025-12-14T12:56:28","date_gmt":"2025-12-14T12:56:28","guid":{"rendered":"https:\/\/www.europesays.com\/fr\/598696\/"},"modified":"2025-12-14T12:56:28","modified_gmt":"2025-12-14T12:56:28","slug":"la-stadio-fm-debarque-radio-cherbourg-emet-pour-la-premiere-fois","status":"publish","type":"post","link":"https:\/\/www.europesays.com\/fr\/598696\/","title":{"rendered":"la stadio FM d\u00e9barque, Radio-Cherbourg \u00e9met pour la premi\u00e8re fois"},"content":{"rendered":"<p>                    Par<br \/>\n        <strong><br \/>\n            <a href=\"https:\/\/actu.fr\/auteur\/f-patard\" title=\"Consulter tous les articles de Fr\u00e9d\u00e9ric Patard\" target=\"_blank\" rel=\"noopener\">Fr\u00e9d\u00e9ric Patard<\/a><br \/>\n                    <\/strong><\/p>\n<p>        Publi\u00e9 le<\/p>\n<p>            14 d\u00e9c. 2025 \u00e0 6h56        <\/p>\n<p>\u00c7a se passe dans <b>un F5<\/b>, au 12e et dernier \u00e9tage d\u2019un immeuble \u2013 pour l\u2019heure vide d\u2019occupants \u2013 de la <b>ZUP d\u2019Octeville.<\/b> Avec ascenseur et <b>vue imprenable sur la ville, la rade et le Roule. <\/b>Pouss\u00e9e la porte, on d\u00e9couvre plusieurs pi\u00e8ces <b>aux murs tapiss\u00e9es de plaques pour absorber le son, <\/b>\u00e9quip\u00e9es de micros, d\u2019une console de mixage, et de tout <b>un bazar technique <\/b>qui laisse perplexe.<\/p>\n<p>Le \u00ab\u00a0quart d\u2019heure cherbourgeois\u00a0\u00bb<\/p>\n<p class=\" wall-content\">Nous voil\u00e0 dans<b> les studios de Radio-Cherbourg,<\/b> station locale de l\u2019ORTF, qui vient tout juste d\u2019\u00eatre install\u00e9e. Pour le moment, les techniciens sont en train de proc\u00e9der aux<b> r\u00e9glages de r\u00e9ception et d\u2019\u00e9mission.<\/b> Sur le toit-terrasse juste au-dessus, <b>une antenne omnidirectionnelle<\/b> arrim\u00e9e sur <b>un pyl\u00f4ne de 10 m\u00e8tres<\/b> de haut pour la r\u00e9ception. Et \u00e0 c\u00f4t\u00e9, <b>une autre antenne pour l\u2019\u00e9mission.<\/b><\/p>\n<p class=\" wall-content\">Pourquoi venir installer une station locale au bout du Cotentin ? Tout simplement pour offrir aux auditeurs <b>une information locale<\/b> dans de meilleures conditions techniques. Car on pourra d\u00e9sormais <b>\u00e9couter <\/b><b>Radio-Cherbourg<\/b> en FM (fr\u00e9quence 94.15), grande nouveaut\u00e9 technologique de l\u2019\u00e9poque\u2026 m\u00eame si seulement moins de <b>10 % des auditeurs<\/b> cherbourgeois poss\u00e8dent \u00e0 l\u2019\u00e9poque <b>un poste de radio pouvant capter la FM ! <\/b>Et de toute fa\u00e7on, au-del\u00e0 de <b>Valognes<\/b>, cela devient <b>difficile de capter<\/b> correctement Radio-Cherbourg\u2026<\/p>\n<p class=\" wall-content\">Que peut-on \u00e9couter sur<b> 94.15<\/b> ? En fait, <b>un \u00ab\u00a0d\u00e9crochage\u00a0\u00bb local entre 12 h 30 et 12 h 45. <\/b>Le reste du temps, c\u2019est <b>France Inter<\/b> qui reprend ses programmes habituels. Pour animer le <b>\u00ab\u00a0quart d\u2019heure cherbourgeois\u00a0\u00bb,<\/b> m\u00e9lange <b>d\u2019infos locales et de musique, <\/b>un journaliste, Alain Cr\u00e9ach, vieux routier de l\u2019ORTF, assist\u00e9 d\u2019un jeune technicien caennais, Philippe Noir. Et c\u2019est tout.<\/p>\n<p>    <img   decoding=\"async\" loading=\"lazy\" class=\"size-large\" src=\"https:\/\/www.europesays.com\/fr\/wp-content\/uploads\/2025\/12\/83ce6e72d909687ce6e72d9094bce6v-960x640.jpg\" alt=\"Radio-Cherbourg\" width=\"960\" height=\"640\"\/><br \/>\n    Radio-Cherbourg \u00a9Archives La Presse de la Manche.A la t\u00e9l\u00e9 aussi<\/p>\n<p class=\" wall-content\">Une fois les r\u00e9glages effectu\u00e9s, la <b>premi\u00e8re \u00e9mission de Radio-Cherbourg<\/b> a lieu le<b> 6 janvier 1966<\/b>. Au programme,<b> La mer,<\/b> le morceau de <b>Charles Tr\u00e9net <\/b>interpr\u00e9t\u00e9 par l\u2019orchestre de Franck Pourcel, qui va devenir<b> l\u2019indicatif officiel de Radio-Cherbourg.<\/b> Une allocution du directeur g\u00e9n\u00e9ral de l\u2019ORTF. Une interview du d\u00e9put\u00e9-maire de Cherbourg, Jacques H\u00e9bert. <b>Le bulletin m\u00e9t\u00e9o local. <\/b>Et de nouveau La mer pour cl\u00f4turer l\u2019\u00e9mission. Le tout entrecoup\u00e9 d\u2019extraits des Parapluies de Cherbourg pour servir d\u2019encha\u00eenements. C\u2019est court, mais on ne peut pas faire plus cherbourgeois !<\/p>\n<p class=\" wall-content\">Nec plus ultra. Le soir m\u00eame, les auditeurs qui sont aussi t\u00e9l\u00e9spectateurs ont l\u2019occasion de voir ce qu\u2019ils ont entendu le midi m\u00eame, puisque<b> l\u2019inauguration des studios de Radio-Cherbourg <\/b>fait partie des reportages diffus\u00e9s lors<b> des actualit\u00e9s r\u00e9gionales de T\u00e9l\u00e9 Basse-Normandie,<\/b> qui inaugure au m\u00eame moment <b>ses studios de Caen<\/b> ! Le son et l\u2019image, le m\u00eame jour. On ne peut pas r\u00eaver meilleur lancement\u2026<\/p>\n<p>De 1944 \u00e0 1965<\/p>\n<p>Le 4 juillet 1944, Radio-Cherbourg lance sa premi\u00e8re \u00e9mission depuis son studio de la villa Favier, \u00e0 la Fauconni\u00e8re. Aux manettes, une \u00e9quipe mixte compos\u00e9e de journalistes et techniciens fran\u00e7ais et alli\u00e9s. Le but de Radio-Cherbourg, implant\u00e9e sur l&rsquo;initiative des Alli\u00e9s, est d&rsquo;offrir de l&rsquo;info locale aux habitants du Cotentin : une info-service bienvenue en ces temps troubl\u00e9s o\u00f9 les populations civiles ont \u00e9t\u00e9 au c\u0153ur des combats et o\u00f9 chacun cherche des nouvelles de ses proches.<\/p>\n<p>Mais Radio-Cherbourg diffuse aussi des reportages sur le vif (les derniers moments de l&rsquo;occupation allemande \u00e0 La-Haye-du-Puits par exemple), des programmes de la BBC, et beaucoup de musique. Radio-Cherbourg cessera d&rsquo;\u00e9mettre le 6 septembre 1944, le r\u00e9seau radiophonique national reprenant alors ses droits.<\/p>\n<p>Hormis le nom et l&#8217;emplacement proche (quelques hectom\u00e8tres entre la villa Favier et l&rsquo;immeuble de la ZUP), rien de commun entre Radio-Cherbourg de 1944 et Radio-Cherbourg de 1965. Juste une jolie co\u00efncidence\u2026<\/p>\n<p>Votre r\u00e9gion, votre actu !<\/p>\n<p>Recevez chaque jour les infos qui comptent pour vous.<\/p>\n<p>\t<a href=\"https:\/\/actu.fr\/newsletter\" class=\"ac-btn ac-btn--corner ac-btn--medium ac-btn--blue800\" target=\"_blank\" rel=\"noopener\">S&rsquo;incrire<\/a><\/p>\n<p class=\" wall-content\">\u2248\u2248\u2248\u2248\u2248\u2248\u2248\u2248\u2248\u2248\u2248\u2248\u2248\u2248\u2248\u2248\u2248\u2248\u2248\u2248\u2248\u2248\u2248\u2248\u2248\u2248\u2248\u2248\u2248\u2248\u2248\u2248\u2248\u2248\u2248\u2248\u2248\u2248\u2248\u2248\u2248\u2248\u2248\u2248\u2248\u2248\u2248\u2248\u2248\u2248\u2248\u2248\u2248<\/p>\n<p>T\u00e9moignage<\/p>\n<blockquote class=\"ac-article-quote wall-content\">\n<p>\u00ab\u00a0Une histoire d\u2019ascenseur\u00a0\u00bb<\/p>\n<\/blockquote>\n<p class=\" wall-content\"><b>Philippe Noir<\/b>, jeune technicien de 24 ans, arrive \u00e0 Cherbourg pour installer <b>la station<\/b>. Il y fera toute sa carri\u00e8re.<\/p>\n<p>    <img   decoding=\"async\" loading=\"lazy\" class=\"size-large\" src=\"https:\/\/www.europesays.com\/fr\/wp-content\/uploads\/2025\/12\/2cdab992d909600eab992d909d3eabv-960x640.jpg\" alt=\"Philippe Noir aux manettes. Il va faire toute sa carri\u00e8re \u00e0 Cherbourg.\" width=\"960\" height=\"640\"\/><br \/>\n    Philippe Noir aux manettes. Il va faire toute sa carri\u00e8re \u00e0 Cherbourg. \u00a9Archives La Presse de la Manche.<\/p>\n<blockquote class=\"ac-article-quote wall-content\">\n<p>\u00ab\u00a0Je suis arriv\u00e9 \u00e0 Cherbourg au mois de d\u00e9cembre 1965. Avec quatre techniciens de France Inter, on a install\u00e9 tout le studio.<\/p>\n<\/blockquote>\n<p class=\" wall-content\">L\u2019\u00e9metteur \u00e9tait \u00e9norme, <b>pesait bien 250 kilos :<\/b> impossible de le rentrer dans <b>l\u2019ascenseur. <\/b>On l\u2019a mont\u00e9 par l\u2019escalier \u2013 12 \u00e9tages ! \u2013 et une fois arriv\u00e9s en haut, on s\u2019est aper\u00e7us que finalement, il passait dans l\u2019ascenseur !!<\/p>\n<p class=\" wall-content\">Toujours lors de l\u2019installation de la station, je finis tard un soir. Je prends l\u2019ascenseur pour descendre, et \u00e9videmment <b>il tombe en panne entre deux \u00e9tages<\/b>. J\u2019ai eu beau <b>taper, crier,<\/b> l\u2019immeuble \u00e9tant inoccup\u00e9,<b> j\u2019ai pass\u00e9 la nuit dans l\u2019ascenseur.<\/b> Le matin, c\u2019est<b> un chauffagiste <\/b>travaillant dans l\u2019immeuble qui m\u2019a <b>entendu et d\u00e9livr\u00e9. <\/b>Heureusement, ce n\u2018\u00e9tait pas un vendredi soir, sinon j\u2019y aurais pass\u00e9 le week-end !<\/p>\n<p class=\" wall-content\">Et puis derni\u00e8re anecdote sur cet ascenseur.<\/p>\n<blockquote class=\"ac-article-quote wall-content\">\n<p>On avait invit\u00e9 Jean Marais \u00e0 venir au studio un jour qu\u2019il \u00e9tait de passage \u00e0 Cherbourg. Quand il arrive, l\u2019ascenseur \u00e9tait \u00e9videmment en panne : il a mont\u00e9 les 12 \u00e9tages \u00e0 pied\u2026\u00a0\u00bb<\/p>\n<\/blockquote>\n<p class=\" wall-content\">\u2248\u2248\u2248\u2248\u2248\u2248\u2248\u2248\u2248\u2248\u2248\u2248\u2248\u2248\u2248\u2248\u2248\u2248\u2248\u2248\u2248\u2248\u2248\u2248\u2248\u2248\u2248\u2248\u2248\u2248\u2248\u2248\u2248\u2248\u2248\u2248\u2248\u2248\u2248\u2248\u2248\u2248\u2248\u2248\u2248\u2248\u2248\u2248\u2248\u2248\u2248\u2248\u2248<\/p>\n<p>De Radio Cherbourg \u00e0 Ici Cotentin<\/p>\n<p>Au fil des ans, Radio Cherbourg devient FR3 Radio Cherbourg, puis FIP Cherbourg (octobre 1986), puis Radio-France Cherbourg, puis France Bleu Cotentin (2000).<br \/>&#13;<br \/>\nEt enfin Ici Cotentin depuis d\u00e9but 2025.<\/p>\n<p class=\" wall-content\">Personnalisez votre actualit\u00e9 en ajoutant vos villes et m\u00e9dias en favori avec <a href=\"https:\/\/moncompte.actu.fr\" title=\"D\u00e9couvez Mon Actu\" rel=\"nofollow noopener\" data-trk=\"{&quot;cta&quot;:{&quot;action&quot;:&quot;https:\\\/\\\/moncompte.actu.fr&quot;,&quot;category&quot;:&quot;mon compte&quot;,&quot;from&quot;:&quot;article footer&quot;,&quot;name&quot;:&quot;Mon actu&quot;,&quot;type&quot;:&quot;cta&quot;}}\" target=\"_blank\">Mon Actu<\/a>.<\/p>\n","protected":false},"excerpt":{"rendered":"Par Fr\u00e9d\u00e9ric Patard Publi\u00e9 le 14 d\u00e9c. 2025 \u00e0 6h56 \u00c7a se passe dans un F5, au 12e&hellip;\n","protected":false},"author":2,"featured_media":598697,"comment_status":"","ping_status":"","sticky":false,"template":"","format":"standard","meta":{"footnotes":""},"categories":[1355],"tags":[35233,58,59,1011,27,500,1361,873,1825,104],"class_list":{"0":"post-598696","1":"post","2":"type-post","3":"status-publish","4":"format-standard","5":"has-post-thumbnail","7":"category-musique","8":"tag-365-jours-dans-la-manche","9":"tag-divertissement","10":"tag-entertainment","11":"tag-fr","12":"tag-france","13":"tag-medias","14":"tag-music","15":"tag-musique","16":"tag-radio","17":"tag-societe"},"share_on_mastodon":{"url":"https:\/\/pubeurope.com\/@fr\/115718035905253273","error":""},"_links":{"self":[{"href":"https:\/\/www.europesays.com\/fr\/wp-json\/wp\/v2\/posts\/598696","targetHints":{"allow":["GET"]}}],"collection":[{"href":"https:\/\/www.europesays.com\/fr\/wp-json\/wp\/v2\/posts"}],"about":[{"href":"https:\/\/www.europesays.com\/fr\/wp-json\/wp\/v2\/types\/post"}],"author":[{"embeddable":true,"href":"https:\/\/www.europesays.com\/fr\/wp-json\/wp\/v2\/users\/2"}],"replies":[{"embeddable":true,"href":"https:\/\/www.europesays.com\/fr\/wp-json\/wp\/v2\/comments?post=598696"}],"version-history":[{"count":0,"href":"https:\/\/www.europesays.com\/fr\/wp-json\/wp\/v2\/posts\/598696\/revisions"}],"wp:featuredmedia":[{"embeddable":true,"href":"https:\/\/www.europesays.com\/fr\/wp-json\/wp\/v2\/media\/598697"}],"wp:attachment":[{"href":"https:\/\/www.europesays.com\/fr\/wp-json\/wp\/v2\/media?parent=598696"}],"wp:term":[{"taxonomy":"category","embeddable":true,"href":"https:\/\/www.europesays.com\/fr\/wp-json\/wp\/v2\/categories?post=598696"},{"taxonomy":"post_tag","embeddable":true,"href":"https:\/\/www.europesays.com\/fr\/wp-json\/wp\/v2\/tags?post=598696"}],"curies":[{"name":"wp","href":"https:\/\/api.w.org\/{rel}","templated":true}]}}