{"id":59870,"date":"2025-04-28T18:15:11","date_gmt":"2025-04-28T18:15:11","guid":{"rendered":"https:\/\/www.europesays.com\/fr\/59870\/"},"modified":"2025-04-28T18:15:11","modified_gmt":"2025-04-28T18:15:11","slug":"e-1027-eileen-gray-et-la-maison-en-bord-de-mer-quand-le-corbusier-taguait-la-villa-dune-amie-architecte","status":"publish","type":"post","link":"https:\/\/www.europesays.com\/fr\/59870\/","title":{"rendered":"\u00abE.1027 \u2013 Eileen Gray et la maison en bord de mer\u00bb, quand Le Corbusier taguait la villa d\u2019une amie architecte"},"content":{"rendered":"<p>              <a tabindex=\"-1\" title=\"St\u00e9phane Gobbo\" href=\"https:\/\/www.letemps.ch\/profil\/stephane-gobbo\" target=\"_blank\" rel=\"noopener\"><\/p>\n<p>                    <img decoding=\"async\" src=\"https:\/\/www.europesays.com\/fr\/wp-content\/uploads\/2025\/04\/1745864111_469_small.jpeg\" class=\"lazy\" alt=\"\"\/><\/p>\n<p><\/a>        <\/p>\n<p>    Publi\u00e9 le 28 avril 2025 \u00e0 15:53. \/ Modifi\u00e9 le 28 avril 2025 \u00e0 16:09.<\/p>\n<p> 2 min. de lecture<\/p>\n<p>Entre la principaut\u00e9 de Monaco et l\u2019Italie, la commune de Roquebrune-Cap-Martin abrite une petite maison con\u00e7ue \u00e0 la fin des ann\u00e9es 1920 au bord de la M\u00e9diterran\u00e9e par Eileen Gray (1878-1976), une designer et architecte irlandaise qui fut l\u2019une des premi\u00e8res femmes \u00e0 \u00e9tudier \u00e0 la Slade School of Fine Art de Londres, avant de s\u2019installer \u00e0 Paris. C\u2019est l\u00e0 qu\u2019elle rencontrera le Roumain Jean Badovici (1893-1956), fondateur du magazine L\u2019Architecture Vivante, qui lui pr\u00e9sentera alors Le Corbusier (1887-1965), h\u00e9raut du modernisme.<\/p>\n<p>Tout en reprenant certains des principes cl\u00e9s de l\u2019architecture moderne tels que conceptualis\u00e9s par le Chaux-de-Fonnier et son cousin\u00a0Pierre Jeanneret, comme les pilotis, le toit-terrasse ou le plan libre, cette villa pens\u00e9e par Eileen Gray avec l\u2019aide de Jean Badovici sera comme un manifeste. Pr\u00e9f\u00e9rant le confort et l\u2019intimit\u00e9 aux lignes parfois froides et dures du modernisme, l\u2019Irlandaise en fera un cocon \u00e0 l\u2019abri des regards. Elle baptisera la maison E.1027, entrela\u00e7ant ses initiales et celles de son complice: E pour Eileen, 10 pour J, 2 pour B et 7 pour G.<\/p>\n<p>    La suite de l&rsquo;article vous int\u00e9resse?<\/p>\n<p>Tout comprendre, mieux s\u2019informer: acc\u00e9dez au meilleur du journalisme suisse avec notre offre combin\u00e9e <b>Le Temps &amp; Heidi.news<\/b>. &#13;\n<\/p>\n<p>Abonnez-vous en quelques clics et payez facilement avec <b>Twint<\/b>.<\/p>\n<p>    <a class=\"button is-secondary\" data-event=\"click-&gt;clicked\" href=\"https:\/\/www.letemps.ch\/abonnements?wall_id=1\" target=\"_blank\" rel=\"noopener\">Je m\u2019abonne<\/a><\/p>\n<p class=\"post-subscribe__login\">\n        Vous avez d\u00e9j\u00e0 un compte ?<br \/>\n        <a class=\"link\" rel=\"nofollow noopener\" href=\"https:\/\/www.letemps.ch\/compte\/connexion?return_to=https%3A%2F%2Fwww.letemps.ch%2Fculture%2Fecrans%2Fe-1027-eileen-gray-et-la-maison-en-bord-de-mer-quand-le-corbusier-taguait-la-villa-d-une-amie-architecte\" target=\"_blank\">Se connecter<\/a>\n      <\/p>\n","protected":false},"excerpt":{"rendered":"Publi\u00e9 le 28 avril 2025 \u00e0 15:53. \/ Modifi\u00e9 le 28 avril 2025 \u00e0 16:09. 2 min. de&hellip;\n","protected":false},"author":2,"featured_media":59871,"comment_status":"","ping_status":"","sticky":false,"template":"","format":"standard","meta":{"footnotes":""},"categories":[1358],"tags":[1350,1348,1384,1385,650,1386,58,59,1011,27,301],"class_list":{"0":"post-59870","1":"post","2":"type-post","3":"status-publish","4":"format-standard","5":"has-post-thumbnail","7":"category-arts-et-design","8":"tag-architecture","9":"tag-arts","10":"tag-arts-and-design","11":"tag-arts-et-design","12":"tag-cinema","13":"tag-design","14":"tag-divertissement","15":"tag-entertainment","16":"tag-fr","17":"tag-france","18":"tag-premium"},"share_on_mastodon":{"url":"https:\/\/pubeurope.com\/@fr\/114416957895334729","error":""},"_links":{"self":[{"href":"https:\/\/www.europesays.com\/fr\/wp-json\/wp\/v2\/posts\/59870","targetHints":{"allow":["GET"]}}],"collection":[{"href":"https:\/\/www.europesays.com\/fr\/wp-json\/wp\/v2\/posts"}],"about":[{"href":"https:\/\/www.europesays.com\/fr\/wp-json\/wp\/v2\/types\/post"}],"author":[{"embeddable":true,"href":"https:\/\/www.europesays.com\/fr\/wp-json\/wp\/v2\/users\/2"}],"replies":[{"embeddable":true,"href":"https:\/\/www.europesays.com\/fr\/wp-json\/wp\/v2\/comments?post=59870"}],"version-history":[{"count":0,"href":"https:\/\/www.europesays.com\/fr\/wp-json\/wp\/v2\/posts\/59870\/revisions"}],"wp:featuredmedia":[{"embeddable":true,"href":"https:\/\/www.europesays.com\/fr\/wp-json\/wp\/v2\/media\/59871"}],"wp:attachment":[{"href":"https:\/\/www.europesays.com\/fr\/wp-json\/wp\/v2\/media?parent=59870"}],"wp:term":[{"taxonomy":"category","embeddable":true,"href":"https:\/\/www.europesays.com\/fr\/wp-json\/wp\/v2\/categories?post=59870"},{"taxonomy":"post_tag","embeddable":true,"href":"https:\/\/www.europesays.com\/fr\/wp-json\/wp\/v2\/tags?post=59870"}],"curies":[{"name":"wp","href":"https:\/\/api.w.org\/{rel}","templated":true}]}}