{"id":598700,"date":"2025-12-14T12:58:13","date_gmt":"2025-12-14T12:58:13","guid":{"rendered":"https:\/\/www.europesays.com\/fr\/598700\/"},"modified":"2025-12-14T12:58:13","modified_gmt":"2025-12-14T12:58:13","slug":"cherissez-vos-cheveux-gris-ils-pourraient-etre-un-bouclier-contre-cette-redoutable-maladie","status":"publish","type":"post","link":"https:\/\/www.europesays.com\/fr\/598700\/","title":{"rendered":"Ch\u00e9rissez vos cheveux gris, ils pourraient \u00eatre un bouclier contre cette redoutable maladie"},"content":{"rendered":"<p data-start=\"119\" data-end=\"800\"><strong>Les cheveux gris : signe de vieillissement, certes, mais peut-\u00eatre aussi de sagesse biologique. Une <a href=\"https:\/\/jcadonline.com\/hair-aging-races-ethnicities-review\/?utm_source=chatgpt.com\" target=\"_blank\" rel=\"noopener\">\u00e9tude r\u00e9cente<\/a> men\u00e9e par les professeurs Emi Nishimura et Yasuaki Mohri de l\u2019Universit\u00e9 de Tokyo propose une id\u00e9e d\u00e9routante : le grisonnement pourrait \u00eatre l\u2019expression d\u2019un m\u00e9canisme de d\u00e9fense naturel du corps contre le cancer. Derri\u00e8re ce ph\u00e9nom\u00e8ne, souvent per\u00e7u comme un simple marqueur du temps qui passe, se cacherait un processus cellulaire sophistiqu\u00e9 o\u00f9 certaines cellules choisissent la mort plut\u00f4t que le risque de d\u00e9g\u00e9n\u00e9rer en tumeur. De quoi repenser nos cheveux argent\u00e9s, non plus comme une fatalit\u00e9 esth\u00e9tique, mais comme un signal biologique porteur de sens.<\/strong><\/p>\n<p>Quand le vieillissement devient un acte de protection<\/p>\n<p data-start=\"868\" data-end=\"1317\">Tout au long de notre vie, nos cellules sont expos\u00e9es \u00e0 d\u2019innombrables sources de stress : rayons ultraviolets, pollution, inflammation chronique ou encore erreurs spontan\u00e9es lors de la r\u00e9plication de l\u2019ADN. Ces agressions entra\u00eenent des dommages g\u00e9n\u00e9tiques qui, lorsqu\u2019ils ne sont pas r\u00e9par\u00e9s, peuvent ouvrir la voie au vieillissement ou \u00e0 la formation de cancers. Pourtant, toutes les cellules ne r\u00e9agissent pas de la m\u00eame mani\u00e8re \u00e0 ces menaces.<\/p>\n<p data-start=\"1319\" data-end=\"1988\">Les chercheurs japonais se sont int\u00e9ress\u00e9s \u00e0 un type particulier de cellules : les <a href=\"https:\/\/sciencepost.fr\/greffe-coeur-femme-stabilise-avec-cellules-souches\/\" target=\"_blank\" rel=\"noopener\">cellules souches<\/a> m\u00e9lanocytaires (McSC). Ce sont elles qui produisent les m\u00e9lanocytes, responsables de la pigmentation des cheveux et de la peau. Log\u00e9es \u00e0 la base des follicules pileux, ces cellules souches ont la capacit\u00e9 de se r\u00e9g\u00e9n\u00e9rer et de produire de nouveaux pigments \u00e0 chaque cycle de croissance du cheveu. Mais lorsqu\u2019elles sont expos\u00e9es \u00e0 des dommages de l\u2019ADN \u2014 notamment des cassures double brin \u2014, elles adoptent un comportement radical : elles se diff\u00e9rencient pr\u00e9matur\u00e9ment et meurent. Ce processus, baptis\u00e9 \u00ab s\u00e9no-diff\u00e9renciation \u00bb, conduit au grisonnement des cheveux.<\/p>\n<p data-start=\"1990\" data-end=\"2304\">Ce choix cellulaire n\u2019est pas anodin. En se sacrifiant, ces cellules emp\u00eachent la propagation d\u2019\u00e9ventuelles mutations canc\u00e9rig\u00e8nes. Autrement dit, la perte de couleur serait le prix \u00e0 payer pour pr\u00e9server l\u2019int\u00e9grit\u00e9 du corps. Derri\u00e8re chaque cheveu gris se cacherait donc un petit acte de r\u00e9sistance biologique.<\/p>\n<p>Un m\u00eame stress, deux destins oppos\u00e9s<\/p>\n<p data-start=\"2355\" data-end=\"2900\">Si certaines cellules choisissent la voie du sacrifice, d\u2019autres, expos\u00e9es \u00e0 un stress diff\u00e9rent, peuvent au contraire se rebeller contre ce m\u00e9canisme de protection. L\u2019\u00e9quipe de Nishimura et Mohri a observ\u00e9 que, face \u00e0 des agents canc\u00e9rig\u00e8nes ou \u00e0 une exposition prolong\u00e9e aux rayons ultraviolets B, d\u2019autres cellules souches \u2013 les cellules souches m\u00e9senchymateuses (CSM) \u2013 adoptent une strat\u00e9gie inverse. Plut\u00f4t que d\u2019entrer en s\u00e9nescence ou de se diff\u00e9rencier, elles conservent leur capacit\u00e9 \u00e0 s\u2019auto-renouveler. Pire : elles se multiplient.<\/p>\n<p data-start=\"2902\" data-end=\"3238\">Ce comportement, bien que permettant au tissu de se r\u00e9g\u00e9n\u00e9rer plus rapidement, augmente aussi le risque de mutations et donc de transformation canc\u00e9reuse. C\u2019est ainsi que, sous certaines conditions, les m\u00eames m\u00e9canismes cens\u00e9s prot\u00e9ger les tissus peuvent se retourner contre eux et favoriser l\u2019\u00e9mergence de tumeurs, comme le m\u00e9lanome.<\/p>\n<p data-start=\"3240\" data-end=\"3649\">Les chercheurs soulignent un point cl\u00e9 : tout d\u00e9pend du type de stress subi et de l\u2019environnement cellulaire. Un m\u00eame stimulus peut donc provoquer soit un \u00e9puisement des cellules souches (et des cheveux gris), soit une expansion incontr\u00f4l\u00e9e menant au cancer. Cette dualit\u00e9 illustre la complexit\u00e9 des strat\u00e9gies mises en place par notre organisme pour maintenir son \u00e9quilibre face aux agressions ext\u00e9rieures.<\/p>\n<p><img loading=\"lazy\" data-lazyloaded=\"1\" decoding=\"async\" class=\"aligncenter wp-image-311683 size-full\" src=\"https:\/\/www.europesays.com\/fr\/wp-content\/uploads\/2025\/12\/iStock-518621486-scaled.jpg\" alt=\"cheveux gris\" width=\"2048\" height=\"1362\"  data-\/>Cr\u00e9dit : Ekaterina79\/istock<\/p>\n<p>Le grisonnement, un signe de sagesse biologique ?<\/p>\n<p data-start=\"3713\" data-end=\"4163\">L\u2019\u00e9tude ne pr\u00e9tend pas que les cheveux gris emp\u00eachent directement le cancer. Elle met plut\u00f4t en lumi\u00e8re la logique subtile du corps face au danger. En favorisant la mort programm\u00e9e des cellules pigmentaires endommag\u00e9es, l\u2019organisme \u00e9limine les \u00e9l\u00e9ments \u00e0 risque. Lorsque ce m\u00e9canisme fonctionne bien, le r\u00e9sultat visible est un cheveu qui perd sa couleur. Lorsqu\u2019il est contourn\u00e9, les cellules endommag\u00e9es persistent, et le risque tumoral augmente.<\/p>\n<p data-start=\"4165\" data-end=\"4518\">Ainsi, le grisonnement pourrait \u00eatre interpr\u00e9t\u00e9 comme le reflet d\u2019un syst\u00e8me de surveillance biologique efficace. Cette d\u00e9couverte red\u00e9finit la fronti\u00e8re entre vieillissement et protection : ce que nous percevons comme un signe de d\u00e9clin pourrait, en r\u00e9alit\u00e9, t\u00e9moigner de la vitalit\u00e9 d\u2019un m\u00e9canisme de d\u00e9fense profond\u00e9ment ancr\u00e9 dans notre \u00e9volution.<\/p>\n<p data-start=\"4520\" data-end=\"4855\">Au-del\u00e0 de la simple curiosit\u00e9 scientifique, ces travaux ouvrent de nouvelles pistes pour la recherche m\u00e9dicale. Comprendre comment les cellules souches d\u00e9cident entre survie, mort ou diff\u00e9renciation pourrait aider \u00e0 concevoir des traitements visant \u00e0 pr\u00e9venir les cancers de la peau, ou \u00e0 ralentir certains effets du vieillissement.<\/p>\n<p data-start=\"4862\" data-end=\"5235\" data-is-last-node=\"\" data-is-only-node=\"\">Dans un monde obs\u00e9d\u00e9 par la jeunesse et les apparences, cette \u00e9tude nous invite \u00e0 un changement de regard. Et si les cheveux gris, loin d\u2019\u00eatre un signe de perte, repr\u00e9sentaient au contraire la trace visible d\u2019un corps qui sait encore se prot\u00e9ger ? Sous chaque m\u00e8che argent\u00e9e se cache peut-\u00eatre l\u2019histoire silencieuse d\u2019une victoire microscopique contre le chaos cellulaire.<\/p>\n","protected":false},"excerpt":{"rendered":"Les cheveux gris : signe de vieillissement, certes, mais peut-\u00eatre aussi de sagesse biologique. Une \u00e9tude r\u00e9cente men\u00e9e&hellip;\n","protected":false},"author":2,"featured_media":598701,"comment_status":"","ping_status":"","sticky":false,"template":"","format":"standard","meta":{"footnotes":""},"categories":[10],"tags":[1011,27,72,71],"class_list":{"0":"post-598700","1":"post","2":"type-post","3":"status-publish","4":"format-standard","5":"has-post-thumbnail","7":"category-sante","8":"tag-fr","9":"tag-france","10":"tag-health","11":"tag-sante"},"share_on_mastodon":{"url":"https:\/\/pubeurope.com\/@fr\/115718045114733222","error":""},"_links":{"self":[{"href":"https:\/\/www.europesays.com\/fr\/wp-json\/wp\/v2\/posts\/598700","targetHints":{"allow":["GET"]}}],"collection":[{"href":"https:\/\/www.europesays.com\/fr\/wp-json\/wp\/v2\/posts"}],"about":[{"href":"https:\/\/www.europesays.com\/fr\/wp-json\/wp\/v2\/types\/post"}],"author":[{"embeddable":true,"href":"https:\/\/www.europesays.com\/fr\/wp-json\/wp\/v2\/users\/2"}],"replies":[{"embeddable":true,"href":"https:\/\/www.europesays.com\/fr\/wp-json\/wp\/v2\/comments?post=598700"}],"version-history":[{"count":0,"href":"https:\/\/www.europesays.com\/fr\/wp-json\/wp\/v2\/posts\/598700\/revisions"}],"wp:featuredmedia":[{"embeddable":true,"href":"https:\/\/www.europesays.com\/fr\/wp-json\/wp\/v2\/media\/598701"}],"wp:attachment":[{"href":"https:\/\/www.europesays.com\/fr\/wp-json\/wp\/v2\/media?parent=598700"}],"wp:term":[{"taxonomy":"category","embeddable":true,"href":"https:\/\/www.europesays.com\/fr\/wp-json\/wp\/v2\/categories?post=598700"},{"taxonomy":"post_tag","embeddable":true,"href":"https:\/\/www.europesays.com\/fr\/wp-json\/wp\/v2\/tags?post=598700"}],"curies":[{"name":"wp","href":"https:\/\/api.w.org\/{rel}","templated":true}]}}