{"id":598704,"date":"2025-12-14T13:00:19","date_gmt":"2025-12-14T13:00:19","guid":{"rendered":"https:\/\/www.europesays.com\/fr\/598704\/"},"modified":"2025-12-14T13:00:19","modified_gmt":"2025-12-14T13:00:19","slug":"meme-michel-edouard-leclerc-a-adore-la-pub-de-noel-de-son-concurrent-intermarche-et-invite-son-patron-a-manger-vegetarien","status":"publish","type":"post","link":"https:\/\/www.europesays.com\/fr\/598704\/","title":{"rendered":"M\u00eame Michel-\u00c9douard Leclerc a ador\u00e9 la pub de No\u00ebl de son concurrent Intermarch\u00e9 (et invite son patron \u00e0 manger v\u00e9g\u00e9tarien)"},"content":{"rendered":"<p>Le patron de Leclerc a salu\u00e9 la publicit\u00e9 de No\u00ebl de son concurrent Intermarch\u00e9. Selon lui, ce spot r\u00e9alis\u00e9 sans IA et qui a fait le tour du monde \u00ab\u00a0vise \u00e0 r\u00e9unir tous les animaux de la for\u00eat\u00a0\u00bb. Mais Michel-\u00c9douard Leclerc n&rsquo;a pas pu s&#8217;emp\u00eacher de taquiner son rival.<\/p>\n<p>La publicit\u00e9 de No\u00ebl d&rsquo;Intermarch\u00e9 a \u00e9mu des millions de personnes \u00e0 travers le monde, y compris le patron de son principal concurrent, Leclerc. \u00ab\u00a0Ce film est une joyeuse all\u00e9gorie de No\u00ebl puisqu\u2019il vise \u00e0 r\u00e9unir tous les animaux de la for\u00eat autour d\u2019un &lsquo;banquet participatif'\u00a0\u00bb, a salu\u00e9 Michel-Edouard Leclerc dans un <a href=\"https:\/\/www.linkedin.com\/posts\/mel-leclerc_cest-un-post-tr%C3%A8s-personnel-jai-ador%C3%A9-activity-7405288533109780481-83yR?utm_source=social_share_send&amp;utm_medium=member_desktop_web&amp;rcm=ACoAACu1_TwBiA60qdKdC3h4yD2HnxPZQPuC7YQ\" target=\"_blank\" class=\"external_link\" rel=\"noopener\">post Linkedin<\/a>.<\/p>\n<p>Ce <a href=\"https:\/\/www.bfmtv.com\/economie\/entreprises\/un-loup-qui-cuisine-une-quiche-pour-se-faire-des-amis-intermarche-cartonne-sur-les-reseaux-sociaux-avec-sa-derniere-publicite-de-noel-sans-ia_AV-202512110721.html\" title=\"&quot;C&#039;est un carton mondial&quot;: tout le monde adore cette pub de No\u00ebl Intermarch\u00e9 r\u00e9alis\u00e9e sans IA qui cartonne sur les r\u00e9seaux sociaux (en particulier aux \u00c9tats-Unis)\" class=\"internal_link\" target=\"_blank\" rel=\"noopener\">spot de No\u00ebl<\/a> cr\u00e9\u00e9 par le studio d&rsquo;animation fran\u00e7ais Illogic pour le distributeur tricolore cumule des millions de vues sur les r\u00e9seaux sociaux, port\u00e9 par les commentaires \u00e9logieux d&rsquo;internautes \u00e9trangers, notamment am\u00e9ricains.<\/p>\n<p>Accompagn\u00e9 par <a href=\"https:\/\/www.bfmtv.com\/people\/musique\/les-ecoutes-du-mal-aime-de-claude-francois-bondissent-de-217-grace-a-la-publicite-intermarche_AN-202512110679.html\" title=\"Les \u00e9coutes du &quot;Mal aim\u00e9&quot; de Claude Fran\u00e7ois, bondissent de 217% gr\u00e2ce \u00e0 la publicit\u00e9 Intermarch\u00e9\" class=\"internal_link\" target=\"_blank\" rel=\"noopener\">la chanson \u00ab\u00a0Le mal aim\u00e9\u00a0\u00bb de Claude Fran\u00e7ois<\/a>, le film publicitaire anim\u00e9 raconte l&rsquo;histoire d&rsquo;un loup, \u00e9vit\u00e9 par les autres animaux de la for\u00eat qui craignent de se faire d\u00e9vorer, et qui d\u00e9cide de cuisiner des l\u00e9gumes pour se faire accepter. Apportant une quiche avec le sourire, il trouve ainsi sa place \u00e0 la table de No\u00ebl parmi les autres.<\/p>\n<blockquote class=\"embed embed_quote\"><p>\u00ab\u00a0C\u2019est aussi une fable sur les pr\u00e9jug\u00e9s: le loup n\u2019est pas m\u00e9chant par nature. S\u2019il change son alimentation, il devient fr\u00e9quentable\u00a0\u00bb, a comment\u00e9 Michel-\u00c9douard Leclerc, saluant un \u00ab\u00a0magnifique plaidoyer pour manger mieux, pr\u00e9server le vivant\u00a0\u00bb.<\/p><\/blockquote>\n<p>\u00ab\u00a0Filer droit au rayon l\u00e9gumes\u00a0\u00bb<\/p>\n<p>Mais comme \u00e0 son habitude, le m\u00e9diatique patron de Leclerc n&rsquo;a pas r\u00e9sist\u00e9 \u00e0 lancer un petit tacle. Il s&rsquo;est r\u00e9jouit que le spot n&rsquo;ait pas \u00e9t\u00e9 r\u00e9alis\u00e9 \u00e0 l&rsquo;aide de l&rsquo;intelligence artificielle, \u00ab\u00a0mais par de vrais dessinateurs\u00a0\u00bb. \u00ab\u00a0C&rsquo;e\u00fbt \u00e9t\u00e9 bien d\u2019en dire les noms\u00a0\u00bb, a-t-il cependant fait remarquer.<\/p>\n<\/p>\n<p>Il a aussi raill\u00e9 le patron d&rsquo;Intermarch\u00e9, Thierry Cotillard qui, \u00ab\u00a0pour \u00eatre au diapason de la fable\u00a0\u00bb va devoir, selon Michel-\u00c9douard Leclerc, \u00e9viter le rayon boucherie de son magasin pour \u00ab\u00a0filer droit au rayon l\u00e9gumes\u00a0\u00bb.<\/p>\n<blockquote class=\"embed embed_quote\"><p>\u00ab\u00a0Mon cher Thierry, c\u2019est compatissant, mais fraternellement que je t\u2019invite prochainement au restaurant v\u00e9g\u00e9tarien de ton choix\u00a0\u00bb, a-t-il lanc\u00e9.<\/p><\/blockquote>\n<p>Thierry Cotillard l&rsquo;a remerci\u00e9 dans les commentaires, et en a profit\u00e9 pour r\u00e9pondre \u00e0 l&rsquo;invitation: \u00ab\u00a0Et pour notre d\u00eener de la semaine prochaine, no stress je te pr\u00e9pare notre meilleure c\u00f4te de b\u0153uf Jean-Roz\u00e9 avec&#8230; quelques carottes \u00e9videment!\u00a0\u00bb<\/p>\n","protected":false},"excerpt":{"rendered":"Le patron de Leclerc a salu\u00e9 la publicit\u00e9 de No\u00ebl de son concurrent Intermarch\u00e9. Selon lui, ce spot&hellip;\n","protected":false},"author":2,"featured_media":595101,"comment_status":"","ping_status":"","sticky":false,"template":"","format":"standard","meta":{"footnotes":""},"categories":[8],"tags":[58,59,1011,27],"class_list":{"0":"post-598704","1":"post","2":"type-post","3":"status-publish","4":"format-standard","5":"has-post-thumbnail","7":"category-divertissement","8":"tag-divertissement","9":"tag-entertainment","10":"tag-fr","11":"tag-france"},"share_on_mastodon":{"url":"https:\/\/pubeurope.com\/@fr\/115718050536231811","error":""},"_links":{"self":[{"href":"https:\/\/www.europesays.com\/fr\/wp-json\/wp\/v2\/posts\/598704","targetHints":{"allow":["GET"]}}],"collection":[{"href":"https:\/\/www.europesays.com\/fr\/wp-json\/wp\/v2\/posts"}],"about":[{"href":"https:\/\/www.europesays.com\/fr\/wp-json\/wp\/v2\/types\/post"}],"author":[{"embeddable":true,"href":"https:\/\/www.europesays.com\/fr\/wp-json\/wp\/v2\/users\/2"}],"replies":[{"embeddable":true,"href":"https:\/\/www.europesays.com\/fr\/wp-json\/wp\/v2\/comments?post=598704"}],"version-history":[{"count":0,"href":"https:\/\/www.europesays.com\/fr\/wp-json\/wp\/v2\/posts\/598704\/revisions"}],"wp:featuredmedia":[{"embeddable":true,"href":"https:\/\/www.europesays.com\/fr\/wp-json\/wp\/v2\/media\/595101"}],"wp:attachment":[{"href":"https:\/\/www.europesays.com\/fr\/wp-json\/wp\/v2\/media?parent=598704"}],"wp:term":[{"taxonomy":"category","embeddable":true,"href":"https:\/\/www.europesays.com\/fr\/wp-json\/wp\/v2\/categories?post=598704"},{"taxonomy":"post_tag","embeddable":true,"href":"https:\/\/www.europesays.com\/fr\/wp-json\/wp\/v2\/tags?post=598704"}],"curies":[{"name":"wp","href":"https:\/\/api.w.org\/{rel}","templated":true}]}}