{"id":598707,"date":"2025-12-14T13:03:14","date_gmt":"2025-12-14T13:03:14","guid":{"rendered":"https:\/\/www.europesays.com\/fr\/598707\/"},"modified":"2025-12-14T13:03:14","modified_gmt":"2025-12-14T13:03:14","slug":"boulogne-billancourt-le-chateau-rothschild-tient-peut-etre-son-nouveau-proprietaire-qui-pourrait-etre-xavier-niel","status":"publish","type":"post","link":"https:\/\/www.europesays.com\/fr\/598707\/","title":{"rendered":"Boulogne-Billancourt\u00a0: le ch\u00e2teau Rothschild\u00a0tient peut-\u00eatre son nouveau propri\u00e9taire&#8230; qui pourrait \u00eatre Xavier Niel !"},"content":{"rendered":"<p class=\"paragraph text_align_left lp-f-body-02\">Il s\u2019est d\u00e9j\u00e0 offert ces derniers mois le Pavillon de musique de la comtesse du Barry, \u00e0 Louveciennes dans les Yvelines. Mais <a href=\"https:\/\/www.leparisien.fr\/yvelines-78\/on-peut-compter-sur-lui-pour-que-cela-reste-un-endroit-exceptionnel-a-louveciennes-xavier-niel-soffre-le-pavillon-de-musique-de-la-comtesse-du-barry-18-11-2025-HDDNCZJ2GBCXXFE2V5EJNYIOWI.php\" target=\"_blank\" rel=\"noreferrer noopener\">l\u2019app\u00e9tit de Xavier Niel<\/a> pour le patrimoine francilien ne s\u2019arr\u00eate pas l\u00e0. Selon nos informations, l\u2019homme d\u2019affaires fondateur de Free, est d\u00e9sormais associ\u00e9 au promoteur Novaxia au sein de la soci\u00e9t\u00e9 R Patrimoine, cr\u00e9\u00e9e pour r\u00e9nover le ch\u00e2teau Rothschild, \u00e0 Boulogne (Hauts-de-Seine). <\/p>\n<p class=\"\">Un chantier estim\u00e9 \u00e0 plusieurs dizaines de millions d\u2019euros qui \u00e9tait au point mort. Voil\u00e0 bient\u00f4t dix ans que <a href=\"https:\/\/www.leparisien.fr\/hauts-de-seine-92\/a-boulogne-billancourt-le-chateau-rothschild-va-enfin-retrouver-son-eclat-04-10-2019-8166447.php\" target=\"_blank\" rel=\"noreferrer noopener\">le groupe immobilier est propri\u00e9taire<\/a> de la b\u00e2tisse datant du milieu du XIXe si\u00e8cle et inscrite aux monuments historiques en 1997. Mais cela fait surtout plus de quarante ans que le ch\u00e2teau est \u00e0 l\u2019abandon, apr\u00e8s \u00eatre pass\u00e9 entre les mains de diff\u00e9rents propri\u00e9taires. Sans jamais \u00eatre r\u00e9nov\u00e9, malgr\u00e9 les promesses. <\/p>\n","protected":false},"excerpt":{"rendered":"Il s\u2019est d\u00e9j\u00e0 offert ces derniers mois le Pavillon de musique de la comtesse du Barry, \u00e0 Louveciennes&hellip;\n","protected":false},"author":2,"featured_media":598708,"comment_status":"","ping_status":"","sticky":false,"template":"","format":"standard","meta":{"footnotes":""},"categories":[6],"tags":[35,33,34,1011,27,3314,1944],"class_list":{"0":"post-598707","1":"post","2":"type-post","3":"status-publish","4":"format-standard","5":"has-post-thumbnail","7":"category-economie","8":"tag-business","9":"tag-economie","10":"tag-economy","11":"tag-fr","12":"tag-france","13":"tag-hauts-de-seine","14":"tag-ma-ville"},"share_on_mastodon":{"url":"https:\/\/pubeurope.com\/@fr\/115718062447733684","error":""},"_links":{"self":[{"href":"https:\/\/www.europesays.com\/fr\/wp-json\/wp\/v2\/posts\/598707","targetHints":{"allow":["GET"]}}],"collection":[{"href":"https:\/\/www.europesays.com\/fr\/wp-json\/wp\/v2\/posts"}],"about":[{"href":"https:\/\/www.europesays.com\/fr\/wp-json\/wp\/v2\/types\/post"}],"author":[{"embeddable":true,"href":"https:\/\/www.europesays.com\/fr\/wp-json\/wp\/v2\/users\/2"}],"replies":[{"embeddable":true,"href":"https:\/\/www.europesays.com\/fr\/wp-json\/wp\/v2\/comments?post=598707"}],"version-history":[{"count":0,"href":"https:\/\/www.europesays.com\/fr\/wp-json\/wp\/v2\/posts\/598707\/revisions"}],"wp:featuredmedia":[{"embeddable":true,"href":"https:\/\/www.europesays.com\/fr\/wp-json\/wp\/v2\/media\/598708"}],"wp:attachment":[{"href":"https:\/\/www.europesays.com\/fr\/wp-json\/wp\/v2\/media?parent=598707"}],"wp:term":[{"taxonomy":"category","embeddable":true,"href":"https:\/\/www.europesays.com\/fr\/wp-json\/wp\/v2\/categories?post=598707"},{"taxonomy":"post_tag","embeddable":true,"href":"https:\/\/www.europesays.com\/fr\/wp-json\/wp\/v2\/tags?post=598707"}],"curies":[{"name":"wp","href":"https:\/\/api.w.org\/{rel}","templated":true}]}}