{"id":598709,"date":"2025-12-14T13:04:13","date_gmt":"2025-12-14T13:04:13","guid":{"rendered":"https:\/\/www.europesays.com\/fr\/598709\/"},"modified":"2025-12-14T13:04:13","modified_gmt":"2025-12-14T13:04:13","slug":"en-direct-fusillade-en-australie-anthony-albanese-premier-ministre-denonce-un-acte-dantisemitisme-malefique-11-morts-selon-un-nouveau-bilan-le-monde-fr","status":"publish","type":"post","link":"https:\/\/www.europesays.com\/fr\/598709\/","title":{"rendered":"EN DIRECT, fusillade en Australie : Anthony Albanese, premier ministre, d\u00e9nonce un \u00ab acte d\u2019antis\u00e9mitisme mal\u00e9fique \u00bb ; 11 morts selon un nouveau bilan &#8211; Le Monde.fr"},"content":{"rendered":"<ol>\n<li><a href=\"https:\/\/news.google.com\/rss\/articles\/CBMi0wJBVV95cUxQU0lRNlBINWNVdHdvQlltX0lJdVRmdVhFb1ZERExZNVgyRFlraF9vUlNmVllYdHdpelZuVEYwOUZmQmFlM1k4Q2V6c3RNLUMxNllpTXhEazV3WTR4cEM1UkVacVNKSm1MYU1iYzRJTnIzX2VKSkhZWVBRSGRVeGdJTEd5U01YX01lWFpuVUN0bFBmamFMMV9iMG03ZHJqaldLR0lwQmJfTmRLekVCQ2RDUk5NOWlRZ0stOHA2Q0M3TFA5di1QNm9ub0dZQ2Vaang5QzB5dUt2VG5MV1ZkaUhSVDlpOWtYclozT2VGRGlRbHlyNVhoRlgtbzBpclNJaks4dUVGaXoyTDZDYkt5WE9pZXJZSmZiRWowbzFFMHFBcENaX19UYWNTdHZnNzZJdkdnazF6NFNYRW5mMk9YcWNSX3RQU2JKVFUwOXdHYVFZUF9DSFk?oc=5\" target=\"_blank\" rel=\"noopener\">EN DIRECT, fusillade en Australie : Anthony Albanese, premier ministre, d\u00e9nonce un \u00ab acte d\u2019antis\u00e9mitisme mal\u00e9fique \u00bb ; 11 morts selon un nouveau bilan<\/a>&nbsp;&nbsp;Le Monde.fr<\/li>\n<li><a href=\"https:\/\/news.google.com\/rss\/articles\/CBMivwJBVV95cUxNTk9GalZZa2xrLXh1VG9wZFJIRWloNmtKdU1GRjFuNzdsdzdGTmRRdWxWWlk5bG5kZTFPRjVLd1daQmlLVnc4VUl3dDFEMkJqdjV6blBnYXpVWEs5T1FxRy1tU3hXNXBXRVU4SzhrX2RFbzIya0VFZnZsaGIwTmJPZmhkVHBFanVnQXN2QTcyTEFiMldJTU9EdUU4VzhELXhaVTJMTkdWODNqVnp0dE1LUlhnZzZQUHNtUG1Cd0VobFVIZlRjUV9Na2R3VU9XOHYxamJsWnQ2MG8zb3JTdEQxLVpZaFJSbkg5NDZybFMyUDJUS1g0WkZoczg1LVZWTmkyU1JGVkZNcmMzS3pZd2FnQmk0blFzLTcxbUM1Tlo5bGFSMHM2VlllT0JiMHN0Y25BSDRQUm51V2k2RG8zbEVj?oc=5\" target=\"_blank\" rel=\"noopener\">Fusillade en Australie : Anthony Albanese d\u00e9nonce un \u00ab acte d\u2019antis\u00e9mitisme mal\u00e9fique \u00bb ; 11 morts et une trentaine de bless\u00e9s, selon un nouveau bilan<\/a>&nbsp;&nbsp;Le Monde.fr<\/li>\n<li><a href=\"https:\/\/news.google.com\/rss\/articles\/CBMi9gFBVV95cUxNSm5pNm14cFBLbXNjWnJOTmhoVl9KeVNJYUJxczRjUUhvcWxKRm1paXE3S3Z0X203VUxlS1UtM2haUkVrNFhlZVNGSFVsNU9DM2F4c0lXdGZTWEw3cnVpdW1ONVFHRHJTMTNBNk9hWlRNblozZEM4bDFWMWtVNXFUX21EeEc4QXNxNkdSdnFRSGJCeEY2dmhyajZueVBDVUNqQkhLZDZsZDA1QUU2WUo5U2xqX3Z4T21KSnFyR0RnZ0U0ZDB1WXl0cGpWN0dzNW9tVjEwNEQ2bTNFNVg5ekVoekdSYlFIaVdLcjZ5QTFWQkFCZFZWckE?oc=5\" target=\"_blank\" rel=\"noopener\">Attentat de Sydney : 10 images du carnage perp\u00e9tr\u00e9 par des terroristes \u00e0 Bondi Beach<\/a>&nbsp;&nbsp;Le Parisien<\/li>\n<li><a href=\"https:\/\/news.google.com\/rss\/articles\/CBMi8wFBVV95cUxNRHFCUTlxQXVsNHIta3k0S2wxVy15Ny10dkFSWE0zSE1ueG9XVG1sMTk1WEszUTF1N0Q4VV9ENmZ2a2hYR29vSXVNUUhzYTd3QnlPQTlvS2NveFR2Q3NBY0E5Y2pkdGVabXJ6dlFQTHdlWjJZcm00cXZzMFU0VXdHbkFBbDBobmpSNmtxMFI2azNscVdTRzByODJKalNaY2NfbGY3Z3p5NTg4Y01fVkQ4T1ppNjNFMXppZ3owX29leG1UZ0lvNVhDTEVPMTF0bUpIRzRDOE9WRUNhZ2VMSE40b0R6Rl9zWWNyN090dlFPRWJvd3M?oc=5\" target=\"_blank\" rel=\"noopener\">Cette c\u00e9l\u00e9bration juive prise pour cible dans l\u2019attaque meurtri\u00e8re \u00e0 Bondi Beach<\/a>&nbsp;&nbsp;Le HuffPost<\/li>\n<li><a href=\"https:\/\/news.google.com\/rss\/articles\/CBMi3gFBVV95cUxNUFdNeUFobVlGcEFaUmxKNnpsUXJaZGlScGltODV5U0gzSGhmQ2xQT1JQOE5VQm4zOTV3amNKbWJ3QnNsZ2g0SHJvTFY0ajZuM29FWVhlNWtVTUpxTnBZX0ExY1lFXzFPZkdqM2dkclA5dkY1Y1hndWkxTzFpX2pMc3FVRmhERTk4Z0ZZZFJmZ0FqdGQ3UWxGWlBMR3ZwNEQxNzZTVHhwejNwTjBLZllLakM0d1YtVk1tcW05anRpZ1BmZHpITnlneXhhelRGVVdHaXFPLWJxOGgxYjNQUGc?oc=5\" target=\"_blank\" rel=\"noopener\">\u201cTuerie de masse effroyable\u201d sur la plage de Bondi Beach \u00e0 Sydney, au moins douze morts<\/a>&nbsp;&nbsp;Courrier international<\/li>\n<\/ol>\n","protected":false},"excerpt":{"rendered":"EN DIRECT, fusillade en Australie : Anthony Albanese, premier ministre, d\u00e9nonce un \u00ab acte d\u2019antis\u00e9mitisme mal\u00e9fique \u00bb ;&hellip;\n","protected":false},"author":2,"featured_media":598710,"comment_status":"","ping_status":"","sticky":false,"template":"","format":"standard","meta":{"footnotes":""},"categories":[5],"tags":[11,1011,27,14,12,28],"class_list":{"0":"post-598709","1":"post","2":"type-post","3":"status-publish","4":"format-standard","5":"has-post-thumbnail","7":"category-international","8":"tag-actualites","9":"tag-fr","10":"tag-france","11":"tag-international","12":"tag-news","13":"tag-world"},"share_on_mastodon":{"url":"https:\/\/pubeurope.com\/@fr\/115718066583643226","error":""},"_links":{"self":[{"href":"https:\/\/www.europesays.com\/fr\/wp-json\/wp\/v2\/posts\/598709","targetHints":{"allow":["GET"]}}],"collection":[{"href":"https:\/\/www.europesays.com\/fr\/wp-json\/wp\/v2\/posts"}],"about":[{"href":"https:\/\/www.europesays.com\/fr\/wp-json\/wp\/v2\/types\/post"}],"author":[{"embeddable":true,"href":"https:\/\/www.europesays.com\/fr\/wp-json\/wp\/v2\/users\/2"}],"replies":[{"embeddable":true,"href":"https:\/\/www.europesays.com\/fr\/wp-json\/wp\/v2\/comments?post=598709"}],"version-history":[{"count":0,"href":"https:\/\/www.europesays.com\/fr\/wp-json\/wp\/v2\/posts\/598709\/revisions"}],"wp:featuredmedia":[{"embeddable":true,"href":"https:\/\/www.europesays.com\/fr\/wp-json\/wp\/v2\/media\/598710"}],"wp:attachment":[{"href":"https:\/\/www.europesays.com\/fr\/wp-json\/wp\/v2\/media?parent=598709"}],"wp:term":[{"taxonomy":"category","embeddable":true,"href":"https:\/\/www.europesays.com\/fr\/wp-json\/wp\/v2\/categories?post=598709"},{"taxonomy":"post_tag","embeddable":true,"href":"https:\/\/www.europesays.com\/fr\/wp-json\/wp\/v2\/tags?post=598709"}],"curies":[{"name":"wp","href":"https:\/\/api.w.org\/{rel}","templated":true}]}}