{"id":598714,"date":"2025-12-14T13:09:15","date_gmt":"2025-12-14T13:09:15","guid":{"rendered":"https:\/\/www.europesays.com\/fr\/598714\/"},"modified":"2025-12-14T13:09:15","modified_gmt":"2025-12-14T13:09:15","slug":"asse-un-joueur-stephanois-denonce","status":"publish","type":"post","link":"https:\/\/www.europesays.com\/fr\/598714\/","title":{"rendered":"ASSE : Un joueur st\u00e9phanois d\u00e9nonce"},"content":{"rendered":"<p><b>L&rsquo;AS Saint-Etienne pouvait reprendre, au moins provisoirement, la t\u00eate de la <a href=\"https:\/\/www.foot01.com\/ligue2\" title=\"Ligue 2\" target=\"_blank\" rel=\"noopener\">Ligue 2<\/a> en cas de victoire face \u00e0 Bastia. Mais, face \u00e0 la lanterne rouge, les Verts ont \u00e9t\u00e9 tenus en \u00e9chec. Cela agace dans le vestiaire st\u00e9phanois.<\/b>Bien malin celui qui du c\u00f4t\u00e9 de Geoffroy-Guichard pouvait s&rsquo;attendre au sc\u00e9nario offert lors du choc entre l&rsquo;ASSE, qui vise la mont\u00e9e directe en Ligue 1 et le SC Bastia, qui cette saison n&rsquo;avait pas marqu\u00e9 le moindre but loin de la Corse. Pourtant, <a href=\"https:\/\/www.foot01.com\/ligue2\/l2-lasse-se-rate-contre-le-dernier\" target=\"_self\" rel=\"noopener\">les Bastiais ne sont pas pass\u00e9s loin de la victoire dans le Chaudron<\/a>. M\u00eame si l&rsquo;AS Saint-Etienne a arrach\u00e9 le point du nul, cela grognait du c\u00f4t\u00e9 des tribunes st\u00e9phanoises, et au sein du vestiaire d&rsquo;Eirik Horneland, il y avait une forme de col\u00e8re \u00e0 peine cach\u00e9e. Car les joueurs de l&rsquo;ASSE le savent, ce n&rsquo;est pas comme cela qu&rsquo;ils vont s&rsquo;assurer du retour dans l&rsquo;\u00e9lite, objectif explicitement vis\u00e9 par Ivan Gazidis et Kilmer Sports. Alors, Ben Old, l&rsquo;attaquant st\u00e9phanois, est mont\u00e9 au cr\u00e9neau.L&rsquo;ASSE ne peut pas r\u00eaver plus haut<\/p>\n<p>Plut\u00f4t que de faire de la langue de bois, l&rsquo;international n\u00e9o-z\u00e9landais n&rsquo;a pas \u00e9t\u00e9 loin de taper du poing sur la table apr\u00e8s ce nul contre le dernier de Ligue 2.  \u00ab C\u2019est tr\u00e8s frustrant pour moi et pour l\u2019\u00e9quipe. Je pense que c\u2019est un match que nous aurions d\u00fb gagner, mais on fait des erreurs qui nous co\u00fbtent cher. Pour la majorit\u00e9 des matchs, on joue suffisamment bien pour l\u2019emporter. Mais il y a un manque de concentration dans les moments cl\u00e9s qui font qu\u2019on conc\u00e8de beaucoup trop de buts. Nous sommes une \u00e9quipe suffisamment forte pour dominer chaque \u00e9quipe dans ce championnat, mais en faisant autant d\u2019erreurs \u00e0 chaque match, c\u2019est impossible. On ne termine pas cette premi\u00e8re partie de saison l\u00e0 o\u00f9 on voudrait \u00eatre\u00a0\u00bb, pr\u00e9vient l&rsquo;attaquant de l&rsquo;AS Saint-Etienne.<\/p>\n<p>Le hasard du calendrier fait que le week-end prochain, en Coupe de France, l&rsquo;AS Saint-Etienne affrontera Nice, une formation totalement \u00e0 l&rsquo;agonie en Ligue 1. De quoi s&rsquo;\u00e9talonner face \u00e0 une formation d&rsquo;un championnat que les Verts veulent retrouver la saison prochaine. Un duel qui risque tout de m\u00eame de faire le malheur d&rsquo;un des deux clubs, m\u00eame si <a href=\"https:\/\/www.foot01.com\/st-etienne\/asse-horneland-ne-sera-pas-vire\" target=\"_self\" rel=\"noopener\">Eirik Horneland et Franck Haise ne semblent pas en danger<\/a>. Pour l&rsquo;instant.<\/p>\n","protected":false},"excerpt":{"rendered":"L&rsquo;AS Saint-Etienne pouvait reprendre, au moins provisoirement, la t\u00eate de la Ligue 2 en cas de victoire face&hellip;\n","protected":false},"author":2,"featured_media":598715,"comment_status":"","ping_status":"","sticky":false,"template":"","format":"standard","meta":{"footnotes":""},"categories":[9653],"tags":[1111,11,461,2430,1777,674,1011,27,446,12,25,4001],"class_list":{"0":"post-598714","1":"post","2":"type-post","3":"status-publish","4":"format-standard","5":"has-post-thumbnail","7":"category-saint-etienne","8":"tag-actu","9":"tag-actualites","10":"tag-asse","11":"tag-auvergne-rhone-alpes","12":"tag-eu","13":"tag-europe","14":"tag-fr","15":"tag-france","16":"tag-ligue-2","17":"tag-news","18":"tag-republique-francaise","19":"tag-saint-etienne"},"share_on_mastodon":{"url":"https:\/\/pubeurope.com\/@fr\/115718086114929477","error":""},"_links":{"self":[{"href":"https:\/\/www.europesays.com\/fr\/wp-json\/wp\/v2\/posts\/598714","targetHints":{"allow":["GET"]}}],"collection":[{"href":"https:\/\/www.europesays.com\/fr\/wp-json\/wp\/v2\/posts"}],"about":[{"href":"https:\/\/www.europesays.com\/fr\/wp-json\/wp\/v2\/types\/post"}],"author":[{"embeddable":true,"href":"https:\/\/www.europesays.com\/fr\/wp-json\/wp\/v2\/users\/2"}],"replies":[{"embeddable":true,"href":"https:\/\/www.europesays.com\/fr\/wp-json\/wp\/v2\/comments?post=598714"}],"version-history":[{"count":0,"href":"https:\/\/www.europesays.com\/fr\/wp-json\/wp\/v2\/posts\/598714\/revisions"}],"wp:featuredmedia":[{"embeddable":true,"href":"https:\/\/www.europesays.com\/fr\/wp-json\/wp\/v2\/media\/598715"}],"wp:attachment":[{"href":"https:\/\/www.europesays.com\/fr\/wp-json\/wp\/v2\/media?parent=598714"}],"wp:term":[{"taxonomy":"category","embeddable":true,"href":"https:\/\/www.europesays.com\/fr\/wp-json\/wp\/v2\/categories?post=598714"},{"taxonomy":"post_tag","embeddable":true,"href":"https:\/\/www.europesays.com\/fr\/wp-json\/wp\/v2\/tags?post=598714"}],"curies":[{"name":"wp","href":"https:\/\/api.w.org\/{rel}","templated":true}]}}