{"id":59872,"date":"2025-04-28T18:16:11","date_gmt":"2025-04-28T18:16:11","guid":{"rendered":"https:\/\/www.europesays.com\/fr\/59872\/"},"modified":"2025-04-28T18:16:11","modified_gmt":"2025-04-28T18:16:11","slug":"des-auteurs-du-salon-du-livre-jeunesse-font-decouvrir-leur-univers-aux-eleves-trouvillais","status":"publish","type":"post","link":"https:\/\/www.europesays.com\/fr\/59872\/","title":{"rendered":"Des auteurs du salon du livre jeunesse font d\u00e9couvrir leur univers aux \u00e9l\u00e8ves trouvillais"},"content":{"rendered":"<p>            Par<br \/>\n        <strong><br \/>\n            <a href=\"https:\/\/actu.fr\/auteur\/aline-scherling\" title=\"Consulter tous les articles de aline.scherfling\" rel=\"nofollow noopener\" target=\"_blank\">aline.scherfling<\/a><br \/>\n        <\/strong><\/p>\n<p>        Publi\u00e9 le<\/p>\n<p>            28 avr. 2025 \u00e0 20h00        <\/p>\n<p>Avant de pr\u00e9senter leurs ouvrages au salon du livre jeunesse de <a href=\"https:\/\/actu.fr\/normandie\/trouville-sur-mer_14715\" rel=\"nofollow noopener\" target=\"_blank\">Trouville-sur-Mer<\/a> (Calvados) ce week-end, cinq auteurs et autrices se sont rendus, vendredi 25 avril, dans les \u00e9coles trouvillaises. Comme chaque ann\u00e9e, chacun a pris le temps de discuter avec des classes de grande section au CM 2.<\/p>\n<p class=\" wall-content\"><a href=\"https:\/\/jean-charles-sarrazin.com\/jcsarraz.php\" rel=\"nofollow noopener\" target=\"_blank\">Jean-Charles Sarrazin<\/a>, auteur illustrateur parisien, a choisi de parler de <a href=\"https:\/\/www.ecoledesloisirs.fr\/livre\/sassou\" rel=\"nofollow noopener\" target=\"_blank\">Sassou<\/a>, un livre sorti en 2014, \u00e0 un groupe de 19 CP de l\u2019<a href=\"https:\/\/www.trouville.fr\/ma-ville\/les-temps-de-l-enfant\/l-enseignement\/ecole-louis-delamare\/\" rel=\"nofollow noopener\" target=\"_blank\">\u00e9cole Delamare<\/a>. Les \u00e9l\u00e8ves avaient d\u00e9j\u00e0 d\u00e9couvert l\u2019histoire quelques jours auparavant, alors son auteur a plut\u00f4t opt\u00e9 pour une <b>d\u00e9monstration d\u2019illustration<\/b>.<\/p>\n<p>      <img   decoding=\"async\" loading=\"lazy\" class=\"size-large\" src=\"https:\/\/www.europesays.com\/fr\/wp-content\/uploads\/2025\/04\/13006c579f08617006c579f08fa006v-960x640.jpg\" alt=\"Jean-Charles Sarazin pr\u00e9sente le livre Sassou \u00e0 des \u00e9l\u00e8ves de CP.\" width=\"960\" height=\"640\"\/><br \/>\n    Jean-Charles Sarazin pr\u00e9sente le livre Sassou \u00e0 des \u00e9l\u00e8ves de CP. \u00a9Aline ScherflingUne rencontre interactive<\/p>\n<p class=\" wall-content\">Avec deux grandes feuilles blanches au tableau, Jean-Charles Sarrazin se met \u00e0 dessiner sous les regards silencieux de son jeune public. \u00ab Je dessine un rond parce que j\u2019aime bien les visages ronds \u00bb, explique-t-il, simplement. Puis il y dessine un sourire. \u00ab il est content parce qu\u2019il vient vous voir \u00bb. Le reste du dessin se construit en interrogeant les enfants. Les questions \u00ab Sassou est accueilli par quel animal \u00bb, ou \u00ab de quelle couleur peut-on faire le lion \u00bb, g\u00e9n\u00e8rent des r\u00e9ponses tant\u00f4t timides, et parfois nettement enjou\u00e9es. D\u00e8s qu\u2019une couleur est ajout\u00e9e, chacun y va de son avis : des \u00ab ouah \u00bb pour le jaune et le rouge, des \u00ab beurk \u00bb pour le marron et le vert. Et la couleur a son importance, puisque si l\u2019habit de Sassou, le personnage principal, est rouge, ce n\u2019est pas un hasard. Avec l\u2019histoire, c\u2019est une <b>r\u00e9f\u00e9rence suppl\u00e9mentaire au conte bien connu Le Petit Chaperon rouge, mais dans l\u2019environnement de la savane.<\/b><\/p>\n<p class=\" wall-content\">Une fois l\u2019illustration termin\u00e9e, Jean-Charles Sarrazin y ajoute une d\u00e9dicace. \u00ab Vous voulez dessiner vous aussi \u00bb, demande-t-il. Avec des r\u00e9ponses enthousiastes, les \u00e9l\u00e8ves apprennent donc \u00e0 dessiner les \u00e9motions des personnages jusqu\u2019\u00e0 la fin de la rencontre.<\/p>\n<p>      <img   decoding=\"async\" loading=\"lazy\" class=\"size-large\" src=\"https:\/\/www.europesays.com\/fr\/wp-content\/uploads\/2025\/04\/e616e9c69f086ea16e9c69f087e16ev-960x640.jpg\" alt=\"L'illustration d\u00e9dicac\u00e9e de Jean-Charles Sarrazin, pour les CP de l'\u00e9cole Delamare.\" width=\"960\" height=\"640\"\/><br \/>\n    L\u2019illustration d\u00e9dicac\u00e9e de Jean-Charles Sarrazin, pour les CP de l\u2019\u00e9cole Delamare. \u00a9Aline ScherflingVid\u00e9os : en ce moment sur ActuFaire du lien et gagner sa cro\u00fbte<\/p>\n<p class=\" wall-content\">Ce n\u2019est pas la premi\u00e8re fois que Jean-Charles Sarrazin expose son travail devant des classes. <b>En plus de ses 30 ans de carri\u00e8re, il a d\u00e9j\u00e0 particip\u00e9 trois ou quatre fois au salon du livre jeunesse de Trouville, et rencontre plusieurs classes par an.<\/b> \u00ab J\u2019aime bien raconter par l\u2019image, et les livres pour enfants ont la chance d\u2019avoir de grandes images \u00bb, confie l\u2019auteur et illustrateur, \u00e0 propos de ses productions. \u00ab Rencontrer des classes permet de faire le lien entre la m\u00e9diath\u00e8que, les livres et nous, auteurs, mais aussi de gagner notre cro\u00fbte. C\u2019est dur de vivre de ses droits d\u2019auteur \u00bb !<\/p>\n<p class=\" wall-content\">Les \u00e9l\u00e8ves tirent aussi des le\u00e7ons de ces rencontres. \u00ab Cela permet aux enfants de <b>d\u00e9couvrir le m\u00e9tier d\u2019auteur illustrateur<\/b>, et de savoir comment ils s\u2019y prennent \u00bb, explique Sophie Le Brun, enseignante. L\u2019ann\u00e9e prochaine, ses CP seront en CE1, et vivront une troisi\u00e8me rencontre diff\u00e9rente, et adapt\u00e9e \u00e0 leur plus grand \u00e2ge.<\/p>\n<p class=\" wall-content\">Suivez toute l\u2019actualit\u00e9 de vos villes et m\u00e9dias favoris en vous inscrivant \u00e0 <a href=\"https:\/\/moncompte.actu.fr\" title=\"D\u00e9couvez Mon Actu\" rel=\"nofollow noopener\" data-trk=\"{&quot;cta&quot;:{&quot;action&quot;:&quot;https:\\\/\\\/moncompte.actu.fr&quot;,&quot;category&quot;:&quot;mon compte&quot;,&quot;from&quot;:&quot;article footer&quot;,&quot;name&quot;:&quot;Mon actu&quot;,&quot;type&quot;:&quot;cta&quot;}}\" target=\"_blank\">Mon Actu<\/a>.<\/p>\n","protected":false},"excerpt":{"rendered":"Par aline.scherfling Publi\u00e9 le 28 avr. 2025 \u00e0 20h00 Avant de pr\u00e9senter leurs ouvrages au salon du livre&hellip;\n","protected":false},"author":2,"featured_media":59873,"comment_status":"","ping_status":"","sticky":false,"template":"","format":"standard","meta":{"footnotes":""},"categories":[1357],"tags":[1379,58,1719,59,1011,27,1380,104],"class_list":{"0":"post-59872","1":"post","2":"type-post","3":"status-publish","4":"format-standard","5":"has-post-thumbnail","7":"category-livres","8":"tag-books","9":"tag-divertissement","10":"tag-enfants","11":"tag-entertainment","12":"tag-fr","13":"tag-france","14":"tag-livres","15":"tag-societe"},"share_on_mastodon":{"url":"https:\/\/pubeurope.com\/@fr\/114416961782759585","error":""},"_links":{"self":[{"href":"https:\/\/www.europesays.com\/fr\/wp-json\/wp\/v2\/posts\/59872","targetHints":{"allow":["GET"]}}],"collection":[{"href":"https:\/\/www.europesays.com\/fr\/wp-json\/wp\/v2\/posts"}],"about":[{"href":"https:\/\/www.europesays.com\/fr\/wp-json\/wp\/v2\/types\/post"}],"author":[{"embeddable":true,"href":"https:\/\/www.europesays.com\/fr\/wp-json\/wp\/v2\/users\/2"}],"replies":[{"embeddable":true,"href":"https:\/\/www.europesays.com\/fr\/wp-json\/wp\/v2\/comments?post=59872"}],"version-history":[{"count":0,"href":"https:\/\/www.europesays.com\/fr\/wp-json\/wp\/v2\/posts\/59872\/revisions"}],"wp:featuredmedia":[{"embeddable":true,"href":"https:\/\/www.europesays.com\/fr\/wp-json\/wp\/v2\/media\/59873"}],"wp:attachment":[{"href":"https:\/\/www.europesays.com\/fr\/wp-json\/wp\/v2\/media?parent=59872"}],"wp:term":[{"taxonomy":"category","embeddable":true,"href":"https:\/\/www.europesays.com\/fr\/wp-json\/wp\/v2\/categories?post=59872"},{"taxonomy":"post_tag","embeddable":true,"href":"https:\/\/www.europesays.com\/fr\/wp-json\/wp\/v2\/tags?post=59872"}],"curies":[{"name":"wp","href":"https:\/\/api.w.org\/{rel}","templated":true}]}}