{"id":598726,"date":"2025-12-14T13:17:16","date_gmt":"2025-12-14T13:17:16","guid":{"rendered":"https:\/\/www.europesays.com\/fr\/598726\/"},"modified":"2025-12-14T13:17:16","modified_gmt":"2025-12-14T13:17:16","slug":"un-conducteur-piege-dans-la-voiture-une-blessee-grave","status":"publish","type":"post","link":"https:\/\/www.europesays.com\/fr\/598726\/","title":{"rendered":"un conducteur pi\u00e9g\u00e9 dans la voiture, une bless\u00e9e grave"},"content":{"rendered":"<p>                    Par<br \/>\n        <strong><br \/>\n            <a href=\"https:\/\/actu.fr\/auteur\/metropoop\" title=\"Consulter tous les articles de R\u00e9daction M\u00e9tropolitain\" rel=\"nofollow noopener\" target=\"_blank\">R\u00e9daction M\u00e9tropolitain<\/a><br \/>\n                    <\/strong><\/p>\n<p>        Publi\u00e9 le<\/p>\n<p>            14 d\u00e9c. 2025 \u00e0 10h00        <\/p>\n<p><strong>Un mort<\/strong>, un bless\u00e9, tel est le bilan d\u2019un accident survenu ce samedi soir sur la RN 109 \u00e0 <strong>Juvignac<\/strong>. Une voiture a fait des tonneaux avec deux occupants \u00e0 bord.<\/p>\n<p class=\" wall-content\">L\u2019alerte a \u00e9t\u00e9 donn\u00e9e ce samedi 13 d\u00e9cembre 2025, au<strong> Sdis 34, <\/strong>vers 23h,\u00a0qui a d\u00e9p\u00each\u00e9 de gros moyens de secours, sur une portion de la RN 109, non loin du prolongement de l\u2019A750 et au n niveau d\u2019une bretelle d\u2019acc\u00e8s \u00e0 Juvignac, aux portes ouest de Montpellier.<\/p>\n<p>    <a href=\"https:\/\/www.google.com\/maps\/embed?pb=!1m18!1m12!1m3!1d92390.95309426694!2d3.8136436631347514!3d43.64364746186893!2m3!1f0!2f0!3f0!3m2!1i1024!2i768!4f13.1!3m3!1m2!1s0x12b6ac347ca8cc4b%3A0xb5aedf2c38a467fd!2s34990%20Juvignac!5e0!3m2!1sfr!2sfr!4v1765702738559!5m2!1sfr!2sfr\" title=\"Ouvrie le lien\" rel=\"nofollow noopener\" target=\"_blank\">Cliquez ici pour visualiser le contenu<\/a><\/p>\n<p class=\" wall-content\">Apr\u00e8s une sortie de route, un v\u00e9hicule est parti en tonneaux. Le conducteur \u00e2g\u00e9 d\u2019environ 30 ans, pi\u00e9g\u00e9 dans la voiture disloqu\u00e9e, \u00e9tait en arr\u00eat cardio-respiratoire \u00e0 l\u2019arriv\u00e9e des sapeurs-pompiers de Montpellier et du <strong>Smur-Samu 34<\/strong>. Il n\u2019a pas pu \u00eatre r\u00e9anim\u00e9 en d\u00e9pit de massages cardiaque produis apr\u00e8s une op\u00e9ration de d\u00e9sincarc\u00e9ration. Il a \u00e9t\u00e9 d\u00e9clar\u00e9 d\u00e9c\u00e9d\u00e9 sur place.<\/p>\n<p class=\" wall-content\">La passag\u00e8re avant \u00e2g\u00e9e de 32 ans pr\u00e9sentait une importante blessure \u00e0 la main gauche et a \u00e9t\u00e9 transport\u00e9e en urgence absolue au d\u00e9partement anesth\u00e9sie r\u00e9animation -DAR A- au CHU de Montpellier. Elle est hors de danger.<\/p>\n<p>Vid\u00e9os : en ce moment sur Actu<\/p>\n<p class=\" wall-content\">L\u2019enqu\u00eate est men\u00e9e par les <strong>gendarmes<\/strong> de la brigade motoris\u00e9e de Clermont-l\u2019H\u00e9rault pour \u00e9tablir les circonstances de cet accident mortel, le deuxi\u00e8me survenu c\u00e8de samedi soir dans l\u2019H\u00e9rault, apr\u00e8s celui de Villeneuve-l\u00e8s-B\u00e9ziers.<\/p>\n<p class=\" wall-content\">Personnalisez votre actualit\u00e9 en ajoutant vos villes et m\u00e9dias en favori avec <a href=\"https:\/\/moncompte.actu.fr\" title=\"D\u00e9couvez Mon Actu\" rel=\"nofollow noopener\" data-trk=\"{&quot;cta&quot;:{&quot;action&quot;:&quot;https:\\\/\\\/moncompte.actu.fr&quot;,&quot;category&quot;:&quot;mon compte&quot;,&quot;from&quot;:&quot;article footer&quot;,&quot;name&quot;:&quot;Mon actu&quot;,&quot;type&quot;:&quot;cta&quot;}}\" target=\"_blank\">Mon Actu<\/a>.<\/p>\n","protected":false},"excerpt":{"rendered":"Par R\u00e9daction M\u00e9tropolitain Publi\u00e9 le 14 d\u00e9c. 2025 \u00e0 10h00 Un mort, un bless\u00e9, tel est le bilan&hellip;\n","protected":false},"author":2,"featured_media":598727,"comment_status":"","ping_status":"","sticky":false,"template":"","format":"standard","meta":{"footnotes":""},"categories":[9599],"tags":[1111,11,1777,674,118,1011,27,3381,303,2208,12,2680,1311,25],"class_list":{"0":"post-598726","1":"post","2":"type-post","3":"status-publish","4":"format-standard","5":"has-post-thumbnail","7":"category-montpellier","8":"tag-actu","9":"tag-actualites","10":"tag-eu","11":"tag-europe","12":"tag-faits-divers","13":"tag-fr","14":"tag-france","15":"tag-gendarmerie","16":"tag-justice","17":"tag-montpellier","18":"tag-news","19":"tag-occitanie","20":"tag-pompiers","21":"tag-republique-francaise"},"share_on_mastodon":{"url":"https:\/\/pubeurope.com\/@fr\/115718117380246502","error":""},"_links":{"self":[{"href":"https:\/\/www.europesays.com\/fr\/wp-json\/wp\/v2\/posts\/598726","targetHints":{"allow":["GET"]}}],"collection":[{"href":"https:\/\/www.europesays.com\/fr\/wp-json\/wp\/v2\/posts"}],"about":[{"href":"https:\/\/www.europesays.com\/fr\/wp-json\/wp\/v2\/types\/post"}],"author":[{"embeddable":true,"href":"https:\/\/www.europesays.com\/fr\/wp-json\/wp\/v2\/users\/2"}],"replies":[{"embeddable":true,"href":"https:\/\/www.europesays.com\/fr\/wp-json\/wp\/v2\/comments?post=598726"}],"version-history":[{"count":0,"href":"https:\/\/www.europesays.com\/fr\/wp-json\/wp\/v2\/posts\/598726\/revisions"}],"wp:featuredmedia":[{"embeddable":true,"href":"https:\/\/www.europesays.com\/fr\/wp-json\/wp\/v2\/media\/598727"}],"wp:attachment":[{"href":"https:\/\/www.europesays.com\/fr\/wp-json\/wp\/v2\/media?parent=598726"}],"wp:term":[{"taxonomy":"category","embeddable":true,"href":"https:\/\/www.europesays.com\/fr\/wp-json\/wp\/v2\/categories?post=598726"},{"taxonomy":"post_tag","embeddable":true,"href":"https:\/\/www.europesays.com\/fr\/wp-json\/wp\/v2\/tags?post=598726"}],"curies":[{"name":"wp","href":"https:\/\/api.w.org\/{rel}","templated":true}]}}