{"id":598728,"date":"2025-12-14T13:18:11","date_gmt":"2025-12-14T13:18:11","guid":{"rendered":"https:\/\/www.europesays.com\/fr\/598728\/"},"modified":"2025-12-14T13:18:11","modified_gmt":"2025-12-14T13:18:11","slug":"pres-de-rouen-un-etudiant-lance-une-association-pour-impliquer-davantage-les-habitants-dans-les-municipales","status":"publish","type":"post","link":"https:\/\/www.europesays.com\/fr\/598728\/","title":{"rendered":"Pr\u00e8s de Rouen. Un \u00e9tudiant lance une association pour impliquer davantage les habitants dans les municipales"},"content":{"rendered":"<p>                    Par<br \/>\n        <strong><br \/>\n            <a href=\"https:\/\/actu.fr\/auteur\/aurelien-delavaud\" title=\"Consulter tous les articles de Aur\u00e9lien Delavaud\" target=\"_blank\" rel=\"noopener\">Aur\u00e9lien Delavaud<\/a><br \/>\n                    <\/strong><\/p>\n<p>        Publi\u00e9 le<\/p>\n<p>            14 d\u00e9c. 2025 \u00e0 13h18        <\/p>\n<p>En ao\u00fbt dernier, le Saint-Aubinois Pablo Seneca, \u00e2g\u00e9 de 20\u00a0ans et <b>\u00e9tudiant <\/b>en sciences politiques \u00e0 Rouen, a pris l\u2019initiative de cr\u00e9er une <b>association <\/b>sous les conseils avis\u00e9s du p\u00e8re de son ami d\u2019enfance. Officiellement cr\u00e9\u00e9e le 30\u00a0ao\u00fbt 2025, l\u2019Association des habitants de <a href=\"https:\/\/actu.fr\/normandie\/saint-aubin-les-elbeuf_76561\" target=\"_blank\" rel=\"noopener\">Saint-Aubin-l\u00e8s-Elbeuf (Seine-Maritime)<\/a> a pour objectif de promouvoir l\u2019int\u00e9r\u00eat g\u00e9n\u00e9ral des habitants en se voulant \u00ab<b>\u2009apartisane <\/b>et neutre id\u00e9ologiquement\u2009\u00bb.<\/p>\n<p>Rassembler des propositions<\/p>\n<p class=\" wall-content\">Cette volont\u00e9 de cr\u00e9er une association s\u2019ancre dans une <b>conviction <\/b>plus profonde, pour celui qui a presque toujours v\u00e9cu dans la commune\u2009: \u00ab\u2009Quand nous sommes arriv\u00e9s dans la ville avec mes parents, il y a 17\u00a0ans, il y avait beaucoup de choses qui allaient sur le plan du <b>commerce <\/b>avec un centre-ville attractif, un fleurissement cons\u00e9quent et c\u2019est vrai qu\u2019au fur et \u00e0 mesure du temps on a trouv\u00e9 qu\u2019il y avait une <b>d\u00e9gradation <\/b>cons\u00e9quente de l\u2019activit\u00e9 commerciale, avec un centre-ville qui n\u2019existe plus et des espaces vacants qui ne sont plus mis en valeur\u2009\u00bb, confie Pablo Seneca.<\/p>\n<p class=\" wall-content\">D\u00e8s septembre, un premier projet a \u00e9t\u00e9 lanc\u00e9\u2009: un <b>sondage <\/b>r\u00e9alis\u00e9 \u00e0 travers un questionnaire en ligne. Selon le pr\u00e9sident de l\u2019association, l\u2019objectif du questionnaire est de \u00ab\u2009rassembler plusieurs propositions qui proviennent v\u00e9ritablement des Saint-Aubinois, de sorte \u00e0 en s\u00e9lectionner quelques-unes qui soient faisables au niveau municipal\u2009\u00bb. Il esp\u00e8re atteindre au moins 100 r\u00e9ponses pour ce questionnaire qui se veut <b>collaboratif <\/b>en associant les citoyens, les membres de l\u2019association et les \u00e9lus de la ville.<\/p>\n<p>Une n\u00e9cessaire collaboration avec les \u00e9lus<\/p>\n<p class=\" wall-content\">L\u2019association a \u00e9galement tenu \u00e0 informer la <b>municipalit\u00e9 <\/b>de sa d\u00e9marche, mais le r\u00e9sultat n\u2019a pas \u00e9t\u00e9 fructueux jusqu\u2019\u00e0 pr\u00e9sent. L\u2019\u00e9tudiant regrette que les \u00e9lus soient frileux \u00e0 l\u2019id\u00e9e de collaborer avec son association \u00ab\u2009qui a pourtant comme principal objectif d\u2019aider tout le monde\u2009\u00bb, assure-t-il.<\/p>\n<blockquote class=\"ac-article-quote wall-content\">\n<p>Malheureusement, la municipalit\u00e9 n\u2019a pas souhait\u00e9 collaborer avec l\u2019association, la d\u00e9marche n\u2019a pas \u00e9t\u00e9 accueillie favorablement, car la municipalit\u00e9 a eu une certaine m\u00e9fiance vis-\u00e0-vis de ce projet associatif.<\/p>\n<p>Pablo Seneca.<\/p><\/blockquote>\n<p>Vid\u00e9os : en ce moment sur Actu<\/p>\n<p class=\" wall-content\">\u00c0 l\u2019approche des prochaines <b>\u00e9lections municipales<\/b>, l\u2019association souhaite avoir une place singuli\u00e8re dans l\u2019\u00e9cosyst\u00e8me social de la ville. \u00ab\u2009En tant qu\u2019association, il faudra voir si les projets port\u00e9s par la prochaine municipalit\u00e9 poursuivent l\u2019<b>int\u00e9r\u00eat g\u00e9n\u00e9ral<\/b> de la population. L\u2019objectif sera toujours de porter des projets qui proviennent des citoyens afin que les \u00e9lus \u00e9tudient ces propositions et les mettent en place \u00e0 l\u2019avenir. Les projets pourront exister seulement s\u2019il y a une collaboration avec les \u00e9lus\u2009\u00bb, conclut Pablo Seneca.<\/p>\n<p class=\" wall-content\">Personnalisez votre actualit\u00e9 en ajoutant vos villes et m\u00e9dias en favori avec <a href=\"https:\/\/moncompte.actu.fr\" title=\"D\u00e9couvez Mon Actu\" rel=\"nofollow noopener\" data-trk=\"{&quot;cta&quot;:{&quot;action&quot;:&quot;https:\\\/\\\/moncompte.actu.fr&quot;,&quot;category&quot;:&quot;mon compte&quot;,&quot;from&quot;:&quot;article footer&quot;,&quot;name&quot;:&quot;Mon actu&quot;,&quot;type&quot;:&quot;cta&quot;}}\" target=\"_blank\">Mon Actu<\/a>.<\/p>\n","protected":false},"excerpt":{"rendered":"Par Aur\u00e9lien Delavaud Publi\u00e9 le 14 d\u00e9c. 2025 \u00e0 13h18 En ao\u00fbt dernier, le Saint-Aubinois Pablo Seneca, \u00e2g\u00e9&hellip;\n","protected":false},"author":2,"featured_media":598729,"comment_status":"","ping_status":"","sticky":false,"template":"","format":"standard","meta":{"footnotes":""},"categories":[9587],"tags":[1111,11,1064,1777,674,1011,27,12,5161,25,9590,104],"class_list":{"0":"post-598728","1":"post","2":"type-post","3":"status-publish","4":"format-standard","5":"has-post-thumbnail","7":"category-rouen","8":"tag-actu","9":"tag-actualites","10":"tag-etudiantses","11":"tag-eu","12":"tag-europe","13":"tag-fr","14":"tag-france","15":"tag-news","16":"tag-normandie","17":"tag-republique-francaise","18":"tag-rouen","19":"tag-societe"},"share_on_mastodon":{"url":"https:\/\/pubeurope.com\/@fr\/115718121428243719","error":""},"_links":{"self":[{"href":"https:\/\/www.europesays.com\/fr\/wp-json\/wp\/v2\/posts\/598728","targetHints":{"allow":["GET"]}}],"collection":[{"href":"https:\/\/www.europesays.com\/fr\/wp-json\/wp\/v2\/posts"}],"about":[{"href":"https:\/\/www.europesays.com\/fr\/wp-json\/wp\/v2\/types\/post"}],"author":[{"embeddable":true,"href":"https:\/\/www.europesays.com\/fr\/wp-json\/wp\/v2\/users\/2"}],"replies":[{"embeddable":true,"href":"https:\/\/www.europesays.com\/fr\/wp-json\/wp\/v2\/comments?post=598728"}],"version-history":[{"count":0,"href":"https:\/\/www.europesays.com\/fr\/wp-json\/wp\/v2\/posts\/598728\/revisions"}],"wp:featuredmedia":[{"embeddable":true,"href":"https:\/\/www.europesays.com\/fr\/wp-json\/wp\/v2\/media\/598729"}],"wp:attachment":[{"href":"https:\/\/www.europesays.com\/fr\/wp-json\/wp\/v2\/media?parent=598728"}],"wp:term":[{"taxonomy":"category","embeddable":true,"href":"https:\/\/www.europesays.com\/fr\/wp-json\/wp\/v2\/categories?post=598728"},{"taxonomy":"post_tag","embeddable":true,"href":"https:\/\/www.europesays.com\/fr\/wp-json\/wp\/v2\/tags?post=598728"}],"curies":[{"name":"wp","href":"https:\/\/api.w.org\/{rel}","templated":true}]}}