{"id":598730,"date":"2025-12-14T13:19:13","date_gmt":"2025-12-14T13:19:13","guid":{"rendered":"https:\/\/www.europesays.com\/fr\/598730\/"},"modified":"2025-12-14T13:19:13","modified_gmt":"2025-12-14T13:19:13","slug":"des-agriculteurs-se-mobilisent-pres-de-rouen-apres-labattage-de-vaches-en-ariege","status":"publish","type":"post","link":"https:\/\/www.europesays.com\/fr\/598730\/","title":{"rendered":"des agriculteurs se mobilisent pr\u00e8s de Rouen apr\u00e8s l&rsquo;abattage de vaches en Ari\u00e8ge"},"content":{"rendered":"<p>                    Par<br \/>\n        <strong><br \/>\n            <a href=\"https:\/\/actu.fr\/auteur\/isabellevilly\" title=\"Consulter tous les articles de Isabelle Villy\" target=\"_blank\" rel=\"noopener\">Isabelle Villy<\/a><br \/>\n                    <\/strong><\/p>\n<p>        Publi\u00e9 le<\/p>\n<p>            14 d\u00e9c. 2025 \u00e0 13h14        <\/p>\n<p>Alors qu\u2019un <strong>troupeau entier de 207 vaches<\/strong>, affect\u00e9 par la <strong>dermatose bovine<\/strong> en Ari\u00e8ge a \u00e9t\u00e9 <strong>abattu vendredi 12\u00a0d\u00e9cembre 2025<\/strong> par les services v\u00e9t\u00e9rinaires, des <strong>agriculteurs de la Seine-Maritime et de l\u2019Eure<\/strong> ont tenu \u00e0 t\u00e9moigner de leur <strong>soutien<\/strong> \u00e0 leurs coll\u00e8gues du Sud-Ouest, en se rassemblant vendredi soir sur le <strong>rond-point des vaches, <\/strong>\u00e0 <a href=\"https:\/\/actu.fr\/normandie\/saint-etienne-du-rouvray_76575\" target=\"_blank\" rel=\"noopener\">Saint-\u00c9tienne-du-Rouvray<\/a>, pr\u00e8s de Rouen, et \u00e0 l\u2019<strong>\u00e9changeur du Moulin-d\u2019\u00c9calles, sur l\u2019A28<\/strong>. Pas de blocage, pas de manifestation, mais simplement le besoin d\u2019exprimer la solidarit\u00e9 du monde agricole et l\u2019incompr\u00e9hension face aux d\u00e9cisions prises par les autorit\u00e9s.<\/p>\n<p>\u00ab\u2009On ne peut pas admettre \u00e7a\u2009\u00bb<\/p>\n<p class=\" wall-content\">\u00ab\u2009On ne sait pas o\u00f9 tout cela va s\u2019arr\u00eater\u2009! Pourquoi d\u00e9cider d\u2019abattre tout un troupeau\u2009? On \u00e9voque le principe de pr\u00e9caution, d\u2019accord, mais est-ce qu\u2019on s\u2019interroge sur la r\u00e9glementation dans le transport des animaux, par exemple\u2009\u00bb, se demande J\u00e9r\u00f4me Canival, agriculteur \u00e0 Surtauville, dans l\u2019Eure. <strong>\u00ab\u2009On ne peut pas admettre \u00e7a\u2009\u00bb<\/strong>, poursuit l\u2019agriculteur c\u00e9r\u00e9alier, qui a connu le monde de l\u2019\u00e9levage, notamment \u00e0 l\u2019\u00e9poque de la \u00ab\u2009vache folle\u2009\u00bb (enc\u00e9phalopathie spongiforme bovine), dans les ann\u00e9es 1990.<\/p>\n<p class=\" wall-content\">Et il en garde un souvenir traumatisant\u2009: \u00ab\u2009s\u2019habituer au silence dans une ferme o\u00f9 tout un cheptel a \u00e9t\u00e9 tu\u00e9, c\u2019est terrible, on ne s\u2019en remet pas\u2009\u00bb, confie J\u00e9r\u00f4me Canival, qui ne sait donc que trop bien ce que peuvent actuellement \u00e9prouver ses coll\u00e8gues de l\u2019Ari\u00e8ge.<\/p>\n<p>Incompr\u00e9hension et col\u00e8re<\/p>\n<p class=\" wall-content\">Et au-del\u00e0 de l\u2019incompr\u00e9hension, on sent que <strong>la col\u00e8re n\u2019est pas loin<\/strong> chez les agriculteurs, qui n\u2019en finissent plus de subir les crises, l\u2019une apr\u00e8s l\u2019autre. \u00ab\u2009Il n\u2019y a pas de dialogue, tout a \u00e9t\u00e9 d\u00e9cid\u00e9 en haut. Personne ne parle. Le gouvernement est aux abonn\u00e9s absents. On n\u2019entend pas non plus s\u2019exprimer les v\u00e9t\u00e9rinaires\u2009\u00bb, d\u00e9nonce J\u00e9r\u00f4me Canival, qui s\u2019interroge sur l\u2019avenir.<\/p>\n<p>Craintes pour l\u2019avenir des jeunes et de la fili\u00e8re agricole<\/p>\n<p class=\" wall-content\">\u00ab\u2009Nous, on travaille pour nourrir la population, on est respectueux des normes et de l\u2019environnement, alors qu\u2019avec le Mercosur, on va importer de la viande qui n\u2019est pas produite selon les m\u00eames contraintes que la n\u00f4tre\u2009\u00bb, s\u2019insurge l\u2019agriculteur, qui est profond\u00e9ment inquiet pour l\u2019avenir des jeunes et pour la fili\u00e8re agricole. \u00ab\u2009Avec cette d\u00e9cision d\u2019abattage, on a peut-\u00eatre d\u00e9j\u00e0 ray\u00e9 le monde agricole de la carte\u2009\u00bb, craint-il.<\/p>\n<p>Vid\u00e9os : en ce moment sur Actu<br \/>\n    <img   decoding=\"async\" loading=\"lazy\" src=\"https:\/\/www.europesays.com\/fr\/wp-content\/uploads\/2025\/12\/agris-2-960x640.jpg\" alt=\"Les agriculteurs de Normandie sont inquiets pour l'avenir de la fili\u00e8re. \" width=\"960\" height=\"640\"\/><br \/>\n    Les agriculteurs de Normandie sont inquiets pour l\u2019avenir de la fili\u00e8re. (\u00a9DR)Difficile de reconstituer un cheptel<\/p>\n<p class=\" wall-content\">La ministre de l\u2019Agriculture, Annie Genevard, a affirm\u00e9, samedi 13\u00a0d\u00e9cembre, \u00e0 nos confr\u00e8res d\u2019<a href=\"https:\/\/www.francebleu.fr\/emissions\/l-info-d-ici-ici-occitanie\/dermatose-nous-allons-vacciner-pres-d-un-million-d-animaux-indique-la-ministre-de-l-agriculture-4109844\" target=\"_blank\" rel=\"noopener\">Ici Occitanie<\/a> \u00ab\u2009qu\u2019aucun \u00e9leveur ne sera laiss\u00e9 seul et que les pertes seront indemnis\u00e9es. Nous allons, dans les semaines qui viennent, <strong>vacciner pr\u00e8s d\u2019un million d\u2019animaux<\/strong> et donc, prot\u00e9ger les \u00e9leveurs\u2009\u00bb, a-t-elle annonc\u00e9, conc\u00e9dant que l\u2019abattage constitue \u00ab\u2009un traumatisme immense\u2009\u00bb.<\/p>\n<p>Votre r\u00e9gion, votre actu !<\/p>\n<p>Recevez chaque jour les infos qui comptent pour vous.<\/p>\n<p>\t<a href=\"https:\/\/actu.fr\/newsletter\" class=\"ac-btn ac-btn--corner ac-btn--medium ac-btn--blue800\" target=\"_blank\" rel=\"noopener\">S&rsquo;incrire<\/a><\/p>\n<p class=\" wall-content\">Pour l\u2019agriculteur normand, les indemnisations ne r\u00e9pareront pas le pr\u00e9judice, d\u2019autant qu\u2019il est tr\u00e8s \u00ab\u2009difficile aujourd\u2019hui de reconstituer un cheptel. Il n\u2019y a pas assez d\u2019animaux\u2009\u00bb, assure l\u2019agriculteur.<\/p>\n<p>Pas de danger pour l\u2019homme<\/p>\n<p class=\" wall-content\">La <strong>dermatose nodulaire contagieuse (DNC)<\/strong> est apparue en France en juin dernier et touche actuellement quatre d\u00e9partements en Occitanie, dans les Pyr\u00e9n\u00e9es-Orientales, en Ari\u00e8ge et dans les Hautes-Pyr\u00e9n\u00e9es. Cette affection ne pr\u00e9sente pas de danger pour l\u2019homme mais elle peut entra\u00eener la mort des animaux.<\/p>\n<p>    <img   decoding=\"async\" loading=\"lazy\" src=\"https:\/\/www.europesays.com\/fr\/wp-content\/uploads\/2025\/12\/agris-3-960x640.jpg\" alt=\"De nouvelles mesures ont \u00e9t\u00e9 d\u00e9cid\u00e9es au plan national pour limiter la propagation du virus. \" width=\"960\" height=\"640\"\/><br \/>\n    De nouvelles mesures ont \u00e9t\u00e9 d\u00e9cid\u00e9es au plan national pour limiter la propagation du virus. (\u00a9DR)<\/p>\n<p class=\" wall-content\">Dans un communiqu\u00e9, ce 12\u00a0d\u00e9cembre, la pr\u00e9fecture de la Seine-Maritime indique qu\u2019il s\u2019agit d\u2019une \u00ab\u2009maladie virale, fortement pr\u00e9judiciable \u00e0 la sant\u00e9 des bovins [qui] conduit \u00e0 des pertes de production importantes du cheptel infect\u00e9\u2009\u00bb.<\/p>\n<p>Trois nouvelles mesures pour limiter la propagation du virus<\/p>\n<p class=\" wall-content\">Le minist\u00e8re de l\u2019Agriculture vient de mettre en place trois nouvelles actions \u00e0 l\u2019\u00e9chelle nationale pour limiter la propagation du virus\u2009: jusqu\u2019au 1er\u00a0janvier 2026, les rassemblements festifs de bovins sont interdits, les notifications de mouvements bovins doivent \u00eatre faites dans les 24\u00a0heures qui suivent le mouvement (au lieu de sept jours), enfin, les moyens de transport de bovins devront \u00eatre d\u00e9sinsectis\u00e9s en cas de mouvement en dehors de la France.<\/p>\n<p class=\" wall-content\">Personnalisez votre actualit\u00e9 en ajoutant vos villes et m\u00e9dias en favori avec <a href=\"https:\/\/moncompte.actu.fr\" title=\"D\u00e9couvez Mon Actu\" rel=\"nofollow noopener\" data-trk=\"{&quot;cta&quot;:{&quot;action&quot;:&quot;https:\\\/\\\/moncompte.actu.fr&quot;,&quot;category&quot;:&quot;mon compte&quot;,&quot;from&quot;:&quot;article footer&quot;,&quot;name&quot;:&quot;Mon actu&quot;,&quot;type&quot;:&quot;cta&quot;}}\" target=\"_blank\">Mon Actu<\/a>.<\/p>\n","protected":false},"excerpt":{"rendered":"Par Isabelle Villy Publi\u00e9 le 14 d\u00e9c. 2025 \u00e0 13h14 Alors qu\u2019un troupeau entier de 207 vaches, affect\u00e9&hellip;\n","protected":false},"author":2,"featured_media":598731,"comment_status":"","ping_status":"","sticky":false,"template":"","format":"standard","meta":{"footnotes":""},"categories":[9587],"tags":[1111,11,327,70814,1777,674,1011,27,1272,12,5161,25,9590,104],"class_list":{"0":"post-598730","1":"post","2":"type-post","3":"status-publish","4":"format-standard","5":"has-post-thumbnail","7":"category-rouen","8":"tag-actu","9":"tag-actualites","10":"tag-agriculture","11":"tag-dermatose-nodulaire","12":"tag-eu","13":"tag-europe","14":"tag-fr","15":"tag-france","16":"tag-manifestations","17":"tag-news","18":"tag-normandie","19":"tag-republique-francaise","20":"tag-rouen","21":"tag-societe"},"share_on_mastodon":{"url":"https:\/\/pubeurope.com\/@fr\/115718126153324329","error":""},"_links":{"self":[{"href":"https:\/\/www.europesays.com\/fr\/wp-json\/wp\/v2\/posts\/598730","targetHints":{"allow":["GET"]}}],"collection":[{"href":"https:\/\/www.europesays.com\/fr\/wp-json\/wp\/v2\/posts"}],"about":[{"href":"https:\/\/www.europesays.com\/fr\/wp-json\/wp\/v2\/types\/post"}],"author":[{"embeddable":true,"href":"https:\/\/www.europesays.com\/fr\/wp-json\/wp\/v2\/users\/2"}],"replies":[{"embeddable":true,"href":"https:\/\/www.europesays.com\/fr\/wp-json\/wp\/v2\/comments?post=598730"}],"version-history":[{"count":0,"href":"https:\/\/www.europesays.com\/fr\/wp-json\/wp\/v2\/posts\/598730\/revisions"}],"wp:featuredmedia":[{"embeddable":true,"href":"https:\/\/www.europesays.com\/fr\/wp-json\/wp\/v2\/media\/598731"}],"wp:attachment":[{"href":"https:\/\/www.europesays.com\/fr\/wp-json\/wp\/v2\/media?parent=598730"}],"wp:term":[{"taxonomy":"category","embeddable":true,"href":"https:\/\/www.europesays.com\/fr\/wp-json\/wp\/v2\/categories?post=598730"},{"taxonomy":"post_tag","embeddable":true,"href":"https:\/\/www.europesays.com\/fr\/wp-json\/wp\/v2\/tags?post=598730"}],"curies":[{"name":"wp","href":"https:\/\/api.w.org\/{rel}","templated":true}]}}