{"id":598734,"date":"2025-12-14T13:21:12","date_gmt":"2025-12-14T13:21:12","guid":{"rendered":"https:\/\/www.europesays.com\/fr\/598734\/"},"modified":"2025-12-14T13:21:12","modified_gmt":"2025-12-14T13:21:12","slug":"lopposition-demande-un-reamenagement-du-calendrier-des-travaux","status":"publish","type":"post","link":"https:\/\/www.europesays.com\/fr\/598734\/","title":{"rendered":"l\u2019opposition demande un r\u00e9am\u00e9nagement du calendrier des travaux"},"content":{"rendered":"<p itemprop=\"description\"><strong>Le d\u00e9bat sur le stationnement place de Metz s\u2019invitera au conseil municipal de Grenoble ce lundi.<\/strong><\/p>\n<p>Le groupe d\u2019opposition pr\u00e9sid\u00e9 par <a href=\"https:\/\/www.grenoblemag.com\/profil-personnalite-lyonnaise\/2\/alain-carignon\" target=\"_blank\" rel=\"noopener nofollow\">Alain Carignon<\/a> va d\u00e9poser un v\u0153u demandant un am\u00e9nagement du calendrier des travaux de requalification de la place, dont la fin est d\u00e9sormais annonc\u00e9e pour ao\u00fbt 2026.<\/p>\n<p>Une demande d\u00e9j\u00e0 formul\u00e9e fin novembre aupr\u00e8s d&rsquo;<a href=\"https:\/\/www.grenoblemag.com\/profil-personnalite-lyonnaise\/1\/eric-piolle\" target=\"_blank\" rel=\"noopener nofollow\">Eric Piolle<\/a> mais qui \u00e9tait rest\u00e9e lettre morte.<\/p>\n<p>Dans leur texte, les \u00e9lus d\u2019opposition proposent que la M\u00e9tropole engage en priorit\u00e9 les travaux au centre de la place de Metz, afin de reporter la seconde phase apr\u00e8s les \u00e9lections municipales de mars prochain. Selon eux, cette organisation permettrait \u00e0 une potentielle nouvelle \u00e9quipe municipale de conserver une marge de d\u00e9cision sur le maintien \u00e9ventuel de places de stationnement, dans un projet qui pr\u00e9voit actuellement la suppression de 72 emplacements.<\/p>\n<p>Le groupe s\u2019appuie sur un parall\u00e8le avec le chantier de la Chronov\u00e9lo Grenoble\u2013Fontaine, o\u00f9 les travaux ont d\u00e9but\u00e9 c\u00f4t\u00e9 Fontaine afin de laisser \u00e0 la future majorit\u00e9 municipale la possibilit\u00e9 de pr\u00e9server le double sens de circulation du cours Berriat, les interventions c\u00f4t\u00e9 Grenoble n\u2019\u00e9tant pr\u00e9vues qu\u2019\u00e0 l\u2019automne 2026.<\/p>\n<p>Les \u00e9lus indiquent \u00e9galement s\u2019appuyer sur le plan \u00e9labor\u00e9 par un architecte riverain de la place, qui permettrait de sauvegarder au moins 22 places de stationnement, tout en maintenant les objectifs de r\u00e9novation et de v\u00e9g\u00e9talisation de l\u2019espace public.<\/p>\n<p>Le v\u0153u sera examin\u00e9 en ouverture de s\u00e9ance du conseil municipal.<\/p>\n","protected":false},"excerpt":{"rendered":"Le d\u00e9bat sur le stationnement place de Metz s\u2019invitera au conseil municipal de Grenoble ce lundi. Le groupe&hellip;\n","protected":false},"author":2,"featured_media":598735,"comment_status":"","ping_status":"","sticky":false,"template":"","format":"standard","meta":{"footnotes":""},"categories":[9566],"tags":[1111,11,2813,2430,1109,251,1112,2811,1777,674,118,1011,27,21780,2731,14004,1922,1110,1114,108,12,316,25,2812,517,800],"class_list":{"0":"post-598734","1":"post","2":"type-post","3":"status-publish","4":"format-standard","5":"has-post-thumbnail","7":"category-grenoble","8":"tag-actu","9":"tag-actualites","10":"tag-article","11":"tag-auvergne-rhone-alpes","12":"tag-breves","13":"tag-culture","14":"tag-depeches","15":"tag-economique","16":"tag-eu","17":"tag-europe","18":"tag-faits-divers","19":"tag-fr","20":"tag-france","21":"tag-gf38","22":"tag-grenoble","23":"tag-grenoblemag","24":"tag-info","25":"tag-informations","26":"tag-infos","27":"tag-isere","28":"tag-news","29":"tag-politique","30":"tag-republique-francaise","31":"tag-sociale","32":"tag-sport","33":"tag-transports"},"share_on_mastodon":{"url":"https:\/\/pubeurope.com\/@fr\/115718133140550715","error":""},"_links":{"self":[{"href":"https:\/\/www.europesays.com\/fr\/wp-json\/wp\/v2\/posts\/598734","targetHints":{"allow":["GET"]}}],"collection":[{"href":"https:\/\/www.europesays.com\/fr\/wp-json\/wp\/v2\/posts"}],"about":[{"href":"https:\/\/www.europesays.com\/fr\/wp-json\/wp\/v2\/types\/post"}],"author":[{"embeddable":true,"href":"https:\/\/www.europesays.com\/fr\/wp-json\/wp\/v2\/users\/2"}],"replies":[{"embeddable":true,"href":"https:\/\/www.europesays.com\/fr\/wp-json\/wp\/v2\/comments?post=598734"}],"version-history":[{"count":0,"href":"https:\/\/www.europesays.com\/fr\/wp-json\/wp\/v2\/posts\/598734\/revisions"}],"wp:featuredmedia":[{"embeddable":true,"href":"https:\/\/www.europesays.com\/fr\/wp-json\/wp\/v2\/media\/598735"}],"wp:attachment":[{"href":"https:\/\/www.europesays.com\/fr\/wp-json\/wp\/v2\/media?parent=598734"}],"wp:term":[{"taxonomy":"category","embeddable":true,"href":"https:\/\/www.europesays.com\/fr\/wp-json\/wp\/v2\/categories?post=598734"},{"taxonomy":"post_tag","embeddable":true,"href":"https:\/\/www.europesays.com\/fr\/wp-json\/wp\/v2\/tags?post=598734"}],"curies":[{"name":"wp","href":"https:\/\/api.w.org\/{rel}","templated":true}]}}