{"id":598737,"date":"2025-12-14T13:24:20","date_gmt":"2025-12-14T13:24:20","guid":{"rendered":"https:\/\/www.europesays.com\/fr\/598737\/"},"modified":"2025-12-14T13:24:20","modified_gmt":"2025-12-14T13:24:20","slug":"je-continuerai-jusqua-ce-que-je-ne-puisse-plus-marcher-qui-est-gaby-ce-pionnier-de-la-radio-libre-a-rennes","status":"publish","type":"post","link":"https:\/\/www.europesays.com\/fr\/598737\/","title":{"rendered":"\u00ab\u00a0Je continuerai jusqu\u2019\u00e0 ce que je ne puisse plus marcher\u00a0\u00bb\u00a0: qui est Gaby, ce pionnier de la radio libre \u00e0 Rennes\u00a0?"},"content":{"rendered":"<p>1 C\u2019est qui ?<\/p>\n<p>N\u00e9 \u00e0 Rennes<a href=\"https:\/\/www.letelegramme.fr\/ille-et-vilaine\/rennes-35000\/annees-80-plongee-dans-cette-decennie-qui-a-marque-rennes-6759699.php\" target=\"_blank\" rel=\"noopener\"> il y a 80 ans<\/a>, Gabriel Aubert, dit Gaby, est le fondateur de Radio Rennes (100.8 FM), l\u2019une des quatre radios \u00ab libres \u00bb de la ville. Jazz, chanson fran\u00e7aise, culture\u2026 L\u2019ADN de la radio est \u00e0 l\u2019image de son cr\u00e9ateur, qui a fait ses d\u00e9buts dans le monde du spectacle \u00e0 la t\u00eate d\u2019un caf\u00e9-th\u00e9\u00e2tre de la rue Saint-H\u00e9lier en 1976. L\u2019occasion de se faire un carnet d\u2019adresses apr\u00e8s une carri\u00e8re de pr\u00e8s de 20 ans dans des domaines sans lien avec la culture (boucher, repr\u00e9sentant de commerce\u2026). En retraite depuis 20 ans, cet autodidacte &#8211; il a arr\u00eat\u00e9 l\u2019\u00e9cole \u00e0 14 ans en raison d\u2019une grave maladie &#8211; fait aujourd\u2019hui partie d\u2019une \u00e9quipe d\u2019une trentaine de b\u00e9n\u00e9voles (pour 2,5 salari\u00e9s). Il anime les tranches 10 h 10-11 h et 23 h 10-minuit. \u00ab Je continuerai la radio jusqu\u2019\u00e0 ce que je ne puisse plus marcher \u00bb, assure l\u2019infatigable octog\u00e9naire.<\/p>\n<p>2 Radio free Roazhon<\/p>\n<p>1981. Le groupe REM sort son morceau mythique Radio Free Europe. La m\u00eame ann\u00e9e, Fran\u00e7ois Mitterrand est \u00e9lu pr\u00e9sident de la R\u00e9publique. Si les chars de l\u2019Arm\u00e9e rouge ne d\u00e9filent pas sur les Champs \u00c9lys\u00e9es, la bande FM est, elle, lib\u00e9r\u00e9e. Enfin presque. Anticipant une \u00e9lection de \u00ab Tonton \u00bb en mai, Radio Rennes s\u2019est lanc\u00e9e sur les ondes d\u00e8s avril. Mais il faudra attendre un peu avant d\u2019\u00e9mettre en toute libert\u00e9. \u00ab \u00c0 partir de mi-mai, on \u00e9tait brouill\u00e9 tous les jours \u00bb, se souvient Gaby Aubert. La situation se d\u00e9cante en septembre. Des dizaines de radios \u00ab pirates \u00bb deviennent \u00ab libres \u00bb avec la fin du monopole d\u2019\u00c9tat instaur\u00e9e par le socialiste.<\/p>\n<p>3 Dinosaure 2.0<\/p>\n<p>Rembobiner une cassette audio dont la bande a d\u00e9raill\u00e9 avec une paire de ciseaux. C\u2019est l\u2019un de ces petits bonheurs -ou grosses gal\u00e8res- que la \u00ab gen Z \u00bb ne conna\u00eet pas. Gaby, lui, se rappelle avec nostalgie de ce petit bout de plastique qui permettait notamment aux auditeurs sans le sou d\u2019enregistrer le tube du moment sur leur radio pr\u00e9f\u00e9r\u00e9e. \u00ab On doit \u00eatre l\u2019une des rares radios \u00e0 avoir conserv\u00e9 tout un stock de K7. \u00bb Pas question pour autant de rester fig\u00e9 dans le pass\u00e9. Radio Rennes est diffus\u00e9e sur un site Internet, qui re\u00e7oit \u00ab 9 500 \u00bb visiteurs quotidiens. De quoi \u00e9largir la zone de chalandise. \u00ab On est \u00e9cout\u00e9s jusqu\u2019\u00e0 Washington. \u00bb<\/p>\n<p>4 Chambre \u00e0 diffuser<\/p>\n<p>G\u00e9rant du caf\u00e9-th\u00e9\u00e2tre Le Ranelagh rue Saint-H\u00e9lier \u00e0 partir de 1976, Gaby Aubert g\u00e8re les artistes, qu\u2019il accompagne parfois dans l\u2019\u00e9mission de Jos\u00e9 Arthur sur France Inter et se rend r\u00e9guli\u00e8rement chez France Bleu Armorique. Il se pique au jeu de la radio. Les d\u00e9buts de Radio Rennes sont rock\u2019n\u2019roll. \u00ab J\u2019avais mis \u00e0 disposition mon appartement. On est mont\u00e9s sur les toits pour mettre -tr\u00e8s dangereusement- l\u2019antenne. Le premier \u00e9metteur a \u00e9t\u00e9 fabriqu\u00e9 par un copain qui \u00e9tait \u00e0 Supelec. La r\u00e9gie \u00e9tait dans la cuisine, le studio dans la chambre. J\u2019ai m\u00eame d\u00fb abattre une cloison. \u00bb Probl\u00e8me : l\u2019appart \u00e9tait en location. \u00ab Je n\u2019ai pas r\u00e9cup\u00e9r\u00e9 ma caution \u00bb, se marre l\u2019octog\u00e9naire.<\/p>\n<p>5 Menace sur la bande<\/p>\n<p>19 millions d\u2019euros. C\u2019est l\u2019enveloppe du Fonds de soutien \u00e0 l\u2019expression radiophonique -qui permet le financement des radios libres &#8211; pr\u00e9vue dans le projet de loi de finances (PLF) pour 2026. 44 % de moins qu\u2019en 2025 o\u00f9 les 770 \u00e9metteurs associatifs avaient re\u00e7u de l\u2019\u00c9tat une somme de 35 millions d\u2019euros. \u00ab Beaucoup vont dispara\u00eetre \u00bb, craint Gaby. La situation est d\u2019autant plus critique que \u00ab le D\u00e9partement a \u00e9galement baiss\u00e9 ses dotations \u00bb et que la Ville \u00ab ne peut pas les augmenter \u00bb.<\/p>\n","protected":false},"excerpt":{"rendered":"1 C\u2019est qui ? N\u00e9 \u00e0 Rennes il y a 80 ans, Gabriel Aubert, dit Gaby, est le&hellip;\n","protected":false},"author":2,"featured_media":598738,"comment_status":"","ping_status":"","sticky":false,"template":"","format":"standard","meta":{"footnotes":""},"categories":[2821],"tags":[1111,11,829,3173,1777,674,1011,27,848,12,584,25,2955],"class_list":{"0":"post-598737","1":"post","2":"type-post","3":"status-publish","4":"format-standard","5":"has-post-thumbnail","7":"category-rennes","8":"tag-actu","9":"tag-actualites","10":"tag-bretagne","11":"tag-culture-a-rennes","12":"tag-eu","13":"tag-europe","14":"tag-fr","15":"tag-france","16":"tag-ille-et-vilaine","17":"tag-news","18":"tag-rennes","19":"tag-republique-francaise","20":"tag-videos"},"share_on_mastodon":{"url":"https:\/\/pubeurope.com\/@fr\/115718144984056001","error":""},"_links":{"self":[{"href":"https:\/\/www.europesays.com\/fr\/wp-json\/wp\/v2\/posts\/598737","targetHints":{"allow":["GET"]}}],"collection":[{"href":"https:\/\/www.europesays.com\/fr\/wp-json\/wp\/v2\/posts"}],"about":[{"href":"https:\/\/www.europesays.com\/fr\/wp-json\/wp\/v2\/types\/post"}],"author":[{"embeddable":true,"href":"https:\/\/www.europesays.com\/fr\/wp-json\/wp\/v2\/users\/2"}],"replies":[{"embeddable":true,"href":"https:\/\/www.europesays.com\/fr\/wp-json\/wp\/v2\/comments?post=598737"}],"version-history":[{"count":0,"href":"https:\/\/www.europesays.com\/fr\/wp-json\/wp\/v2\/posts\/598737\/revisions"}],"wp:featuredmedia":[{"embeddable":true,"href":"https:\/\/www.europesays.com\/fr\/wp-json\/wp\/v2\/media\/598738"}],"wp:attachment":[{"href":"https:\/\/www.europesays.com\/fr\/wp-json\/wp\/v2\/media?parent=598737"}],"wp:term":[{"taxonomy":"category","embeddable":true,"href":"https:\/\/www.europesays.com\/fr\/wp-json\/wp\/v2\/categories?post=598737"},{"taxonomy":"post_tag","embeddable":true,"href":"https:\/\/www.europesays.com\/fr\/wp-json\/wp\/v2\/tags?post=598737"}],"curies":[{"name":"wp","href":"https:\/\/api.w.org\/{rel}","templated":true}]}}