{"id":59874,"date":"2025-04-28T18:17:17","date_gmt":"2025-04-28T18:17:17","guid":{"rendered":"https:\/\/www.europesays.com\/fr\/59874\/"},"modified":"2025-04-28T18:17:17","modified_gmt":"2025-04-28T18:17:17","slug":"un-etudiant-secouru-deux-fois-en-une-semaine-sur-le-mont-fuji-au-japon","status":"publish","type":"post","link":"https:\/\/www.europesays.com\/fr\/59874\/","title":{"rendered":"Un \u00e9tudiant secouru deux fois en une semaine sur le mont Fuji au Japon"},"content":{"rendered":"<p>Un \u00e9tudiant d&rsquo;une vingtaine d&rsquo;ann\u00e9es a \u00e9t\u00e9 secouru deux fois dans la m\u00eame semaine alors qu&rsquo;il gravissait le mont Fuji, au Japon.Le jeune homme a d\u00e9cid\u00e9 d&rsquo;y retourner car il avait perdu son t\u00e9l\u00e9phone sur la montagne, lors de son premier sauvetage.Le sentier qu&rsquo;il a emprunt\u00e9 est d\u00e9conseill\u00e9 \u00e0 cette p\u00e9riode de l&rsquo;ann\u00e9e.<\/p>\n<p data-module=\"article-paragraph\" class=\"jsx-362436225 Paragraph Paragraph__End\">Un homme d&rsquo;une vingtaine d&rsquo;ann\u00e9es a \u00e9t\u00e9 secouru \u00e0 3.000 m\u00e8tres d&rsquo;altitude sur un sentier du <a href=\"https:\/\/www.tf1info.fr\/environnement-ecologie\/video-reportage-japon-mont-fuji-l-ascension-du-celebre-volcan-desormais-soumise-a-des-quotas-et-payante-2306589.html\" target=\"_blank\" rel=\"noopener\">mont Fuji au Japon<\/a>, samedi 26 avril. Suspectant un mal des montagnes, il a \u00e9t\u00e9 transf\u00e9r\u00e9 dans un h\u00f4pital. Rien d&rsquo;anormal jusque-l\u00e0, mais quelques heures plus tard, les policiers de la r\u00e9gion de Shizuoka d\u00e9couvrent que ce m\u00eame \u00e9tudiant a \u00e9t\u00e9 h\u00e9liport\u00e9 quatre jours auparavant de la m\u00eame montagne.<\/p>\n<p data-module=\"article-paragraph\" class=\"jsx-362436225 Paragraph Paragraph__End\">La raison ? Il est revenu chercher son t\u00e9l\u00e9phone, tomb\u00e9 lors de son premier sauvetage. Les m\u00e9dias nippons qui ont expliqu\u00e9 l&rsquo;affaire ignorent s&rsquo;il a finalement r\u00e9ussi \u00e0 le r\u00e9cup\u00e9rer ou non. Le sentier qu&rsquo;il a emprunt\u00e9 est d\u00e9conseill\u00e9 sur cette p\u00e9riode de l&rsquo;ann\u00e9e.\u00a0<\/p>\n<p>24,50 euros la mont\u00e9e du mont Fuji<\/p>\n<p data-module=\"article-paragraph\" class=\"jsx-362436225 Paragraph Paragraph__End\">Avec ses 3.776 m\u00e8tres, le mont Fuji est <a href=\"https:\/\/www.tf1info.fr\/international\/video-le-premier-lever-de-soleil-de-2021-sur-le-mont-fuji-moment-sublime-2174409.html\" target=\"_blank\" rel=\"noopener\">le plus haut sommet du monde<\/a>. Recouvert de neige une partie de l&rsquo;ann\u00e9e, il est ouvert aux touristes de d\u00e9but juillet \u00e0 d\u00e9but septembre. La pratique de la randonn\u00e9e sur ses sentiers est vivement d\u00e9conseill\u00e9e le reste de l&rsquo;ann\u00e9e.\u00a0<\/p>\n<p data-module=\"article-paragraph\" class=\"jsx-362436225 Paragraph Paragraph__End\">Il attire des milliers de visiteurs tous les ans. Depuis l&rsquo;ann\u00e9e derni\u00e8re, les autorit\u00e9s locales ont pris des mesures pour lutter contre le surtourisme en limitant le nombre de randonneurs \u00e0 4.000 sur le sentier le plus populaire et en faisant payer la mont\u00e9e. Pour y randonner cet \u00e9t\u00e9, il faudra payer 4.000 yens, soit 24,50 euros.<\/p>\n<p>Melissa LE ROY<\/p>\n","protected":false},"excerpt":{"rendered":"Un \u00e9tudiant d&rsquo;une vingtaine d&rsquo;ann\u00e9es a \u00e9t\u00e9 secouru deux fois dans la m\u00eame semaine alors qu&rsquo;il gravissait le&hellip;\n","protected":false},"author":2,"featured_media":59875,"comment_status":"","ping_status":"","sticky":false,"template":"","format":"standard","meta":{"footnotes":""},"categories":[1356],"tags":[1111,11,1921,58,59,1011,27,1922,2070,252,1364,133,1920],"class_list":{"0":"post-59874","1":"post","2":"type-post","3":"status-publish","4":"format-standard","5":"has-post-thumbnail","7":"category-television","8":"tag-actu","9":"tag-actualites","10":"tag-article-video","11":"tag-divertissement","12":"tag-entertainment","13":"tag-fr","14":"tag-france","15":"tag-info","16":"tag-japon","17":"tag-television","18":"tag-tv","19":"tag-video","20":"tag-video-international"},"share_on_mastodon":{"url":"https:\/\/pubeurope.com\/@fr\/114416965600846797","error":""},"_links":{"self":[{"href":"https:\/\/www.europesays.com\/fr\/wp-json\/wp\/v2\/posts\/59874","targetHints":{"allow":["GET"]}}],"collection":[{"href":"https:\/\/www.europesays.com\/fr\/wp-json\/wp\/v2\/posts"}],"about":[{"href":"https:\/\/www.europesays.com\/fr\/wp-json\/wp\/v2\/types\/post"}],"author":[{"embeddable":true,"href":"https:\/\/www.europesays.com\/fr\/wp-json\/wp\/v2\/users\/2"}],"replies":[{"embeddable":true,"href":"https:\/\/www.europesays.com\/fr\/wp-json\/wp\/v2\/comments?post=59874"}],"version-history":[{"count":0,"href":"https:\/\/www.europesays.com\/fr\/wp-json\/wp\/v2\/posts\/59874\/revisions"}],"wp:featuredmedia":[{"embeddable":true,"href":"https:\/\/www.europesays.com\/fr\/wp-json\/wp\/v2\/media\/59875"}],"wp:attachment":[{"href":"https:\/\/www.europesays.com\/fr\/wp-json\/wp\/v2\/media?parent=59874"}],"wp:term":[{"taxonomy":"category","embeddable":true,"href":"https:\/\/www.europesays.com\/fr\/wp-json\/wp\/v2\/categories?post=59874"},{"taxonomy":"post_tag","embeddable":true,"href":"https:\/\/www.europesays.com\/fr\/wp-json\/wp\/v2\/tags?post=59874"}],"curies":[{"name":"wp","href":"https:\/\/api.w.org\/{rel}","templated":true}]}}