{"id":598747,"date":"2025-12-14T13:29:16","date_gmt":"2025-12-14T13:29:16","guid":{"rendered":"https:\/\/www.europesays.com\/fr\/598747\/"},"modified":"2025-12-14T13:29:16","modified_gmt":"2025-12-14T13:29:16","slug":"nouvelles-offres-et-nouveaux-tarifs-pour-les-cars-aleop-dans-les-pays-de-la-loire","status":"publish","type":"post","link":"https:\/\/www.europesays.com\/fr\/598747\/","title":{"rendered":"Nouvelles offres et nouveaux tarifs pour les cars Al\u00e9op dans les Pays de la Loire"},"content":{"rendered":"<p>Chaque jour, 30\u00a0000\u00a0voyages sont effectu\u00e9s sur les lignes r\u00e9guli\u00e8res <a href=\"https:\/\/aleop.paysdelaloire.fr\/mes-deplacements\/mon-reseau-aleop\" target=\"_self\" rel=\"noopener\">du r\u00e9seau de cars Al\u00e9op,<\/a> g\u00e9r\u00e9 par la <a href=\"https:\/\/www.paysdelaloire.fr\/\" target=\"_self\" rel=\"noopener\">R\u00e9gion Pays de la Loire.<\/a><\/p>\n<p>Afin d\u2019attirer de nouveaux usagers, notamment les actifs et les familles, plusieurs innovations verront le jour en 2026\u00a0: des billets Al\u00e9op permettant d\u2019emprunter les r\u00e9seaux de neuf agglom\u00e9rations ou m\u00e9tropole, une gamme tarifaire repens\u00e9e et plus attractive pour les jeunes et les familles.<\/p>\n<p>En Loire-Atlantique, l\u2019offre va ainsi augmenter de 10\u00a0% d\u00e8s le 5\u00a0janvier 2026, passant de 760 \u00e0 840\u00a0services par jour.<\/p>\n<p>Connexion avec les r\u00e9seaux urbains<\/p>\n<p>D\u2019ici septembre\u00a02026, le billet Al\u00e9op inclura par ailleurs une correspondance avec les r\u00e9seaux urbains dans les principales agglom\u00e9rations de la r\u00e9gion\u00a0: Nantes, Saint-Nazaire, Laval, Le Mans, Angers, Cholet, Saumur, La Roche-sur-Yon, Les Sables-d\u2019Olonne. L\u2019objectif est de faciliter l\u2019usage des transports collectifs et la compl\u00e9mentarit\u00e9 entre r\u00e9seaux.<\/p>\n<p>\u00c0 noter que le billet int\u00e9gr\u00e9 Al\u00e9op-urbain existe d\u00e9j\u00e0 en Loire-Atlantique. Mais avec la carte de r\u00e9duction \u00e0 moins 50\u00a0%, \u00a0les voyageurs pourront b\u00e9n\u00e9ficier d\u2019un demi-tarif nettement plus avantageux que le tarif plein actuel\u00a0, souligne la R\u00e9gion.<\/p>\n<p>Nouvelle gamme tarifaire<\/p>\n<p>Par ailleurs, une nouvelle gamme tarifaire \u00a0plus simple et plus attractive pour les actifs, les jeunes et les familles\u00a0, va voir le jour.<\/p>\n<p>Elle sera harmonis\u00e9e \u00e0 l\u2019\u00e9chelle r\u00e9gionale avec un tarif zonal (prix variable selon le nombre de zones travers\u00e9es). \u00a0Cette gamme tarifaire, coh\u00e9rente avec les d\u00e9nominations du r\u00e9seau Al\u00e9op en train, sera plus lisible et adapt\u00e9e \u00e0 tous les besoins\u00a0: d\u00e9placements occasionnels, fr\u00e9quents, jeunes, familles, enfants\u00a0, explique la R\u00e9gion.<\/p>\n<p>\t<img decoding=\"async\" src=\"https:\/\/www.europesays.com\/fr\/wp-content\/uploads\/2025\/12\/P35638836D7108629G_px_640_.jpg\" alt=\"photo de nouveaux tarifs plus avantageux vont \u00eatre propos\u00e9s aux plus jeunes.  \u00a9  archives co-lc\" width=\"640\" title=\" De nouveaux tarifs plus avantageux vont \u00eatre propos\u00e9s aux plus jeunes.   Archives CO-LC \"\/><\/p>\n<p class=\"elmt-legende\"> De nouveaux tarifs plus avantageux vont \u00eatre propos\u00e9s aux plus jeunes.   Archives CO-LC <\/p>\n<p> Parmi les nouveaut\u00e9s 2026, cinq innovations majeures\u00a0: l\u2019acc\u00e8s \u00e0 une r\u00e9duction de 50\u00a0% avec une carte sp\u00e9cifique pour tous les usagers occasionnels et, pour les jeunes, un billet junior 4-11 ans offrant un demi-tarif et des abonnements pour les moins de 26\u00a0ans\u00a0plus avantageux que la plupart des formules d\u00e9partementales actuelles\u00a0. <\/p>\n<p>Durant l\u2019\u00e9t\u00e9, le pass jeunes Al\u00e9op leur permettra de voyager en illimit\u00e9 sur le r\u00e9seau, avec un forfait \u00e0 15\u00a0\u20ac pour voyager \u00e0 plusieurs sur une journ\u00e9e et une tarification solidaire pouvant aller jusqu\u2019\u00e0 75\u00a0% de r\u00e9duction, selon les ressources.<\/p>\n<p>\u00a0<\/p>\n","protected":false},"excerpt":{"rendered":"Chaque jour, 30\u00a0000\u00a0voyages sont effectu\u00e9s sur les lignes r\u00e9guli\u00e8res du r\u00e9seau de cars Al\u00e9op, g\u00e9r\u00e9 par la R\u00e9gion&hellip;\n","protected":false},"author":2,"featured_media":598748,"comment_status":"","ping_status":"","sticky":false,"template":"","format":"standard","meta":{"footnotes":""},"categories":[2818],"tags":[1111,11,35021,10347,1777,674,1011,27,3367,766,12,2845,1113,52046,5457,2636,25,8727],"class_list":{"0":"post-598747","1":"post","2":"type-post","3":"status-publish","4":"format-standard","5":"has-post-thumbnail","7":"category-nantes","8":"tag-actu","9":"tag-actualites","10":"tag-aleop","11":"tag-cars","12":"tag-eu","13":"tag-europe","14":"tag-fr","15":"tag-france","16":"tag-loire","17":"tag-nantes","18":"tag-news","19":"tag-nouveaux","20":"tag-nouvelles","21":"tag-offres","22":"tag-pays","23":"tag-pays-de-la-loire","24":"tag-republique-francaise","25":"tag-tarifs"},"share_on_mastodon":{"url":"https:\/\/pubeurope.com\/@fr\/115718166009527951","error":""},"_links":{"self":[{"href":"https:\/\/www.europesays.com\/fr\/wp-json\/wp\/v2\/posts\/598747","targetHints":{"allow":["GET"]}}],"collection":[{"href":"https:\/\/www.europesays.com\/fr\/wp-json\/wp\/v2\/posts"}],"about":[{"href":"https:\/\/www.europesays.com\/fr\/wp-json\/wp\/v2\/types\/post"}],"author":[{"embeddable":true,"href":"https:\/\/www.europesays.com\/fr\/wp-json\/wp\/v2\/users\/2"}],"replies":[{"embeddable":true,"href":"https:\/\/www.europesays.com\/fr\/wp-json\/wp\/v2\/comments?post=598747"}],"version-history":[{"count":0,"href":"https:\/\/www.europesays.com\/fr\/wp-json\/wp\/v2\/posts\/598747\/revisions"}],"wp:featuredmedia":[{"embeddable":true,"href":"https:\/\/www.europesays.com\/fr\/wp-json\/wp\/v2\/media\/598748"}],"wp:attachment":[{"href":"https:\/\/www.europesays.com\/fr\/wp-json\/wp\/v2\/media?parent=598747"}],"wp:term":[{"taxonomy":"category","embeddable":true,"href":"https:\/\/www.europesays.com\/fr\/wp-json\/wp\/v2\/categories?post=598747"},{"taxonomy":"post_tag","embeddable":true,"href":"https:\/\/www.europesays.com\/fr\/wp-json\/wp\/v2\/tags?post=598747"}],"curies":[{"name":"wp","href":"https:\/\/api.w.org\/{rel}","templated":true}]}}