{"id":598749,"date":"2025-12-14T13:30:20","date_gmt":"2025-12-14T13:30:20","guid":{"rendered":"https:\/\/www.europesays.com\/fr\/598749\/"},"modified":"2025-12-14T13:30:20","modified_gmt":"2025-12-14T13:30:20","slug":"fc-nantes-ahmed-kantari-un-choix-danthony-lopes","status":"publish","type":"post","link":"https:\/\/www.europesays.com\/fr\/598749\/","title":{"rendered":"FC Nantes : Ahmed Kantari, un choix&#8230; d&rsquo;Anthony Lopes ?"},"content":{"rendered":"<p><strong>Le choix d\u2019Ahmed Kantari pour succ\u00e9der \u00e0 Luis Castro sur le banc du FC Nantes aurait \u00e9t\u00e9 dict\u00e9 par les joueurs, et notamment par un Anthony Lopes ayant pris un poids consid\u00e9rable dans le vestiaire.<\/strong><\/p>\n<p>Lorsqu\u2019Ahmed Kantari a \u00e9t\u00e9 choisi pour prendre la suite de Luis Castro, de nombreux supporters se sont interrog\u00e9s sur ce choix. Car l\u2019ancien d\u00e9fenseur n\u2019a connu qu\u2019une exp\u00e9rience sur le banc en tant qu\u2019entra\u00eeneur principal, c\u2019\u00e9tait \u00e0 Valenciennes et \u00e7a a \u00e9t\u00e9 une catastrophe. Mais une source au sein du <a href=\"https:\/\/www.butfootballclub.fr\/1634608-fc-nantes-le-constat-inquietant-sur-letat-mental-des-canaris\/\" target=\"_blank\" rel=\"noopener\">FC Nantes<\/a> a expliqu\u00e9 que ce sont les joueurs qui avaient pouss\u00e9 pour que l\u2019ancien adjoint d\u2019Antoine Kombouar\u00e9 revienne pour les diriger. Sauf que la plupart des <a href=\"https:\/\/www.butfootballclub.fr\/1634580-fc-nantes-mercato-2-departs-deja-actes-et-un-casse-tete-pour-kantari\/\" target=\"_blank\" rel=\"noopener\">Canaris<\/a> pr\u00e9sents l\u2019an dernier ont quitt\u00e9 le club. En r\u00e9alit\u00e9, c\u2019est surtout un joueur qui aurait pouss\u00e9 que Kantari succ\u00e8s \u00e0 Castro.<\/p>\n<p>Lopes, leader incontest\u00e9 du vestiaire<\/p>\n<p>Ce joueur, c\u2019est Anthony Lopes. Sur X, un certain John Baltimore a \u00e9crit : \u00ab\u00a0En p\u00e9riode trouble dans un club sans consistance, un grand nom dans le vestiaire a forc\u00e9ment beaucoup d\u2019influence\u2026 \u00c1 voir si le brassard valait le canardage hebdomadaire qui se profile !\u00a0\u00bb. Un suiveur a r\u00e9agi : \u00ab\u00a0Tu veux dire que Kantari est l\u2019homme de Lopes ?\u00a0\u00bb. Ce \u00e0 quoi Emmanuel Merceron a r\u00e9pondu par \u00ab\u00a0Oui. L\u2019influence qu\u2019il a pris dans le club en un an est \u00e9norme\u00a0\u00bb. Preuve de cette accointance, Anthony Lopes a r\u00e9cup\u00e9r\u00e9 le brassard de capitaine \u00e0 Angers (1-4), alors que Luis Castro se refusait \u00e0 le donner \u00e0 un gardien.<\/p>\n<p>Depuis son arriv\u00e9e il y a un an, Anthony Lopes montre des qualit\u00e9s de leader, que ce soit sur le terrain ou dans le vestiaire. Il est \u00e9galement irr\u00e9prochable sur le pr\u00e9 et, plus globalement, le meilleur Canari et de loin sur la p\u00e9riode. Il n\u2019y a donc rien d\u2019inf\u00e2mant \u00e0 ce qu\u2019il soit entendu par sa direction. Mais si le FC Nantes descend en Ligue 2 \u00e0 la fin de la saison, cela risque de lui retomber dessus\u2026<\/p>\n<blockquote class=\"twitter-tweet\" data-width=\"550\" data-dnt=\"true\">\n<p lang=\"fr\" dir=\"ltr\">L&rsquo;influence qu&rsquo;il a pris dans le club en 1 an, est \u00e9norme<\/p>\n<p>\u2014 Emmanuel Merceron (@ManuMerceron) <a href=\"https:\/\/twitter.com\/ManuMerceron\/status\/2000141292156883158?ref_src=twsrc%5Etfw\" target=\"_blank\" rel=\"noopener\">December 14, 2025<\/a><\/p><\/blockquote>\n<p><script async src=\"https:\/\/platform.twitter.com\/widgets.js\" charset=\"utf-8\"><\/script><\/p>\n","protected":false},"excerpt":{"rendered":"Le choix d\u2019Ahmed Kantari pour succ\u00e9der \u00e0 Luis Castro sur le banc du FC Nantes aurait \u00e9t\u00e9 dict\u00e9&hellip;\n","protected":false},"author":2,"featured_media":598750,"comment_status":"","ping_status":"","sticky":false,"template":"","format":"standard","meta":{"footnotes":""},"categories":[2818],"tags":[1111,11,1777,674,1011,27,766,12,2636,25],"class_list":{"0":"post-598749","1":"post","2":"type-post","3":"status-publish","4":"format-standard","5":"has-post-thumbnail","7":"category-nantes","8":"tag-actu","9":"tag-actualites","10":"tag-eu","11":"tag-europe","12":"tag-fr","13":"tag-france","14":"tag-nantes","15":"tag-news","16":"tag-pays-de-la-loire","17":"tag-republique-francaise"},"share_on_mastodon":{"url":"https:\/\/pubeurope.com\/@fr\/115718168430431288","error":""},"_links":{"self":[{"href":"https:\/\/www.europesays.com\/fr\/wp-json\/wp\/v2\/posts\/598749","targetHints":{"allow":["GET"]}}],"collection":[{"href":"https:\/\/www.europesays.com\/fr\/wp-json\/wp\/v2\/posts"}],"about":[{"href":"https:\/\/www.europesays.com\/fr\/wp-json\/wp\/v2\/types\/post"}],"author":[{"embeddable":true,"href":"https:\/\/www.europesays.com\/fr\/wp-json\/wp\/v2\/users\/2"}],"replies":[{"embeddable":true,"href":"https:\/\/www.europesays.com\/fr\/wp-json\/wp\/v2\/comments?post=598749"}],"version-history":[{"count":0,"href":"https:\/\/www.europesays.com\/fr\/wp-json\/wp\/v2\/posts\/598749\/revisions"}],"wp:featuredmedia":[{"embeddable":true,"href":"https:\/\/www.europesays.com\/fr\/wp-json\/wp\/v2\/media\/598750"}],"wp:attachment":[{"href":"https:\/\/www.europesays.com\/fr\/wp-json\/wp\/v2\/media?parent=598749"}],"wp:term":[{"taxonomy":"category","embeddable":true,"href":"https:\/\/www.europesays.com\/fr\/wp-json\/wp\/v2\/categories?post=598749"},{"taxonomy":"post_tag","embeddable":true,"href":"https:\/\/www.europesays.com\/fr\/wp-json\/wp\/v2\/tags?post=598749"}],"curies":[{"name":"wp","href":"https:\/\/api.w.org\/{rel}","templated":true}]}}