{"id":598751,"date":"2025-12-14T13:32:10","date_gmt":"2025-12-14T13:32:10","guid":{"rendered":"https:\/\/www.europesays.com\/fr\/598751\/"},"modified":"2025-12-14T13:32:10","modified_gmt":"2025-12-14T13:32:10","slug":"lartiste-lyrique-karine-deshayes-invitee-au-theatre-des-quatre-saisons-pour-feter-la-fin-dannee","status":"publish","type":"post","link":"https:\/\/www.europesays.com\/fr\/598751\/","title":{"rendered":"l\u2019artiste lyrique Karine Deshayes invit\u00e9e au Th\u00e9\u00e2tre des Quatre-Saisons pour f\u00eater la fin d\u2019ann\u00e9e"},"content":{"rendered":"<p>Plac\u00e9 sous la direction artistique de Jean-Fran\u00e7ois Heisser, l\u2019OCNA proposera un r\u00e9pertoire classique autour de la symphonie\u00a0n\u00b0\u00a040 de Mozart et des airs d\u2019op\u00e9ra de Rossini, avec la cheffe internationale Catherine Larsen-Maguire \u00e0 la baguette et l\u2019artiste lyrique Karine Deshayes.<\/p>\n<p>Voyage lyrique et symphonique<\/p>\n<p>Les deux \u00e9toiles interpr\u00e9teront des grands airs d\u2019op\u00e9ra. Karine Deshayes est consid\u00e9r\u00e9e comme l\u2019une des meilleures mezzo-sopranos de sa g\u00e9n\u00e9ration, sacr\u00e9e pour la troisi\u00e8me fois en 2020 meilleure artiste lyrique de l\u2019ann\u00e9e aux Victoires de la musique.<\/p>\n<p>Au programme\u00a0: des airs extraits du r\u00e9pertoire de Mozart, \u00ab\u00a0La Cl\u00e9mence de Titus\u00a0\u00bb et \u00ab\u00a0Don Giovanni\u00a0\u00bb, et des airs extraits de \u00ab\u00a0L\u2019Italienne \u00e0 Alger\u00a0\u00bb, \u00ab\u00a0Le Barbier de S\u00e9ville\u00a0\u00bb et \u00ab\u00a0Semiramide\u00a0\u00bb de Rossini.<\/p>\n","protected":false},"excerpt":{"rendered":"Plac\u00e9 sous la direction artistique de Jean-Fran\u00e7ois Heisser, l\u2019OCNA proposera un r\u00e9pertoire classique autour de la symphonie\u00a0n\u00b0\u00a040 de&hellip;\n","protected":false},"author":2,"featured_media":598752,"comment_status":"","ping_status":"","sticky":false,"template":"","format":"standard","meta":{"footnotes":""},"categories":[2817],"tags":[1111,11,1997,1777,674,1011,27,12,2219,25],"class_list":{"0":"post-598751","1":"post","2":"type-post","3":"status-publish","4":"format-standard","5":"has-post-thumbnail","7":"category-bordeaux","8":"tag-actu","9":"tag-actualites","10":"tag-bordeaux","11":"tag-eu","12":"tag-europe","13":"tag-fr","14":"tag-france","15":"tag-news","16":"tag-nouvelle-aquitaine","17":"tag-republique-francaise"},"share_on_mastodon":{"url":"https:\/\/pubeurope.com\/@fr\/115718176391420120","error":""},"_links":{"self":[{"href":"https:\/\/www.europesays.com\/fr\/wp-json\/wp\/v2\/posts\/598751","targetHints":{"allow":["GET"]}}],"collection":[{"href":"https:\/\/www.europesays.com\/fr\/wp-json\/wp\/v2\/posts"}],"about":[{"href":"https:\/\/www.europesays.com\/fr\/wp-json\/wp\/v2\/types\/post"}],"author":[{"embeddable":true,"href":"https:\/\/www.europesays.com\/fr\/wp-json\/wp\/v2\/users\/2"}],"replies":[{"embeddable":true,"href":"https:\/\/www.europesays.com\/fr\/wp-json\/wp\/v2\/comments?post=598751"}],"version-history":[{"count":0,"href":"https:\/\/www.europesays.com\/fr\/wp-json\/wp\/v2\/posts\/598751\/revisions"}],"wp:featuredmedia":[{"embeddable":true,"href":"https:\/\/www.europesays.com\/fr\/wp-json\/wp\/v2\/media\/598752"}],"wp:attachment":[{"href":"https:\/\/www.europesays.com\/fr\/wp-json\/wp\/v2\/media?parent=598751"}],"wp:term":[{"taxonomy":"category","embeddable":true,"href":"https:\/\/www.europesays.com\/fr\/wp-json\/wp\/v2\/categories?post=598751"},{"taxonomy":"post_tag","embeddable":true,"href":"https:\/\/www.europesays.com\/fr\/wp-json\/wp\/v2\/tags?post=598751"}],"curies":[{"name":"wp","href":"https:\/\/api.w.org\/{rel}","templated":true}]}}