{"id":598753,"date":"2025-12-14T13:33:09","date_gmt":"2025-12-14T13:33:09","guid":{"rendered":"https:\/\/www.europesays.com\/fr\/598753\/"},"modified":"2025-12-14T13:33:09","modified_gmt":"2025-12-14T13:33:09","slug":"national-2-les-girondins-de-bordeaux-respectent-leur-temps-de-passage-a-la-treve-malgre-le-nul-a-montlouis","status":"publish","type":"post","link":"https:\/\/www.europesays.com\/fr\/598753\/","title":{"rendered":"National 2. Les Girondins de Bordeaux respectent leur temps de passage \u00e0 la tr\u00eave malgr\u00e9 le nul \u00e0 Montlouis"},"content":{"rendered":"<p>Car, oui, \u00e0 ce jour, les temps de passage pour la mont\u00e9e sont respect\u00e9s. Dans un championnat qui tient d\u2019abord compte de la diff\u00e9rence de buts particuli\u00e8re pour d\u00e9partager deux \u00e9quipes \u00e0 \u00e9galit\u00e9 au classement, Bordeaux conserve sa premi\u00e8re place, avec le m\u00eame nombre de points que La Roche Vend\u00e9e (27) et un petit avantage psychologique pour avoir d\u00e9roul\u00e9 son match le plus abouti de la saison contre ces m\u00eames Vend\u00e9ens (3-0). Deuxi\u00e8me attaque (22 buts marqu\u00e9s) et deuxi\u00e8me d\u00e9fense du groupe (9 buts encaiss\u00e9s), les Bordelais n\u2019ont \u00e9videmment pas pris un avantage d\u00e9cisif sur leurs adversaires directs. Mais ils ont marqu\u00e9 leur territoire, comme l\u2019exige leur standing\u2026<\/p>\n<p>Six points d\u2019avance<\/p>\n<p>\u00ab\u00a0Notre objectif, c\u2019est d\u2019\u00eatre en haut de ce classement. Pour l\u2019instant, on l\u2019est\u00a0\u00bb, constate Bruno Irles. \u00ab\u00a0On a six points d\u2019avance par rapport \u00e0 la saison derni\u00e8re. Et surtout, mon groupe progresse, c\u2019est ce qui me pla\u00eet.\u00a0\u00bb Il est vrai que Bordeaux n\u2019a cess\u00e9 de monter en puissance, connaissant ses deux uniques d\u00e9faites de la saison en ao\u00fbt (\u00e0 domicile contre Granville) et en septembre (\u00e0 Saint-Malo). Comme si la machine avait besoin d\u2019un temps de rodage avant de donner sa pleine mesure\u2026<\/p>\n<blockquote><p>Les Bordelais ont cette capacit\u00e9 \u00e0 faire surgir le danger de partout<\/p><\/blockquote>\n<p>Depuis, Bruno Irles a trouv\u00e9 la bonne formule. Dans les bois, Hoekstra d\u00e9montre, \u00e0 chaque match, qu\u2019il est la tr\u00e8s bonne pioche du mercato estival\u00a0: \u00e0 Montlouis, en d\u00e9pit de deux buts encaiss\u00e9s (sur lesquels il ne peut pas grand-chose, sinon rien), le gardien n\u00e9erlandais a \u00e9c\u0153ur\u00e9 les attaquants adverses \u00e0 de multiples reprises\u00a0; la semaine pr\u00e9c\u00e9dente, il avait sorti l\u2019arr\u00eat qu\u2019il fallait dans le \u00ab\u00a0money time\u00a0\u00bb de la rencontre <a href=\"https:\/\/www.sudouest.fr\/sport\/football\/girondins-de-bordeaux\/le-fait-du-match-girondins-bordeaux-dinan-lehon-2-0-c-est-mon-travail-jan-hoekstra-a-encore-reussi-l-arret-qu-il-fallait-27001497.php\" rel=\"nofollow noopener\" target=\"_blank\">pour \u00e9viter l\u2019\u00e9galisation de Dinan-L\u00e9hon<\/a>\u2026 Stabilis\u00e9e dans l\u2019axe par le duo Droehnl\u00e9-Grillot, la d\u00e9fense girondine donne des gages d\u2019imperm\u00e9abilit\u00e9 \u00e9vidents et rassurants.<\/p>\n<p>Au milieu, la paire Ba-Odru, \u00e0 laquelle on peut ajouter la polyvalence de Diagouraga, contribue \u00e0 huiler la m\u00e9canique girondine. Et devant, les Bordelais ont cette capacit\u00e9 \u00e0 faire surgir le danger de partout\u00a0: exemple \u00e0 Montlouis o\u00f9 Steve Shamal a pris le relais de la paire Etonde-Villette, un peu en dedans en Touraine.<\/p>\n<p>Tout va pour le mieux dans le meilleur des mondes\u00a0? Oui, pour l\u2019instant. Mais Irles est conscient de la fragilit\u00e9 de l\u2019\u00e9difice. \u00ab\u00a0Notre groupe est restreint\u00a0\u00bb, rappelle-t-il, au moment o\u00f9 les Girondins s\u2019appr\u00eatent \u00e0 densifier leur effectif. La mont\u00e9e est \u00e0 ce prix.<\/p>\n","protected":false},"excerpt":{"rendered":"Car, oui, \u00e0 ce jour, les temps de passage pour la mont\u00e9e sont respect\u00e9s. Dans un championnat qui&hellip;\n","protected":false},"author":2,"featured_media":598754,"comment_status":"","ping_status":"","sticky":false,"template":"","format":"standard","meta":{"footnotes":""},"categories":[2817],"tags":[1111,11,1997,1777,674,1011,27,12,2219,25],"class_list":{"0":"post-598753","1":"post","2":"type-post","3":"status-publish","4":"format-standard","5":"has-post-thumbnail","7":"category-bordeaux","8":"tag-actu","9":"tag-actualites","10":"tag-bordeaux","11":"tag-eu","12":"tag-europe","13":"tag-fr","14":"tag-france","15":"tag-news","16":"tag-nouvelle-aquitaine","17":"tag-republique-francaise"},"share_on_mastodon":{"url":"https:\/\/pubeurope.com\/@fr\/115718180437896521","error":""},"_links":{"self":[{"href":"https:\/\/www.europesays.com\/fr\/wp-json\/wp\/v2\/posts\/598753","targetHints":{"allow":["GET"]}}],"collection":[{"href":"https:\/\/www.europesays.com\/fr\/wp-json\/wp\/v2\/posts"}],"about":[{"href":"https:\/\/www.europesays.com\/fr\/wp-json\/wp\/v2\/types\/post"}],"author":[{"embeddable":true,"href":"https:\/\/www.europesays.com\/fr\/wp-json\/wp\/v2\/users\/2"}],"replies":[{"embeddable":true,"href":"https:\/\/www.europesays.com\/fr\/wp-json\/wp\/v2\/comments?post=598753"}],"version-history":[{"count":0,"href":"https:\/\/www.europesays.com\/fr\/wp-json\/wp\/v2\/posts\/598753\/revisions"}],"wp:featuredmedia":[{"embeddable":true,"href":"https:\/\/www.europesays.com\/fr\/wp-json\/wp\/v2\/media\/598754"}],"wp:attachment":[{"href":"https:\/\/www.europesays.com\/fr\/wp-json\/wp\/v2\/media?parent=598753"}],"wp:term":[{"taxonomy":"category","embeddable":true,"href":"https:\/\/www.europesays.com\/fr\/wp-json\/wp\/v2\/categories?post=598753"},{"taxonomy":"post_tag","embeddable":true,"href":"https:\/\/www.europesays.com\/fr\/wp-json\/wp\/v2\/tags?post=598753"}],"curies":[{"name":"wp","href":"https:\/\/api.w.org\/{rel}","templated":true}]}}