{"id":598755,"date":"2025-12-14T13:34:11","date_gmt":"2025-12-14T13:34:11","guid":{"rendered":"https:\/\/www.europesays.com\/fr\/598755\/"},"modified":"2025-12-14T13:34:11","modified_gmt":"2025-12-14T13:34:11","slug":"passe-partout-de-fort-boyard-debarque-pres-de-toulouse-ce-dimanche-que-vient-il-faire","status":"publish","type":"post","link":"https:\/\/www.europesays.com\/fr\/598755\/","title":{"rendered":"Passe-Partout de Fort Boyard d\u00e9barque pr\u00e8s de Toulouse ce dimanche : que vient-il faire?"},"content":{"rendered":"<p>                    Par<br \/>\n        <strong><br \/>\n            <a href=\"https:\/\/actu.fr\/auteur\/david-saint-sernin\" title=\"Consulter tous les articles de David Saint-Sernin\" rel=\"nofollow noopener\" target=\"_blank\">David Saint-Sernin<\/a><br \/>\n                    <\/strong><\/p>\n<p>        Publi\u00e9 le<\/p>\n<p>            14 d\u00e9c. 2025 \u00e0 8h42        <\/p>\n<p>Il s\u2019appelle <a href=\"https:\/\/actu.fr\/normandie\/beaumont-le-roger_27051\/insolite-dans-leure-passe-partout-de-lemission-fort-boyard-sest-rendu-dans-cette-ecole_63335335.html\" rel=\"nofollow noopener\" target=\"_blank\">Andr\u00e9 Bouchet, <\/a>mais est bien plus connu sous le nom de<strong> Passe-Partout<\/strong> dans l\u2019\u00e9mission t\u00e9l\u00e9vis\u00e9e<a href=\"https:\/\/actu.fr\/tag\/fort-boyard\" rel=\"nofollow noopener\" target=\"_blank\"> Fort Boyard.<\/a> Il est le seul personnage \u00e0 avoir particip\u00e9 \u00e0 toutes les \u00e9missions fran\u00e7aises et \u00e9trang\u00e8res depuis le lancement du jeu en 1990. C\u2019est donc un personnage de la t\u00e9l\u00e9 connu dans le monde entier.<\/p>\n<p class=\" wall-content\">D\u00e9sormais aim\u00e9 par plusieurs g\u00e9n\u00e9rations de t\u00e9lespectateurs, Passe-Partout va faire le bonheur des petits et des grands pr\u00e8s de Toulouse ce dimanche 14 d\u00e9cembre 2025.<\/p>\n<p>Attendu \u00e0 la jardinerie Solignac<\/p>\n<p class=\" wall-content\">Il est en effet attendu \u00e0 la<strong> jardinerie Solignac<\/strong>, \u00e0 <a href=\"https:\/\/actu.fr\/occitanie\/bessieres_31066\" rel=\"nofollow noopener\" target=\"_blank\">Bessi\u00e8res (Haute-Garonne),<\/a> au nord-est de Toulouse. Il y sera d\u00e8s 15h pour <strong>des d\u00e9dicaces<\/strong> et<strong> un show dansant.<\/strong><\/p>\n<p>    <a href=\"https:\/\/www.facebook.com\/plugins\/video.php?height=476&amp;href=https%3A%2F%2Fwww.facebook.com%2Freel%2F25187331247617114%2F&amp;show_text=true&amp;width=350&amp;t=0\" title=\"Ouvrie le lien\" rel=\"nofollow noopener\" target=\"_blank\">Cliquez ici pour visualiser le contenu<\/a><\/p>\n<p>La jardinerie Solignac transform\u00e9e en f\u00eate foraine<\/p>\n<p class=\" wall-content\">On vous en a parl\u00e9 ces derniers jours, pendant les deux derniers mois de l\u2019ann\u00e9e, la jardinerie Solignac est, en effet, berc\u00e9e par la magie No\u00ebl au travers d\u2019un espace d\u00e9coration unique en Occitanie et, il faut le dire, des plus f\u00e9eriques. Puis, sur les derniers week-ends de l\u2019ann\u00e9e, la jardinerie est transform\u00e9e en f\u00eate foraine. Ce week-end des 13 et 14\u00a0d\u00e9cembre s\u2019av\u00e8re \u00eatre le dernier week-end de ce type.<\/p>\n<p>Vid\u00e9os : en ce moment sur ActuChantera-t-il son tube d\u00e9di\u00e9 \u00e0 Fort Boyard\u2009?<\/p>\n<p class=\" wall-content\">Et pour l\u2019occasion, la jardinerie accueille donc cette star de la t\u00e9l\u00e9, devenue au fil des ann\u00e9es un <strong>personnage incontournable de Fort Boyard<\/strong> au m\u00eame titre que le p\u00e8re Fouras.<\/p>\n<p class=\" wall-content\">Et peut-\u00eatre que les visiteurs du jour pourront entendre<strong> le tube de Passe-Partout<\/strong>\u2009:<\/p>\n<p>Votre r\u00e9gion, votre actu !<\/p>\n<p>Recevez chaque jour les infos qui comptent pour vous.<\/p>\n<p>\t<a href=\"https:\/\/actu.fr\/newsletter\" class=\"ac-btn ac-btn--corner ac-btn--medium ac-btn--blue800\" rel=\"nofollow noopener\" target=\"_blank\">S&rsquo;incrire<\/a><\/p>\n<p class=\" wall-content\">\n<p>D\u00e9j\u00e0 venu \u00e0 Toulouse en mars\u00a02025<\/p>\n<p class=\" wall-content\"><a href=\"https:\/\/actu.fr\/occitanie\/toulouse_31555\/pourquoi-passe-partout-et-passe-muraille-figures-de-fort-boyard-sont-a-toulouse-ce-mercredi_62392687.html\" rel=\"nofollow noopener\" target=\"_blank\">Passe-Partout est d\u00e9j\u00e0 venu \u00e0 Toulouse en 2025<\/a> \u00e0 l\u2019occasion de l\u2019inauguration d\u2019un nouveau jeu immersif, baptis\u00e9 \u00ab\u2009Fort Boyard Aventures\u2009\u00bb, qui<a href=\"https:\/\/actu.fr\/occitanie\/toulouse_31555\/fort-boyard-debarque-a-toulouse-ce-nouveau-jeu-immersif-va-ouvrir-ses-portes_61824543.html\" rel=\"nofollow noopener\" target=\"_blank\"> a ouvert ses portes fin janvier<\/a> rue de l\u2019\u00c9galit\u00e9, dans le quartier Ginestous.<\/p>\n<p class=\" wall-content\">Personnalisez votre actualit\u00e9 en ajoutant vos villes et m\u00e9dias en favori avec <a href=\"https:\/\/moncompte.actu.fr\" title=\"D\u00e9couvez Mon Actu\" rel=\"nofollow noopener\" data-trk=\"{&quot;cta&quot;:{&quot;action&quot;:&quot;https:\\\/\\\/moncompte.actu.fr&quot;,&quot;category&quot;:&quot;mon compte&quot;,&quot;from&quot;:&quot;article footer&quot;,&quot;name&quot;:&quot;Mon actu&quot;,&quot;type&quot;:&quot;cta&quot;}}\" target=\"_blank\">Mon Actu<\/a>.<\/p>\n","protected":false},"excerpt":{"rendered":"Par David Saint-Sernin Publi\u00e9 le 14 d\u00e9c. 2025 \u00e0 8h42 Il s\u2019appelle Andr\u00e9 Bouchet, mais est bien plus&hellip;\n","protected":false},"author":2,"featured_media":598756,"comment_status":"","ping_status":"","sticky":false,"template":"","format":"standard","meta":{"footnotes":""},"categories":[2816],"tags":[1111,11,1777,674,15745,1011,27,12,2680,25,104,2312],"class_list":{"0":"post-598755","1":"post","2":"type-post","3":"status-publish","4":"format-standard","5":"has-post-thumbnail","7":"category-toulouse","8":"tag-actu","9":"tag-actualites","10":"tag-eu","11":"tag-europe","12":"tag-fort-boyard","13":"tag-fr","14":"tag-france","15":"tag-news","16":"tag-occitanie","17":"tag-republique-francaise","18":"tag-societe","19":"tag-toulouse"},"share_on_mastodon":{"url":"https:\/\/pubeurope.com\/@fr\/115718184356840069","error":""},"_links":{"self":[{"href":"https:\/\/www.europesays.com\/fr\/wp-json\/wp\/v2\/posts\/598755","targetHints":{"allow":["GET"]}}],"collection":[{"href":"https:\/\/www.europesays.com\/fr\/wp-json\/wp\/v2\/posts"}],"about":[{"href":"https:\/\/www.europesays.com\/fr\/wp-json\/wp\/v2\/types\/post"}],"author":[{"embeddable":true,"href":"https:\/\/www.europesays.com\/fr\/wp-json\/wp\/v2\/users\/2"}],"replies":[{"embeddable":true,"href":"https:\/\/www.europesays.com\/fr\/wp-json\/wp\/v2\/comments?post=598755"}],"version-history":[{"count":0,"href":"https:\/\/www.europesays.com\/fr\/wp-json\/wp\/v2\/posts\/598755\/revisions"}],"wp:featuredmedia":[{"embeddable":true,"href":"https:\/\/www.europesays.com\/fr\/wp-json\/wp\/v2\/media\/598756"}],"wp:attachment":[{"href":"https:\/\/www.europesays.com\/fr\/wp-json\/wp\/v2\/media?parent=598755"}],"wp:term":[{"taxonomy":"category","embeddable":true,"href":"https:\/\/www.europesays.com\/fr\/wp-json\/wp\/v2\/categories?post=598755"},{"taxonomy":"post_tag","embeddable":true,"href":"https:\/\/www.europesays.com\/fr\/wp-json\/wp\/v2\/tags?post=598755"}],"curies":[{"name":"wp","href":"https:\/\/api.w.org\/{rel}","templated":true}]}}