{"id":598757,"date":"2025-12-14T13:35:14","date_gmt":"2025-12-14T13:35:14","guid":{"rendered":"https:\/\/www.europesays.com\/fr\/598757\/"},"modified":"2025-12-14T13:35:14","modified_gmt":"2025-12-14T13:35:14","slug":"toulouse-previsions-meteo-du-dimanche-14-decembre-2025","status":"publish","type":"post","link":"https:\/\/www.europesays.com\/fr\/598757\/","title":{"rendered":"Toulouse : pr\u00e9visions m\u00e9t\u00e9o du dimanche 14 d\u00e9cembre 2025"},"content":{"rendered":"<p>\u00c0 Toulouse, la matin\u00e9e d\u00e9bute dans un brouillard dense avant une nette am\u00e9lioration avec des \u00e9claircies et une douceur agr\u00e9able l\u2019apr\u00e8s-midi. Le vent se renforcera en soir\u00e9e, avec un ciel variable sous des temp\u00e9ratures douces.<\/p>\n<p>    Matin : brouillard dense au lever du soleil<\/p>\n<p>La journ\u00e9e d\u00e9bute sur la Ville rose \u00e0 08 h 20 dans un \u00e9pais brouillard hivernal. La visibilit\u00e9 reste tr\u00e8s limit\u00e9e, notamment le long de la Garonne et sur le p\u00e9riph\u00e9rique, o\u00f9 il est recommand\u00e9 d\u2019allumer les feux de croisement.<\/p>\n<p>\u00c0 09 h, la station indique une temp\u00e9rature de <b>4 \u00b0C<\/b>, ressenti <b>2 \u00b0C<\/b>, avec une humidit\u00e9 de 100 %. Le vent de Nord-Nord-Est souffle faiblement \u00e0 3 km\/h, sous une pression solide de 1 026 hPa.<\/p>\n<ul>\n<li>Ralentissez sur les axes rapides et doublez les distances de s\u00e9curit\u00e9.<\/li>\n<li>Privil\u00e9giez les transports en commun pour \u00e9viter les embouteillages matinaux.<\/li>\n<li>Pensez \u00e0 surveiller les personnes fragiles : le froid humide accentue la sensation de fra\u00eecheur.<\/li>\n<\/ul>\n<p>Apr\u00e8s-midi : \u00e9claircies, douceur et vent soutenu<\/p>\n<p>Peu avant midi, le brouillard se dissipe, laissant place \u00e0 un ciel l\u00e9g\u00e8rement nuageux. \u00c0 15 h, le thermom\u00e8tre grimpe \u00e0 <b>13 \u00b0C<\/b>, ressenti 10 \u00b0C : un gain de neuf degr\u00e9s en six heures.<\/p>\n<p>Le flux de Sud-Est se renforce, atteignant 19 km\/h en moyenne, avec des rafales jusqu\u2019\u00e0 <b>40 km\/h<\/b> sur les coteaux. Il est conseill\u00e9 de bien arrimer les \u00e9chelles ou les d\u00e9corations lumineuses ext\u00e9rieures.<\/p>\n<ul>\n<li>Pour les joggeurs : les parcours sont agr\u00e9ables le long du Canal, mais restez vigilants face aux branches mortes.<\/li>\n<li>Professionnels du BTP : s\u00e9curisez b\u00e2ches et \u00e9chafaudages avant la mont\u00e9e du vent.<\/li>\n<li>S\u00e9cher le linge dehors ? Oui, l\u2019air est tr\u00e8s sec et le risque de pluie est nul.<\/li>\n<\/ul>\n<tr>HeureTemp. (\u00b0C)Ressenti (\u00b0C)Vent (km\/h)Rafale (km\/h)<\/tr>\n<tr>\n<td>09 h<\/td>\n<td>4<\/td>\n<td>2<\/td>\n<td>3<\/td>\n<td>\u2013<\/td>\n<\/tr>\n<tr>\n<td>15 h<\/td>\n<td>13<\/td>\n<td>10<\/td>\n<td>19<\/td>\n<td>40<\/td>\n<\/tr>\n<tr>\n<td>21 h<\/td>\n<td>10<\/td>\n<td>8<\/td>\n<td>10<\/td>\n<td>\u2013<\/td>\n<\/tr>\n<p>Soir : ciel variable avant la tomb\u00e9e de la nuit<\/p>\n<p>Le soleil s\u2019efface derri\u00e8re l\u2019horizon \u00e0 17 h 17. Le ciel demeure variable, alternant trou\u00e9es \u00e9toil\u00e9es et nuages bas, sans risque de pluie. L\u2019air sec cr\u00e9e une ambiance id\u00e9ale pour fl\u00e2ner sur les march\u00e9s de No\u00ebl.<\/p>\n<p>\u00c0 21 h, on rel\u00e8ve <b>10 \u00b0C<\/b>, ressenti 8 \u00b0C, pour une humidit\u00e9 de 89 %. La brise de Sud-Est faiblit \u00e0 10 km\/h ; pr\u00e9voyez une \u00e9charpe si vous prolongez la soir\u00e9e en terrasse place Saint-Pierre.<\/p>\n<p>Tendance pour demain : lundi 15 d\u00e9cembre plus agit\u00e9e<\/p>\n<p>La journ\u00e9e de lundi s\u2019annonce nettement plus vent\u00e9e et nuageuse. Une d\u00e9pression atlantique acheminera un flux de Sud-Est humide, accentuant la turbulence atmosph\u00e9rique sur la Haute-Garonne.<\/p>\n<p>Les mod\u00e8les pr\u00e9voient un thermom\u00e8tre compris entre <b>11 \u00b0C<\/b> et <b>16 \u00b0C<\/b>. Cependant, le ressenti plafonnera autour de 12 \u00b0C, contrari\u00e9 par des rafales violentes pouvant atteindre <b>73 km\/h<\/b> en soir\u00e9e.<\/p>\n<p>Seuils de vigilance \u00e0 surveiller : risques pour les chantiers en hauteur et installations temporaires. L\u2019humidit\u00e9, autour de 80 %, pourrait favoriser le retour de bancs de brouillard au petit matin.<\/p>\n<p>Pour anticiper vos d\u00e9placements jusqu\u2019\u00e0 15 jours, consultez <a href=\"https:\/\/www.meteocity.com\/france\/toulouse-v2972315\/meteo-15-jours\" rel=\"nofollow noopener\" target=\"_blank\">notre pr\u00e9vision longue<\/a>. Mise \u00e0 jour plusieurs fois par jour, elle affine ces tendances et vous aide \u00e0 planifier activit\u00e9s et voyage.<\/p>\n","protected":false},"excerpt":{"rendered":"\u00c0 Toulouse, la matin\u00e9e d\u00e9bute dans un brouillard dense avant une nette am\u00e9lioration avec des \u00e9claircies et une&hellip;\n","protected":false},"author":2,"featured_media":598758,"comment_status":"","ping_status":"","sticky":false,"template":"","format":"standard","meta":{"footnotes":""},"categories":[2816],"tags":[1111,11,1777,674,1011,27,12,2680,25,2312],"class_list":{"0":"post-598757","1":"post","2":"type-post","3":"status-publish","4":"format-standard","5":"has-post-thumbnail","7":"category-toulouse","8":"tag-actu","9":"tag-actualites","10":"tag-eu","11":"tag-europe","12":"tag-fr","13":"tag-france","14":"tag-news","15":"tag-occitanie","16":"tag-republique-francaise","17":"tag-toulouse"},"share_on_mastodon":{"url":"https:\/\/pubeurope.com\/@fr\/115718188081406893","error":""},"_links":{"self":[{"href":"https:\/\/www.europesays.com\/fr\/wp-json\/wp\/v2\/posts\/598757","targetHints":{"allow":["GET"]}}],"collection":[{"href":"https:\/\/www.europesays.com\/fr\/wp-json\/wp\/v2\/posts"}],"about":[{"href":"https:\/\/www.europesays.com\/fr\/wp-json\/wp\/v2\/types\/post"}],"author":[{"embeddable":true,"href":"https:\/\/www.europesays.com\/fr\/wp-json\/wp\/v2\/users\/2"}],"replies":[{"embeddable":true,"href":"https:\/\/www.europesays.com\/fr\/wp-json\/wp\/v2\/comments?post=598757"}],"version-history":[{"count":0,"href":"https:\/\/www.europesays.com\/fr\/wp-json\/wp\/v2\/posts\/598757\/revisions"}],"wp:featuredmedia":[{"embeddable":true,"href":"https:\/\/www.europesays.com\/fr\/wp-json\/wp\/v2\/media\/598758"}],"wp:attachment":[{"href":"https:\/\/www.europesays.com\/fr\/wp-json\/wp\/v2\/media?parent=598757"}],"wp:term":[{"taxonomy":"category","embeddable":true,"href":"https:\/\/www.europesays.com\/fr\/wp-json\/wp\/v2\/categories?post=598757"},{"taxonomy":"post_tag","embeddable":true,"href":"https:\/\/www.europesays.com\/fr\/wp-json\/wp\/v2\/tags?post=598757"}],"curies":[{"name":"wp","href":"https:\/\/api.w.org\/{rel}","templated":true}]}}