{"id":598759,"date":"2025-12-14T13:37:21","date_gmt":"2025-12-14T13:37:21","guid":{"rendered":"https:\/\/www.europesays.com\/fr\/598759\/"},"modified":"2025-12-14T13:37:21","modified_gmt":"2025-12-14T13:37:21","slug":"hojbjerg-souffle-deux-idees-mercato-a-lom-un-ancien-de-lille-offert-sur-un-plateau","status":"publish","type":"post","link":"https:\/\/www.europesays.com\/fr\/598759\/","title":{"rendered":"Hojbjerg souffle deux id\u00e9es mercato \u00e0 l\u2019OM, un ancien de Lille offert sur un plateau ?"},"content":{"rendered":"<p>Lors d\u2019une op\u00e9ration avec le club amateur FC Nueve \u00e0 Marseille, Pierre-Emile Hojbjerg a profit\u00e9 de cet \u00e9change unique avec des enfants pour \u00e9voquer ses compatriotes danois favoris.<\/p>\n<p>Interrog\u00e9 sur les joueurs qu\u2019il aimerait voir \u00e0 l\u2019<a href=\"https:\/\/www.onzemondial.com\/france\/om.html\" target=\"_blank\" rel=\"noopener\">OM<\/a>, l\u2019international danois n\u2019a pas tourn\u00e9 autour du pot. \u00ab Je dirais H\u00f8jlund qui \u00e9volue au Napoli et Christensen, qui est \u00e0 Barcelone. On en a beaucoup de forts mais comme les deux je les connais tr\u00e8s bien, j\u2019aurais bien profit\u00e9 d\u2019eux\u00a0\u00bb, confie le milieu de l&rsquo;OM, qui prolonge ensuite avec le sourire\u00a0: \u00ab\u00a0Mais on a une super \u00e9quipe \u00e0 Marseille donc les Danois, \u00e7a suffit ! \u00bb<\/p>\n<p>Rasmus H\u00f8jlund, pr\u00eat\u00e9 \u00e0 Naples apr\u00e8s son transfert record \u00e0 Manchester United (80 M\u20ac), r\u00e9alise une saison convaincante avec six buts et deux passes d\u00e9cisives en 16 matchs toutes comp\u00e9titions confondues. Andreas Christensen, lui, conna\u00eet une p\u00e9riode plus discr\u00e8te au Bar\u00e7a, int\u00e9gr\u00e9 \u00e0 une rotation derri\u00e8re Eric Garcia et Ronald Araujo.<\/p>\n<blockquote class=\"instagram-media\" style=\"background: #FFF;border: 0;border-radius: 3px;margin: 1px;max-width: 540px;min-width: 326px;padding: 0;width: calc(100% - 2px)\" data-instgrm-captioned=\"\" data-instgrm-permalink=\"https:\/\/www.instagram.com\/reel\/DSLOKOgjFq7\/?utm_source=ig_embed&amp;utm_campaign=loading\" data-instgrm-version=\"14\"\/><p>A lire aussi :Bissouma, la belle opportunit\u00e9 pour l&rsquo;OM ?<\/p>\n<p>Parall\u00e8lement, l\u2019OM scrute le march\u00e9 pour renforcer son milieu. Apr\u00e8s avoir recrut\u00e9 Hojbjerg \u00e0 Tottenham, le club phoc\u00e9en s\u2019int\u00e9resserait \u00e0 un autre joueur des Spurs : Yves Bissouma. Selon The Times, l\u2019international malien n\u2019a pas disput\u00e9 la moindre rencontre cette saison \u00e0 cause d\u2019une blessure au genou et serait sur le d\u00e9part, avec une possible rupture \u00e0 l\u2019amiable de son contrat courant jusqu\u2019en juin 2026.<\/p>\n<p>Marseille et Nice suivent la piste, mais l\u2019absence totale de rythme de Bissouma incite \u00e0 la prudence. Pour l\u2019OM, un test en CAN 2025 pourrait \u00eatre d\u00e9cisif avant de se lancer sur le dossier de l&rsquo;ancien milieu de terrain de Lille.<\/p>\n<p>   Partagez cette info avec vos amis et vos proches en cliquant ici<br \/> Pour r\u00e9sumer<\/p>\n<p>H\u00f8jbjerg a souffl\u00e9 deux id\u00e9es mercato \u00e0 l\u2019OM en citant ses compatriotes danois H\u00f8jlund (Napoli) et Christensen (Bar\u00e7a), tout en saluant l\u2019effectif actuel. Par ailleurs, l\u2019OM pourrait viser Yves Bissouma, ancien de Tottenham et libre de jouer apr\u00e8s une saison blanche, mais son manque de rythme reste un frein.<\/p>\n<p>R\u00e9dacteur<\/p>\n<p><img decoding=\"async\" width=\"76\" height=\"76\" loading=\"lazy\" src=\"https:\/\/www.europesays.com\/fr\/wp-content\/uploads\/2025\/04\/logo-julien-pedebos.jpg\" alt=\"Julien P\u00e9debos\"\/><script async src=\"\/\/www.instagram.com\/embed.js\"><\/script><\/p>\n","protected":false},"excerpt":{"rendered":"Lors d\u2019une op\u00e9ration avec le club amateur FC Nueve \u00e0 Marseille, Pierre-Emile Hojbjerg a profit\u00e9 de cet \u00e9change&hellip;\n","protected":false},"author":2,"featured_media":598760,"comment_status":"","ping_status":"","sticky":false,"template":"","format":"standard","meta":{"footnotes":""},"categories":[2815],"tags":[1111,11,1777,674,1011,27,811,66,1307,12,149,25,10662],"class_list":{"0":"post-598759","1":"post","2":"type-post","3":"status-publish","4":"format-standard","5":"has-post-thumbnail","7":"category-lille","8":"tag-actu","9":"tag-actualites","10":"tag-eu","11":"tag-europe","12":"tag-fr","13":"tag-france","14":"tag-hauts-de-france","15":"tag-ligue-1","16":"tag-lille","17":"tag-news","18":"tag-om","19":"tag-republique-francaise","20":"tag-transferts"},"share_on_mastodon":{"url":"https:\/\/pubeurope.com\/@fr\/115718197036153591","error":""},"_links":{"self":[{"href":"https:\/\/www.europesays.com\/fr\/wp-json\/wp\/v2\/posts\/598759","targetHints":{"allow":["GET"]}}],"collection":[{"href":"https:\/\/www.europesays.com\/fr\/wp-json\/wp\/v2\/posts"}],"about":[{"href":"https:\/\/www.europesays.com\/fr\/wp-json\/wp\/v2\/types\/post"}],"author":[{"embeddable":true,"href":"https:\/\/www.europesays.com\/fr\/wp-json\/wp\/v2\/users\/2"}],"replies":[{"embeddable":true,"href":"https:\/\/www.europesays.com\/fr\/wp-json\/wp\/v2\/comments?post=598759"}],"version-history":[{"count":0,"href":"https:\/\/www.europesays.com\/fr\/wp-json\/wp\/v2\/posts\/598759\/revisions"}],"wp:featuredmedia":[{"embeddable":true,"href":"https:\/\/www.europesays.com\/fr\/wp-json\/wp\/v2\/media\/598760"}],"wp:attachment":[{"href":"https:\/\/www.europesays.com\/fr\/wp-json\/wp\/v2\/media?parent=598759"}],"wp:term":[{"taxonomy":"category","embeddable":true,"href":"https:\/\/www.europesays.com\/fr\/wp-json\/wp\/v2\/categories?post=598759"},{"taxonomy":"post_tag","embeddable":true,"href":"https:\/\/www.europesays.com\/fr\/wp-json\/wp\/v2\/tags?post=598759"}],"curies":[{"name":"wp","href":"https:\/\/api.w.org\/{rel}","templated":true}]}}