{"id":598761,"date":"2025-12-14T13:38:14","date_gmt":"2025-12-14T13:38:14","guid":{"rendered":"https:\/\/www.europesays.com\/fr\/598761\/"},"modified":"2025-12-14T13:38:14","modified_gmt":"2025-12-14T13:38:14","slug":"le-chef-etoile-guillaume-sourrieu-a-releve-le-defi-chez-lui-dans-sa-cuisine-a-marseille","status":"publish","type":"post","link":"https:\/\/www.europesays.com\/fr\/598761\/","title":{"rendered":"le chef \u00e9toil\u00e9 Guillaume Sourrieu a relev\u00e9 le d\u00e9fi chez lui, dans sa cuisine \u00e0 Marseille"},"content":{"rendered":"<p class=\"rev-margin-0 rev-text-xs-normal\">Le chef \u00e9toil\u00e9 Guillaume Sourrieu nous a re\u00e7us chez lui pour relever un petit d\u00e9fi : un r\u00e9veillon \u00e0 moins de 20 \u20ac par convive. Au menu, carpaccio de loup, vol-au-vent au saumon et pavlova aux agrumes.<\/p>\n<p class=\"rev-margin-0 rev-text-xs-bold\">\/ Photo G.L.<\/p>\n<p>Guillaume Sourrieu a longtemps \u00e9t\u00e9 l\u2019un des piliers de la haute gastronomie \u00e0 Marseille, \u00e9toil\u00e9 sans discontinuer pour L\u2019\u00c9puisette, son restaurant du vallon des Auffes, pendant plus de vingt ans.<\/p>\n<p>Cette page-l\u00e0 a \u00e9t\u00e9 tourn\u00e9e au d\u00e9but de l\u2019ann\u00e9e\u00a02024 et le chef se consacre d\u00e9sormais \u00e0 sa marque de tartinables et produits d\u2019ap\u00e9ro <a href=\"https:\/\/timonetsourrieu.fr\/\" target=\"_blank\" rel=\"noopener\">Timon &amp; Sourrieu<\/a>, aux cours de cuisine au sein de l\u2019<a href=\"https:\/\/www.atelierdeschefs.fr\/\" target=\"_blank\" rel=\"noopener\">Atelier des chefs<\/a> et \u00e0 quelques missions de conseil ou <a href=\"https:\/\/www.laprovence.com\/article\/region\/1233498460613914\/carry-le-rouet-ilane-tinchant-et-guillaume-sourrieu-pour-un-diner-a-quatre-mains-a-l-hotel-bleu\" target=\"_blank\" rel=\"noopener\">menus \u00e0 4 mains<\/a> avec des chefs amis.<\/p>\n<p>Ce pur Marseillais form\u00e9 au lyc\u00e9e h\u00f4telier de Nice (Bonneveine n\u2019existait pas encore) puis pass\u00e9 par les brigades de Bernard Loiseau \u00e0 Saulieu, de la maison Troisgros \u00e0 Roanne ou encore par celle du Petit Nice \u00e0 Marseille, p\u00e9riode Jean-Paul Passedat, a accept\u00e9 avec enthousiasme un petit d\u00e9fi\u00a0: <a href=\"https:\/\/www.laprovence.com\/article\/food\/3155165998970614\/diner-de-noel-3-repas-de-chefs-a-la-maison-pour-le-reveillon\" target=\"_blank\" rel=\"noopener\">proposer aux lecteurs de La Provence <\/a>un menu de r\u00e9veillon \u00e0 la fois abordable au niveau achats et simple \u00e0 mettre en \u0153uvre en cuisine.<\/p>\n<p>Soit un exercice un peu contre-intuitif pour un chef \u00e9toil\u00e9 d\u2019ordinaire habitu\u00e9 aux produits d\u2019exception, \u00e0 une batterie d\u2019ustensiles pl\u00e9thorique et \u00e0 tout une \u00e9quipe de commis et chefs de partie sous ses ordres\u2026<\/p>\n<p><img alt=\"D\u00e9coupe des agrumes \u00e0 vif pour la pavlova.\" loading=\"lazy\" decoding=\"async\" data-nimg=\"fill\" class=\" TwicCore_img__i9TC1 undefined  undefined\" style=\"position:absolute;height:100%;width:100%;left:0;top:0;right:0;bottom:0;color:transparent;background-size:cover;background-position:50% 50%;background-repeat:no-repeat;background-image:url(&quot;data:image\/svg+xml;charset=utf-8,%3Csvg xmlns='http:\/\/www.w3.org\/2000\/svg' %3E%3Cfilter id='b' color-interpolation-filters='sRGB'%3E%3CfeGaussianBlur stdDeviation='20'\/%3E%3CfeColorMatrix values='1 0 0 0 0 0 1 0 0 0 0 0 1 0 0 0 0 0 100 -1' result='s'\/%3E%3CfeFlood x='0' y='0' width='100%25' height='100%25'\/%3E%3CfeComposite operator='out' in='s'\/%3E%3CfeComposite in2='SourceGraphic'\/%3E%3CfeGaussianBlur stdDeviation='20'\/%3E%3C\/filter%3E%3Cimage width='100%25' height='100%25' x='0' y='0' preserveAspectRatio='none' style='filter: url(%23b);' href='https:\/\/pictures.laprovence.com\/cdn-cgi\/image\/blur=250\/media\/melody\/2025\/12\/14\/decoupe-des-agrumes-a-vif-pour-la-pavlova-1765710511_224d4098e7396364d4098e7390a4d4v_.jpg'\/%3E%3C\/svg%3E&quot;)\"   src=\"https:\/\/www.europesays.com\/fr\/wp-content\/uploads\/2025\/12\/decoupe-des-agrumes-a-vif-pour-la-pavlova-1765710511_224d4098e7396364d4098e7390a4d4v_.jpg\"\/>D\u00e9coupe des agrumes \u00e0 vif pour la pavlova. \/ Photo G.L.Un air de f\u00eate sans se prendre la t\u00eate<\/p>\n<p>Il nous a donc re\u00e7us dans la cuisine de sa maison, \u00e0 Endoume (Marseille 7e) pour une matin\u00e9e aux fourneaux avec un\u00a0menu qu\u2019il a choisi lui-m\u00eame.<\/p>\n<p>\u00ab\u00a0J\u2019ai pens\u00e9 \u00e0 des plats que les gens pouvaient refaire sans grande technicit\u00e9 ni besoin d\u2019une batterie professionnelle mais qui, une fois sur la table, lui donneront vraiment un air de f\u00eate et changeront des menus de tous les jours\u00a0\u00bb, explique <a href=\"https:\/\/www.laprovence.com\/article\/region\/2220576778105214\/un-diner-a-4-mains-chez-dame-jeanne-a-marseille-avec-le-chef-guillaume-sourrieu-en-invite\" target=\"_blank\" rel=\"noopener\">Guillaume Sourrieu<\/a>.<\/p>\n<p>C\u2019est parti pour un service en trois actes qu\u2019on vous d\u00e9taille pas-\u00e0-pas ci-dessous\u00a0: en entr\u00e9e, un carpaccio de loup, rouste de poivrons et vinaigrette vierge\u00a0; en plat, une croustade de saumon et champignons aux herbes fra\u00eeches\u00a0; en dessert, une d\u00e9licieuse et tr\u00e8s \u00e0 la mode pavlova aux agrumes.<\/p>\n<p>\u00c0 table\u00a0!<\/p>\n<p>Boutique Timon &amp; Sourrieu, 218 rue d&rsquo;Endoume, Marseille 7e.<\/p>\n<p><img alt=\"\" loading=\"lazy\" width=\"18\" height=\"18\" decoding=\"async\" data-nimg=\"1\" class=\"mx-[8px]\" style=\"color:transparent\" src=\"https:\/\/www.laprovence.com\/_next\/static\/media\/comment.b95dda91.svg\"\/>D\u00e9marrez la conversation<\/p>\n<p class=\"text-[1.8rem] mt-[32px]\">Votre opinion compte pour nous. Rejoignez la communaut\u00e9 laprovence.com en r\u00e9agissant sur l&rsquo;article R\u00e9veillon pas cher et gourmand : le chef \u00e9toil\u00e9 Guillaume Sourrieu a relev\u00e9 le d\u00e9fi chez lui, dans sa cuisine \u00e0 Marseille.<\/p>\n","protected":false},"excerpt":{"rendered":"Le chef \u00e9toil\u00e9 Guillaume Sourrieu nous a re\u00e7us chez lui pour relever un petit d\u00e9fi : un r\u00e9veillon&hellip;\n","protected":false},"author":2,"featured_media":598762,"comment_status":"","ping_status":"","sticky":false,"template":"","format":"standard","meta":{"footnotes":""},"categories":[2814],"tags":[17,1111,11,7818,3139,14723,1777,674,1011,27,1661,12824,14721,884,12,5261,882,25,69048],"class_list":{"0":"post-598761","1":"post","2":"type-post","3":"status-publish","4":"format-standard","5":"has-post-thumbnail","7":"category-marseille","8":"tag-17","9":"tag-actu","10":"tag-actualites","11":"tag-chef","12":"tag-cher","13":"tag-etoile","14":"tag-eu","15":"tag-europe","16":"tag-fr","17":"tag-france","18":"tag-gastronomie","19":"tag-gourmand","20":"tag-guillaume","21":"tag-marseille","22":"tag-news","23":"tag-pas","24":"tag-provence-alpes-cote-dazur","25":"tag-republique-francaise","26":"tag-reveillon"},"share_on_mastodon":{"url":"https:\/\/pubeurope.com\/@fr\/115718201263237956","error":""},"_links":{"self":[{"href":"https:\/\/www.europesays.com\/fr\/wp-json\/wp\/v2\/posts\/598761","targetHints":{"allow":["GET"]}}],"collection":[{"href":"https:\/\/www.europesays.com\/fr\/wp-json\/wp\/v2\/posts"}],"about":[{"href":"https:\/\/www.europesays.com\/fr\/wp-json\/wp\/v2\/types\/post"}],"author":[{"embeddable":true,"href":"https:\/\/www.europesays.com\/fr\/wp-json\/wp\/v2\/users\/2"}],"replies":[{"embeddable":true,"href":"https:\/\/www.europesays.com\/fr\/wp-json\/wp\/v2\/comments?post=598761"}],"version-history":[{"count":0,"href":"https:\/\/www.europesays.com\/fr\/wp-json\/wp\/v2\/posts\/598761\/revisions"}],"wp:featuredmedia":[{"embeddable":true,"href":"https:\/\/www.europesays.com\/fr\/wp-json\/wp\/v2\/media\/598762"}],"wp:attachment":[{"href":"https:\/\/www.europesays.com\/fr\/wp-json\/wp\/v2\/media?parent=598761"}],"wp:term":[{"taxonomy":"category","embeddable":true,"href":"https:\/\/www.europesays.com\/fr\/wp-json\/wp\/v2\/categories?post=598761"},{"taxonomy":"post_tag","embeddable":true,"href":"https:\/\/www.europesays.com\/fr\/wp-json\/wp\/v2\/tags?post=598761"}],"curies":[{"name":"wp","href":"https:\/\/api.w.org\/{rel}","templated":true}]}}