{"id":598763,"date":"2025-12-14T13:39:18","date_gmt":"2025-12-14T13:39:18","guid":{"rendered":"https:\/\/www.europesays.com\/fr\/598763\/"},"modified":"2025-12-14T13:39:18","modified_gmt":"2025-12-14T13:39:18","slug":"marseille-monaco-les-compositions-probables","status":"publish","type":"post","link":"https:\/\/www.europesays.com\/fr\/598763\/","title":{"rendered":"Marseille-Monaco : Les compositions probables"},"content":{"rendered":"<p style=\"text-align: justify;\"><strong>LIGUE 1 2025-2026 \u2013 Selon L\u2019\u00c9quipe, d\u00e9couvrez les compositions probables du match entre Marseille et Monaco, pr\u00e9vu ce dimanche.<\/strong><\/p>\n<p style=\"text-align: justify;\">Quelques jours apr\u00e8s avoir chacun remport\u00e9 un match de <strong>Ligue des Champions<\/strong>, <strong>Marseille<\/strong> et <strong>Monaco<\/strong> se retrouvent en championnat pour l\u2019affiche de la 16\u00e8me journ\u00e9e de Ligue 1. Les <strong>Olympiens<\/strong>, troisi\u00e8mes, doivent prendre des points pour rester au contact du Paris Saint-Germain et du RC Lens.<\/p>\n<p>Marseille ne veut pas d\u00e9crocher de la t\u00eate<\/p>\n<p style=\"text-align: justify;\"><strong>Roberto De Zerbi<\/strong> devrait miser sur les hommes en forme du moment. Le trio offensif, compos\u00e9 de <strong>Pierre-Emerick Aubameyang<\/strong>, <strong>Igor<\/strong> <strong>Paixao<\/strong> et <strong>Mason<\/strong> <strong>Greenwood<\/strong>, devrait \u00eatre reconduit. <strong>Leonardo<\/strong> <strong>Balerdi<\/strong> pourrait \u00e0 nouveau d\u00e9buter sur le banc alors que la d\u00e9fense serait compos\u00e9e de <strong>Nayef<\/strong> <strong>Aguerd<\/strong> et <strong>Benjamin<\/strong> <strong>Pavard<\/strong>.<\/p>\n<p>Paul Pogba ne devrait pas \u00eatre dans le onze titulaire et sera sur le banc au coup d\u2019envoi. Pour le reste, l\u2019<strong>AS Monaco<\/strong> devrait aligner son \u00e9quipe avec Folarin Balogun \u00e0 la pointe de l\u2019attaque.\u00a0 Au milieu de terrain, <strong>Denis<\/strong> <strong>Zakaria<\/strong>, capitaine, devrait \u00eatre associ\u00e9 \u00e0 <strong>Lamine<\/strong> <strong>Camara<\/strong>.<\/p>\n<p>Les compositions officielles de Marseille-Monaco<br \/>\nLa composition de Marseille<\/p>\n<p style=\"text-align: justify;\">Rulli \u2013 Weah, Pavard, Aguerd, Murillo \u2013 H\u00f6jbjerg, Kondogbia \u2013 Greenwood, O\u2019Riley, Paix\u00e3o \u2013 Aubameyang<\/p>\n<p>La composition de Monaco<\/p>\n<p style=\"text-align: justify;\">Hradecky \u2013 Vanderson, Kehrer, Salisu, Caio Henrique \u2013 Camara, Zakaria \u2013 Akliouche, Minamino, Golovine \u2013 Balogun<\/p>\n<p>Les cotes de Marseille-Monaco<\/p>\n<tr style=\"height: 16px;\">\n<td style=\"background-color: #404040; border-color: #ededed; width: 840px; text-align: left;\" colspan=\"3\"><strong><img loading=\"lazy\" decoding=\"async\" class=\"alignnone wp-image-512842 perfmatters-lazy\" alt=\"\" width=\"14\" height=\"13\" src=\"https:\/\/www.europesays.com\/fr\/wp-content\/uploads\/2025\/05\/Logo-Winamax.png\"  data-\/> Dimanche 14 d\u00e9cembre, 20h45<\/strong><\/td>\n<\/tr>\n<tr style=\"height: 24px;\">\n<td style=\"background-color: #ffffff; border-color: #ededed; vertical-align: middle; text-align: center; width: 266px;\"><strong>Marseille<br \/><\/strong><a href=\"https:\/\/www.winamax.fr\/paris-sportifs\/match\/61526268?banid=33423\" class=\"su-button su-button-style-flat su-button-wide\" style=\"color:#fff;background-color:#0860ff;border-color:#074dcc;border-radius:5px\" target=\"_blank\" rel=\"noopener noreferrer\"> 1.82<\/a><\/td>\n<td style=\"background-color: #ffffff; border-color: #ededed; vertical-align: middle; text-align: center; width: 266px;\"><strong>Match nul<\/strong><br \/><a href=\"https:\/\/www.winamax.fr\/paris-sportifs\/match\/61526268?banid=33423\" class=\"su-button su-button-style-flat su-button-wide\" style=\"color:#fff;background-color:#0860ff;border-color:#074dcc;border-radius:5px\" target=\"_blank\" rel=\"noopener noreferrer\"> 4.00<\/a><\/td>\n<td style=\"background-color: #ffffff; border-color: #ededed; vertical-align: middle; text-align: center; width: 266px;\"><strong>Monaco<\/strong><br \/><a href=\"https:\/\/www.winamax.fr\/paris-sportifs\/match\/61526268?banid=33423\" class=\"su-button su-button-style-flat su-button-wide\" style=\"color:#fff;background-color:#0860ff;border-color:#074dcc;border-radius:5px\" target=\"_blank\" rel=\"noopener noreferrer\"> 3.60<\/a><\/td>\n<\/tr>\n<p style=\"text-align: justify;\">Tentez votre chance en profitant de votre <a href=\"https:\/\/www.winamax.fr\/registration\/landing\/affiliation_Bonus100?banid=33423\" target=\"_blank\" rel=\"noopener\">1er d\u00e9p\u00f4t doubl\u00e9 jusqu\u2019\u00e0 100 \u20ac<\/a> direct en paris gratuits sur Winamax !<\/p>\n","protected":false},"excerpt":{"rendered":"LIGUE 1 2025-2026 \u2013 Selon L\u2019\u00c9quipe, d\u00e9couvrez les compositions probables du match entre Marseille et Monaco, pr\u00e9vu ce&hellip;\n","protected":false},"author":2,"featured_media":598764,"comment_status":"","ping_status":"","sticky":false,"template":"","format":"standard","meta":{"footnotes":""},"categories":[2814],"tags":[1111,11,2113,1777,674,63,1011,27,884,3127,12,882,25],"class_list":{"0":"post-598763","1":"post","2":"type-post","3":"status-publish","4":"format-standard","5":"has-post-thumbnail","7":"category-marseille","8":"tag-actu","9":"tag-actualites","10":"tag-breve","11":"tag-eu","12":"tag-europe","13":"tag-football","14":"tag-fr","15":"tag-france","16":"tag-marseille","17":"tag-monaco","18":"tag-news","19":"tag-provence-alpes-cote-dazur","20":"tag-republique-francaise"},"share_on_mastodon":{"url":"https:\/\/pubeurope.com\/@fr\/115718204043413665","error":""},"_links":{"self":[{"href":"https:\/\/www.europesays.com\/fr\/wp-json\/wp\/v2\/posts\/598763","targetHints":{"allow":["GET"]}}],"collection":[{"href":"https:\/\/www.europesays.com\/fr\/wp-json\/wp\/v2\/posts"}],"about":[{"href":"https:\/\/www.europesays.com\/fr\/wp-json\/wp\/v2\/types\/post"}],"author":[{"embeddable":true,"href":"https:\/\/www.europesays.com\/fr\/wp-json\/wp\/v2\/users\/2"}],"replies":[{"embeddable":true,"href":"https:\/\/www.europesays.com\/fr\/wp-json\/wp\/v2\/comments?post=598763"}],"version-history":[{"count":0,"href":"https:\/\/www.europesays.com\/fr\/wp-json\/wp\/v2\/posts\/598763\/revisions"}],"wp:featuredmedia":[{"embeddable":true,"href":"https:\/\/www.europesays.com\/fr\/wp-json\/wp\/v2\/media\/598764"}],"wp:attachment":[{"href":"https:\/\/www.europesays.com\/fr\/wp-json\/wp\/v2\/media?parent=598763"}],"wp:term":[{"taxonomy":"category","embeddable":true,"href":"https:\/\/www.europesays.com\/fr\/wp-json\/wp\/v2\/categories?post=598763"},{"taxonomy":"post_tag","embeddable":true,"href":"https:\/\/www.europesays.com\/fr\/wp-json\/wp\/v2\/tags?post=598763"}],"curies":[{"name":"wp","href":"https:\/\/api.w.org\/{rel}","templated":true}]}}