{"id":598771,"date":"2025-12-14T13:44:16","date_gmt":"2025-12-14T13:44:16","guid":{"rendered":"https:\/\/www.europesays.com\/fr\/598771\/"},"modified":"2025-12-14T13:44:16","modified_gmt":"2025-12-14T13:44:16","slug":"le-caractere-terroriste-et-antisemite-doit-tous-nous-mobiliser-reagit-la-porte-parole-du-gouvernement-maud-bregeon","status":"publish","type":"post","link":"https:\/\/www.europesays.com\/fr\/598771\/","title":{"rendered":"\u00ab\u00a0Le caract\u00e8re terroriste et antis\u00e9mite doit tous nous mobiliser\u00a0\u00bb, r\u00e9agit la porte-parole du gouvernement, Maud Bregeon"},"content":{"rendered":"\n<p class=\"c-chapo \">\n  L&rsquo;attaque a fait au moins 12 morts et 29 personnes ont \u00e9t\u00e9 transport\u00e9es \u00e0 l&rsquo;h\u00f4pital, selon le commissaire de police de l&rsquo;Etat de Nouvelle-Galles du Sud.\n<\/p>\n<p>      lire plus tard<\/p>\n<p id=\"dialog__title\" class=\"dialog__title\">Pour sauvegarder cet article, connectez-vous ou cr\u00e9ez un compte franceinfo<\/p>\n<p class=\"dialog__description\">Sans paiement. Sans abonnement.<\/p>\n<p>        Fermer la fen\u00eatre d\u2019activation des notifications France Info<\/p>\n<p>      cr\u00e9er votre compte<\/p>\n<p>      se connecter<\/p>\n<p>      :<\/p>\n<p>        Fermer la fen\u00eatre de pr\u00e9sentation<\/p>\n<p>    <img loading=\"lazy\" decoding=\"async\" class=\"signature__image lazyload\" width=\"100\" height=\"100\" data- alt=\"\" src=\"https:\/\/www.europesays.com\/fr\/wp-content\/uploads\/2025\/05\/64a7df4c5fe71_placeholder-36b69ec8.png\"\/><\/p>\n<p>    Publi\u00e9 le 14\/12\/2025 12:58<\/p>\n<p>        Temps de lecture : 1min<\/p>\n<p>    <img decoding=\"async\"  alt=\"Maud Bregeon, porte-parole du gouvernement, sur franceinfo le 16 octobre 2025. (FRANCEINFO \/ RADIO FRANCE)\" width=\"432\" height=\"243\" src=\"https:\/\/www.europesays.com\/fr\/wp-content\/uploads\/2025\/12\/bregeon-2-68f0b91b29ab1488257942.jpg\" fetchpriority=\"high\"\/><\/p>\n<p>      Maud Bregeon, porte-parole du gouvernement, sur franceinfo le 16 octobre 2025. (FRANCEINFO \/ RADIO FRANCE)<\/p>\n<p>\u00ab\u00a0Le caract\u00e8re terroriste et antis\u00e9mite\u00a0\u00bb de <a href=\"https:\/\/www.franceinfo.fr\/monde\/asie\/deux-suspects-interpelles-apres-une-fusillade-sur-une-plage-a-sydney-la-police-appelle-la-population-a-eviter-la-zone_7678618.html\" target=\"_blank\" rel=\"noopener\" data-tooltip-url=\"https:\/\/www.franceinfo.fr\/monde\/asie\/deux-suspects-interpelles-apres-une-fusillade-sur-une-plage-a-sydney-la-police-appelle-la-population-a-eviter-la-zone_7678618.html\">l&rsquo;attaque qui a eu lieu \u00e0 Sydney<\/a> dimanche 14 d\u00e9cembre \u00ab\u00a0doit tous nous mobiliser\u00a0\u00bb, r\u00e9agit Maud Bregeon, porte-parole du gouvernement sur France Inter et franceinfo TV. Au moins deux personnes ont ouvert le feu sur la plage de Bondi, \u00e0 Sydney en Australie, faisant 12 morts et 29 bless\u00e9s, selon le dernier bilan de la police australienne. Cette attaque, consid\u00e9r\u00e9e comme un acte \u00ab\u00a0terroriste\u00a0\u00bb par la police, visait la communaut\u00e9 juive selon un dirigeant r\u00e9gional.<\/p>\n<p>\u00ab\u00a0Le gouvernement, comme le pr\u00e9sident de la R\u00e9publique, partage la tr\u00e8s grande \u00e9motion de nos amis australiens. On a \u00e9videmment une pens\u00e9e pour les victimes, [&#8230;] pour leur famille. Ce qui s&rsquo;est pass\u00e9 est insupportable\u00a0\u00bb, ajoute Maud Bregeon.<\/p>\n<p>Cette attaque \u00ab\u00a0fait \u00e9cho \u00e0 ce qu&rsquo;on vit en France\u00a0\u00bb, lance ensuite la porte-parole du gouvernement, pr\u00e9cisant : \u00ab\u00a0\u00c7a fait \u00e9cho \u00e0 des drames, \u00e0 des attentats antis\u00e9mites, \u00e0 des attaques antis\u00e9mites, dont le nombre n&rsquo;a fait que cro\u00eetre ces derni\u00e8res ann\u00e9es\u00a0\u00bb. \u00ab\u00a0Face \u00e0 ce fl\u00e9au, de la France, \u00e0 l&rsquo;Australie, nous devons parler d&rsquo;une m\u00eame voix et agir dans le m\u00eame sens\u00a0\u00bb, affirme Maud Bregeon.<\/p>\n","protected":false},"excerpt":{"rendered":"L&rsquo;attaque a fait au moins 12 morts et 29 personnes ont \u00e9t\u00e9 transport\u00e9es \u00e0 l&rsquo;h\u00f4pital, selon le commissaire&hellip;\n","protected":false},"author":2,"featured_media":598772,"comment_status":"","ping_status":"","sticky":false,"template":"","format":"standard","meta":{"footnotes":""},"categories":[1888],"tags":[1111,1928,11,1927,1777,674,1011,27,12,1926,626,1925,25],"class_list":{"0":"post-598771","1":"post","2":"type-post","3":"status-publish","4":"format-standard","5":"has-post-thumbnail","7":"category-paris","8":"tag-actu","9":"tag-actu-paris","10":"tag-actualites","11":"tag-actualites-paris","12":"tag-eu","13":"tag-europe","14":"tag-fr","15":"tag-france","16":"tag-news","17":"tag-news-paris","18":"tag-paris","19":"tag-paris-news","20":"tag-republique-francaise"},"share_on_mastodon":{"url":"https:\/\/pubeurope.com\/@fr\/115718224509005252","error":""},"_links":{"self":[{"href":"https:\/\/www.europesays.com\/fr\/wp-json\/wp\/v2\/posts\/598771","targetHints":{"allow":["GET"]}}],"collection":[{"href":"https:\/\/www.europesays.com\/fr\/wp-json\/wp\/v2\/posts"}],"about":[{"href":"https:\/\/www.europesays.com\/fr\/wp-json\/wp\/v2\/types\/post"}],"author":[{"embeddable":true,"href":"https:\/\/www.europesays.com\/fr\/wp-json\/wp\/v2\/users\/2"}],"replies":[{"embeddable":true,"href":"https:\/\/www.europesays.com\/fr\/wp-json\/wp\/v2\/comments?post=598771"}],"version-history":[{"count":0,"href":"https:\/\/www.europesays.com\/fr\/wp-json\/wp\/v2\/posts\/598771\/revisions"}],"wp:featuredmedia":[{"embeddable":true,"href":"https:\/\/www.europesays.com\/fr\/wp-json\/wp\/v2\/media\/598772"}],"wp:attachment":[{"href":"https:\/\/www.europesays.com\/fr\/wp-json\/wp\/v2\/media?parent=598771"}],"wp:term":[{"taxonomy":"category","embeddable":true,"href":"https:\/\/www.europesays.com\/fr\/wp-json\/wp\/v2\/categories?post=598771"},{"taxonomy":"post_tag","embeddable":true,"href":"https:\/\/www.europesays.com\/fr\/wp-json\/wp\/v2\/tags?post=598771"}],"curies":[{"name":"wp","href":"https:\/\/api.w.org\/{rel}","templated":true}]}}