{"id":598773,"date":"2025-12-14T13:45:16","date_gmt":"2025-12-14T13:45:16","guid":{"rendered":"https:\/\/www.europesays.com\/fr\/598773\/"},"modified":"2025-12-14T13:45:16","modified_gmt":"2025-12-14T13:45:16","slug":"paris-en-decembre-les-feeries-de-la-ville-lumiere-au-fil-de-la-seine","status":"publish","type":"post","link":"https:\/\/www.europesays.com\/fr\/598773\/","title":{"rendered":"Paris en d\u00e9cembre: les f\u00e9\u00e9ries de la Ville Lumi\u00e8re au fil de la Seine"},"content":{"rendered":"<p><strong>Paris, en d\u00e9cembre, porte bien son nom: la Ville Lumi\u00e8re!<\/strong><\/p>\n<p>M\u00ealant l\u2019effervescence des festivit\u00e9s \u00e0 son atmosph\u00e8re feutr\u00e9e, elle se convertit constamment en une v\u00e9ritable f\u00e9erie o\u00f9 chaque grande avenue, \u00e0 l\u2019instar des Champs-\u00c9lys\u00e9es, est transform\u00e9e par ses illuminations des F\u00eates.<\/p>\n<p>Plus encore, Paris ne serait pas vraiment Paris sans la Seine. Bien plus qu\u2019un simple fleuve, c\u2019est le c\u0153ur historique et culturel de la cit\u00e9.<\/p>\n<p>          <img  alt=\"Les f\u00e9\u00e9ries de Paris au fil de la Seine\" title=\"Les f\u00e9\u00e9ries de Paris au fil de la Seine\" class=\"lazyload\"\/><\/p>\n<p>                                                    Claude B\u00e9dard<\/p>\n<p>Avec tous les monuments majestueux dress\u00e9s sur ses deux rives, elle cr\u00e9e ce charme unique qui fait r\u00eaver les promeneurs \u00e0 bord des bateaux-mouches et ces p\u00e9niches-restaurants qui la sillonnent dans un va-et-vient constant.<\/p>\n<p>  <strong>La Seine en hiver<\/strong><\/p>\n<p>Pour sortir de l\u2019ordinaire, vivre une \u00ab\u00e9vasion parisienne\u00bb sur la Seine \u00e0 bord d\u2019un navire fluvial est un choix plut\u00f4t original.<\/p>\n<p>Cette escapade au fil de l\u2019eau, \u00e0 partir d\u2019un bateau amarr\u00e9 \u00e0 deux pas de la tour Eiffel, est une nouvelle fa\u00e7on de d\u00e9couvrir les lieux mythiques de Paname, nom affectueux attribu\u00e9 par les po\u00e8tes \u00e0 leur ville.<\/p>\n<p>          <img  alt=\"Les f\u00e9\u00e9ries de Paris au fil de la Seine\" title=\"Les f\u00e9\u00e9ries de Paris au fil de la Seine\" class=\"lazyload\"\/><\/p>\n<p>                                                    Claude B\u00e9dard<\/p>\n<p>Quel plaisir de voguer quelques jours sur le MS Renoir, un navire \u00e9l\u00e9gant avec son chic design \u00e0 la fran\u00e7aise, inspir\u00e9 du peintre Renoir et de Coco Chanel! Il peut accueillir une centaine de passagers dans 54 cabines r\u00e9parties sur deux ponts. L\u2019atmosph\u00e8re festive et la haute gastronomie \u00e0 bord contribuent \u00e0 appr\u00e9cier les allers-retours nocturnes sous les ponts illumin\u00e9s du fleuve.<\/p>\n<p>          <img  alt=\"Les f\u00e9\u00e9ries de Paris au fil de la Seine\" title=\"Les f\u00e9\u00e9ries de Paris au fil de la Seine\" class=\"lazyload\"\/><\/p>\n<p>                                                    Claude B\u00e9dard<\/p>\n<p>Un choix judicieux si vous voulez \u00abprendre du bon temps\u00bb et profiter de Paris sous un angle in\u00e9dit.<\/p>\n<p>  <strong>Un secret bien gard\u00e9: les passages couverts parisiens<\/strong><\/p>\n<p>          <img  alt=\"Les f\u00e9\u00e9ries de Paris au fil de la Seine\" title=\"Les f\u00e9\u00e9ries de Paris au fil de la Seine\" class=\"lazyload\"\/><\/p>\n<p>                                                    Claude B\u00e9dard<\/p>\n<p>Sur la terre ferme, peu de gens connaissent les fameux \u00abpassages couverts\u00bb qui constituent une invitation \u00e0 des balades originales \u00e0 travers leurs boutiques d\u00e9cor\u00e9es magnifiquement pour No\u00ebl.<\/p>\n<p>          <img  alt=\"Les f\u00e9\u00e9ries de Paris au fil de la Seine\" title=\"Les f\u00e9\u00e9ries de Paris au fil de la Seine\" class=\"lazyload\"\/><\/p>\n<p>                                                    Claude B\u00e9dard<\/p>\n<p>La Galerie Vivienne, le Passage Jouffroy, La Galerie V\u00e9ro-Dodat, le Passage des Panoramas, la Galerie Colbert, pour n\u2019en nommer que quelques-uns, sont accessibles \u00e0 l\u2019ann\u00e9e et devraient absolument faire partie de votre tourn\u00e9e dans la Cit\u00e9.<\/p>\n<p>          <img  alt=\"Les f\u00e9\u00e9ries de Paris au fil de la Seine\" title=\"Les f\u00e9\u00e9ries de Paris au fil de la Seine\" class=\"lazyload\"\/><\/p>\n<p>                                                    Claude B\u00e9dard<\/p>\n<p>C\u2019est le meilleur moment, fin automne-d\u00e9but hiver, pour fl\u00e2ner dans Paris. Ceux et celles qui se plaignent \u00e0 juste titre du \u00absupertourisme\u00bb, qui afflige dramatiquement les grandes villes d\u2019Europe pendant la p\u00e9riode estivale, ont avantage \u00e0 se balader pendant ces mois plus creux. Et la temp\u00e9rature est fort supportable.<\/p>\n<p>  <strong>No\u00ebl est partout!<\/strong><\/p>\n<p>Les nombreux march\u00e9s de No\u00ebl (plus d\u2019une trentaine qui se d\u00e9ploient de mi-novembre \u00e0 fin d\u00e9cembre en r\u00e9gion parisienne!) rythment par ailleurs l\u2019atmosph\u00e8re des lieux. Ils sont devenus un \u00e9v\u00e9nement festif incontournable des f\u00eates de fin d\u2019ann\u00e9e \u00e0 Paris.<\/p>\n<p>          <img  alt=\"Les f\u00e9\u00e9ries de Paris au fil de la Seine\" title=\"Les f\u00e9\u00e9ries de Paris au fil de la Seine\" class=\"lazyload\"\/><\/p>\n<p>                                                    Claude B\u00e9dard<\/p>\n<p>Celui des Tuileries, pr\u00e8s du Louvre, attire autant les Parisiens que les touristes en qu\u00eate d\u2019artisanat typiquement local, de vin chaud, d\u2019\u00e9picerie fine ou de sp\u00e9cialit\u00e9s r\u00e9gionales.<\/p>\n<p>          <img  alt=\"Les f\u00e9\u00e9ries de Paris au fil de la Seine\" title=\"Les f\u00e9\u00e9ries de Paris au fil de la Seine\" class=\"lazyload\"\/><\/p>\n<p>                                                    Claude B\u00e9dard<\/p>\n<p>          <img  alt=\"Les f\u00e9\u00e9ries de Paris au fil de la Seine\" title=\"Les f\u00e9\u00e9ries de Paris au fil de la Seine\" class=\"lazyload\"\/><\/p>\n<p>                                                    Claude B\u00e9dard<\/p>\n<p>\u00c0 la D\u00e9fense, tout au bout de la ligne\u00a01 du m\u00e9tro, un gigantesque march\u00e9, fr\u00e9quent\u00e9 quotidiennement par des milliers de visiteurs, vous en met plein la vue avec des centaines de kiosques, une immense patinoire et un v\u00e9ritable domaine o\u00f9 tr\u00f4ne le p\u00e8re No\u00ebl et ses lutins.<\/p>\n<p>          <img  alt=\"Les f\u00e9\u00e9ries de Paris au fil de la Seine\" title=\"Les f\u00e9\u00e9ries de Paris au fil de la Seine\" class=\"lazyload\"\/><\/p>\n<p>                                                    Claude B\u00e9dard<\/p>\n<p>Plusieurs autres march\u00e9s de No\u00ebl, dispers\u00e9s dans les arrondissements, se d\u00e9clinent par ailleurs autour de th\u00e9matiques particuli\u00e8res avec des ambiances tr\u00e8s vari\u00e9es.<\/p>\n<p>          <img  alt=\"Les f\u00e9\u00e9ries de Paris au fil de la Seine\" title=\"Les f\u00e9\u00e9ries de Paris au fil de la Seine\" class=\"lazyload\"\/><\/p>\n<p>                                                    Claude B\u00e9dard<\/p>\n<p>Si vous pr\u00e9f\u00e9rez des dimensions plus intimistes, offrant un Paris en mode carte postale, dirigez-vous alors vers Saint-Germain-des-Pr\u00e9s ou le village de la Butte Montmartre.<\/p>\n<p>          <img  alt=\"Les f\u00e9\u00e9ries de Paris au fil de la Seine\" title=\"Les f\u00e9\u00e9ries de Paris au fil de la Seine\" class=\"lazyload\"\/><\/p>\n<p>                                                    Claude B\u00e9dard<\/p>\n<p>Ces deux endroits embl\u00e9matiques prennent une dimension plus humaine \u00e0 cette p\u00e9riode de l\u2019ann\u00e9e. Vous ne serez pas d\u00e9\u00e7u en d\u00e9ambulant dans ces lieux cultes.<\/p>\n<p>  <strong>La f\u00eate pour tous les go\u00fbts<\/strong><\/p>\n<p>La p\u00e9riode des F\u00eates r\u00e9v\u00e8le aussi une capitale culturelle en pleine effervescence. Le Louvre ou le Mus\u00e9e d\u2019Orsay, par exemple, enregistrent une affluence plus acceptable qu\u2019en p\u00e9riode estivale. Plusieurs th\u00e9\u00e2tres vibrent de leur c\u00f4t\u00e9 au rythme des classiques hivernaux.<\/p>\n<p>          <img  alt=\"Les f\u00e9\u00e9ries de Paris au fil de la Seine\" title=\"Les f\u00e9\u00e9ries de Paris au fil de la Seine\" class=\"lazyload\"\/><\/p>\n<p>                                                    Claude B\u00e9dard<\/p>\n<p>C\u00f4t\u00e9 gastronomie, cette p\u00e9riode de l\u2019ann\u00e9e est une invitation permanente \u00e0 la gourmandise. Impossible de r\u00e9sister aux vitrines spectaculaires remplies de b\u00fbches de No\u00ebl pr\u00e9sent\u00e9es comme de v\u00e9ritables \u0153uvres d\u2019art et aux multiples brasseries nous invitant \u00e0 la f\u00eate avec les plats mijot\u00e9s et le chocolat chaud.<\/p>\n<p>En cette p\u00e9riode de l\u2019ann\u00e9e, Paris est, il faut le souligner, plus qu\u2019une destination. C\u2019est une exp\u00e9rience \u00e0 la fois lumineuse, culturelle et gourmande.<\/p>\n<p>  <strong>Pour plus d\u2019infos<\/strong><\/p>\n<p>Ce reportage a \u00e9t\u00e9 rendu possible gr\u00e2ce \u00e0 Atout France, Air France et CroisiEurope, qui n\u2019ont ni lu ni approuv\u00e9 son contenu.<\/p>\n","protected":false},"excerpt":{"rendered":"Paris, en d\u00e9cembre, porte bien son nom: la Ville Lumi\u00e8re! M\u00ealant l\u2019effervescence des festivit\u00e9s \u00e0 son atmosph\u00e8re feutr\u00e9e,&hellip;\n","protected":false},"author":2,"featured_media":598774,"comment_status":"","ping_status":"","sticky":false,"template":"","format":"standard","meta":{"footnotes":""},"categories":[1888],"tags":[1111,1928,11,1927,1777,674,1011,27,12,1926,626,1925,25],"class_list":{"0":"post-598773","1":"post","2":"type-post","3":"status-publish","4":"format-standard","5":"has-post-thumbnail","7":"category-paris","8":"tag-actu","9":"tag-actu-paris","10":"tag-actualites","11":"tag-actualites-paris","12":"tag-eu","13":"tag-europe","14":"tag-fr","15":"tag-france","16":"tag-news","17":"tag-news-paris","18":"tag-paris","19":"tag-paris-news","20":"tag-republique-francaise"},"share_on_mastodon":{"url":"https:\/\/pubeurope.com\/@fr\/115718227487925570","error":""},"_links":{"self":[{"href":"https:\/\/www.europesays.com\/fr\/wp-json\/wp\/v2\/posts\/598773","targetHints":{"allow":["GET"]}}],"collection":[{"href":"https:\/\/www.europesays.com\/fr\/wp-json\/wp\/v2\/posts"}],"about":[{"href":"https:\/\/www.europesays.com\/fr\/wp-json\/wp\/v2\/types\/post"}],"author":[{"embeddable":true,"href":"https:\/\/www.europesays.com\/fr\/wp-json\/wp\/v2\/users\/2"}],"replies":[{"embeddable":true,"href":"https:\/\/www.europesays.com\/fr\/wp-json\/wp\/v2\/comments?post=598773"}],"version-history":[{"count":0,"href":"https:\/\/www.europesays.com\/fr\/wp-json\/wp\/v2\/posts\/598773\/revisions"}],"wp:featuredmedia":[{"embeddable":true,"href":"https:\/\/www.europesays.com\/fr\/wp-json\/wp\/v2\/media\/598774"}],"wp:attachment":[{"href":"https:\/\/www.europesays.com\/fr\/wp-json\/wp\/v2\/media?parent=598773"}],"wp:term":[{"taxonomy":"category","embeddable":true,"href":"https:\/\/www.europesays.com\/fr\/wp-json\/wp\/v2\/categories?post=598773"},{"taxonomy":"post_tag","embeddable":true,"href":"https:\/\/www.europesays.com\/fr\/wp-json\/wp\/v2\/tags?post=598773"}],"curies":[{"name":"wp","href":"https:\/\/api.w.org\/{rel}","templated":true}]}}