{"id":598777,"date":"2025-12-14T13:47:11","date_gmt":"2025-12-14T13:47:11","guid":{"rendered":"https:\/\/www.europesays.com\/fr\/598777\/"},"modified":"2025-12-14T13:47:11","modified_gmt":"2025-12-14T13:47:11","slug":"paris-previsions-meteo-du-dimanche-14-decembre-2025","status":"publish","type":"post","link":"https:\/\/www.europesays.com\/fr\/598777\/","title":{"rendered":"Paris : pr\u00e9visions m\u00e9t\u00e9o du dimanche 14 d\u00e9cembre 2025"},"content":{"rendered":"<p>\u00c0 Paris, ce dimanche 14 d\u00e9cembre 2025, la journ\u00e9e reste tr\u00e8s nuageuse avec des temp\u00e9ratures fra\u00eeches autour de 6 \u00e0 8 \u00b0C et une humidit\u00e9 \u00e9lev\u00e9e. Le vent souffle doucement du sud-sud-est, sans pluie pr\u00e9vue.<\/p>\n<p>    Matin\u2009: lever du soleil \u00e0 08 h 36<\/p>\n<p>Le jour se l\u00e8ve sur Paris \u00e0 08 h 36 sous un ciel tr\u00e8s nuageux. L\u2019ambiance est douce et humide, port\u00e9e par un flux de sud-sud-est peu prononc\u00e9.<\/p>\n<p>Avec une humidit\u00e9 de 95 % et une temp\u00e9rature de 8 \u00b0C, la sensation d\u2019humidit\u00e9 est notable. Il est conseill\u00e9 d\u2019opter pour un manteau imperm\u00e9able mais respirant afin de se pr\u00e9munir du froid humide lors des d\u00e9placements matinaux.<\/p>\n<ul>\n<li><b>Temp\u00e9rature :<\/b> 8 \u00b0C<\/li>\n<li><b>Ressenti :<\/b> 6 \u00b0C<\/li>\n<li><b>Humidit\u00e9 :<\/b> 95 %<\/li>\n<li><b>Pression :<\/b> 1 026 hPa<\/li>\n<li><b>Vent :<\/b> 11 km\/h, Sud-Sud-Est<\/li>\n<li><b>Pr\u00e9cipitations :<\/b> n\u00e9ant<\/li>\n<\/ul>\n<p>Apr\u00e8s-midi<\/p>\n<p>\u00c0 la mi-journ\u00e9e, le thermom\u00e8tre descend l\u00e9g\u00e8rement \u00e0 7 \u00b0C et le ressenti atteint 4 \u00b0C, l\u2019humidit\u00e9 restant \u00e9lev\u00e9e. La grisaille persiste et aucun rayon de soleil ne parvient \u00e0 percer le couvert nuageux.<\/p>\n<p>Les conditions demeurent s\u00e8ches : aucune pluie n\u2019est pr\u00e9vue et le vent, autour de 10 km\/h, ne provoque ni rafales ni refroidissement brutal. Les d\u00e9placements \u00e0 v\u00e9lo ou les livraisons peuvent donc s\u2019effectuer sans contrainte m\u00e9t\u00e9o particuli\u00e8re.<\/p>\n<p>Ce dimanche, les donn\u00e9es de qualit\u00e9 de l\u2019air restent indisponibles. Il est toutefois recommand\u00e9 d\u2019a\u00e9rer bri\u00e8vement \u00e0 la mi-journ\u00e9e ; pour en savoir plus, consultez <a href=\"https:\/\/www.meteocity.com\/france\/paris-v2988507\" target=\"_blank\" rel=\"noopener\">notre page d\u00e9di\u00e9e<\/a>.<\/p>\n<ul>\n<li><b>Temp\u00e9rature :<\/b> 7 \u00b0C<\/li>\n<li><b>Ressenti :<\/b> 4 \u00b0C<\/li>\n<li><b>Humidit\u00e9 :<\/b> 93 %<\/li>\n<li><b>Pression :<\/b> 1 024 hPa<\/li>\n<li><b>Vent :<\/b> 10 km\/h, Sud-Sud-Est<\/li>\n<li><b>Pr\u00e9cipitations :<\/b> n\u00e9ant<\/li>\n<\/ul>\n<p>Soir\u2009: coucher du soleil \u00e0 16 h 53<\/p>\n<p>Apr\u00e8s 16 h 53, le soleil dispara\u00eet \u00e0 l\u2019horizon mais la couverture nuageuse demeure. \u00c0 21 h, la temp\u00e9rature affiche 6 \u00b0C avec un ressenti de 4 \u00b0C, dans une ambiance toujours tr\u00e8s humide \u00e0 94 %.<\/p>\n<p>Le flux de sud-sud-est reste discret, inf\u00e9rieur \u00e0 15 km\/h. L\u2019absence de pr\u00e9cipitations permet de conserver des chauss\u00e9es s\u00e8ches, limitant ainsi les risques de glissade pour les pi\u00e9tons et les deux-roues en soir\u00e9e.<\/p>\n<p>La nuit s\u2019annonce calme : aucune vigilance particuli\u00e8re n\u2019est signal\u00e9e par M\u00e9t\u00e9o-France. Les conditions m\u00e9t\u00e9o ne devraient pas perturber les transports en commun.<\/p>\n<ul>\n<li><b>Temp\u00e9rature :<\/b> 6 \u00b0C<\/li>\n<li><b>Ressenti :<\/b> 4 \u00b0C<\/li>\n<li><b>Humidit\u00e9 :<\/b> 94 %<\/li>\n<li><b>Pression :<\/b> 1 021 hPa<\/li>\n<li><b>Vent :<\/b> 10 km\/h, Sud-Sud-Est<\/li>\n<li><b>Pr\u00e9cipitations :<\/b> n\u00e9ant<\/li>\n<\/ul>\n<p>Tendance g\u00e9n\u00e9rale pour demain, lundi 15 d\u00e9cembre<\/p>\n<p>Pour lundi 15 d\u00e9cembre, les pr\u00e9visions confirment le maintien d\u2019un temps tr\u00e8s nuageux sur Paris. Les temp\u00e9ratures oscilleront entre 5 \u00b0C au lever du jour et un maximum de 12 \u00b0C, accompagn\u00e9es d\u2019un vent un peu plus soutenu \u00e0 14 km\/h.<\/p>\n<p>La pression, en baisse vers 1 007 hPa, appuiera cette couverture nuageuse persistante. Aucune perturbation active n\u2019est attendue, mais un taux d\u2019humidit\u00e9 de 85 % pourrait favoriser l\u2019apparition de brumes matinales.<\/p>\n<p>Avec un mercure atteignant 12 \u00b0C, la douceur restera notable pour une mi-d\u00e9cembre. Cette masse d\u2019air plus temp\u00e9r\u00e9e, en provenance du sud, s\u2019inscrit dans un sch\u00e9ma hivernal d\u00e9sormais fr\u00e9quent et \u00e9tudi\u00e9 par Copernicus.<\/p>\n<ul>\n<li><b>Temp\u00e9rature minimale :<\/b> 5 \u00b0C<\/li>\n<li><b>Temp\u00e9rature maximale :<\/b> 12 \u00b0C<\/li>\n<li><b>Ressenti :<\/b> 2 \u00e0 10 \u00b0C<\/li>\n<li><b>Humidit\u00e9 moyenne :<\/b> 85 %<\/li>\n<li><b>Vent :<\/b> 14 km\/h, Sud-Sud-Est<\/li>\n<li><b>Pr\u00e9cipitations :<\/b> n\u00e9ant significatif<\/li>\n<\/ul>\n","protected":false},"excerpt":{"rendered":"\u00c0 Paris, ce dimanche 14 d\u00e9cembre 2025, la journ\u00e9e reste tr\u00e8s nuageuse avec des temp\u00e9ratures fra\u00eeches autour de&hellip;\n","protected":false},"author":2,"featured_media":598778,"comment_status":"","ping_status":"","sticky":false,"template":"","format":"standard","meta":{"footnotes":""},"categories":[1888],"tags":[11,1777,674,1011,27,12,626,25],"class_list":{"0":"post-598777","1":"post","2":"type-post","3":"status-publish","4":"format-standard","5":"has-post-thumbnail","7":"category-paris","8":"tag-actualites","9":"tag-eu","10":"tag-europe","11":"tag-fr","12":"tag-france","13":"tag-news","14":"tag-paris","15":"tag-republique-francaise"},"share_on_mastodon":{"url":"https:\/\/pubeurope.com\/@fr\/115718235531049543","error":""},"_links":{"self":[{"href":"https:\/\/www.europesays.com\/fr\/wp-json\/wp\/v2\/posts\/598777","targetHints":{"allow":["GET"]}}],"collection":[{"href":"https:\/\/www.europesays.com\/fr\/wp-json\/wp\/v2\/posts"}],"about":[{"href":"https:\/\/www.europesays.com\/fr\/wp-json\/wp\/v2\/types\/post"}],"author":[{"embeddable":true,"href":"https:\/\/www.europesays.com\/fr\/wp-json\/wp\/v2\/users\/2"}],"replies":[{"embeddable":true,"href":"https:\/\/www.europesays.com\/fr\/wp-json\/wp\/v2\/comments?post=598777"}],"version-history":[{"count":0,"href":"https:\/\/www.europesays.com\/fr\/wp-json\/wp\/v2\/posts\/598777\/revisions"}],"wp:featuredmedia":[{"embeddable":true,"href":"https:\/\/www.europesays.com\/fr\/wp-json\/wp\/v2\/media\/598778"}],"wp:attachment":[{"href":"https:\/\/www.europesays.com\/fr\/wp-json\/wp\/v2\/media?parent=598777"}],"wp:term":[{"taxonomy":"category","embeddable":true,"href":"https:\/\/www.europesays.com\/fr\/wp-json\/wp\/v2\/categories?post=598777"},{"taxonomy":"post_tag","embeddable":true,"href":"https:\/\/www.europesays.com\/fr\/wp-json\/wp\/v2\/tags?post=598777"}],"curies":[{"name":"wp","href":"https:\/\/api.w.org\/{rel}","templated":true}]}}