{"id":598781,"date":"2025-12-14T13:49:13","date_gmt":"2025-12-14T13:49:13","guid":{"rendered":"https:\/\/www.europesays.com\/fr\/598781\/"},"modified":"2025-12-14T13:49:13","modified_gmt":"2025-12-14T13:49:13","slug":"arrive-a-berlin-zelensky-dit-vouloir-convaincre-les-americains-de-soutenir-un-gel-de-la-ligne-de-front-en-ukraine","status":"publish","type":"post","link":"https:\/\/www.europesays.com\/fr\/598781\/","title":{"rendered":"Arriv\u00e9 \u00e0 Berlin, Zelensky dit vouloir convaincre les Am\u00e9ricains de soutenir un gel de la ligne de front en Ukraine"},"content":{"rendered":"<p>\n    Les n\u00e9gociations pour la paix doivent se poursuivre \u00abaujourd\u2019hui et demain\u00bb entre Ukrainiens, Europ\u00e9ens et Am\u00e9ricains, a pr\u00e9cis\u00e9 le pr\u00e9sident ukrainien.<\/p>\n<p class=\"fig-paragraph\">Le pr\u00e9sident ukrainien\u00a0<a href=\"http:\/\/www.lefigaro.fr\/international\/guerre-en-ukraine-volodymyr-zelensky-fait-des-concessions-pour-garder-les-americains-a-bord-20251212\" data-fig-type=\"Article\" data-gtm-custom-categorie=\"navigation\" data-gtm-custom-action=\"crossclick\" data-gtm-custom-label=\"Contextuel\" data-gtm-event=\"customEventSPE\" data-fig-domain=\"LEFIGARO\" target=\"_blank\" rel=\"noopener\">Volodymyr Zelensky<\/a>\u00a0est arriv\u00e9 \u00e0 Berlin, a indiqu\u00e9 \u00e0 la presse son conseiller, Dmytro Lytvyn. Le chef d\u2019\u00c9tat ukrainien a d\u00e9clar\u00e9 vouloir convaincre les Am\u00e9ricains en Allemagne de soutenir un\u00a0<a href=\"http:\/\/www.lefigaro.fr\/international\/guerre-en-ukraine-vladimir-poutine-aurait-propose-de-geler-la-ligne-de-front-selon-le-financial-times-20250423\" data-fig-type=\"NewsFlash\" data-gtm-custom-categorie=\"navigation\" data-gtm-custom-action=\"crossclick\" data-gtm-custom-label=\"Contextuel\" data-gtm-event=\"customEventSPE\" data-fig-domain=\"LEFIGARO\" target=\"_blank\" rel=\"noopener\">gel de la ligne de front en Ukraine<\/a>, alors que les n\u00e9gociations doivent reprendre avec ses alli\u00e9s depuis l\u2019Allemagne pour trouver une issue diplomatique \u00e0 la guerre.<\/p>\n<p class=\"fig-paragraph\">Volodymyr Zelensky s\u2019est d\u2019abord dit pr\u00eat \u00abau dialogue\u00bb avant ces tractations diplomatiques. Lors d\u2019une conf\u00e9rence de presse en ligne, avant d\u2019arriver en Allemagne, il a pr\u00e9cis\u00e9 ne pas avoir encore re\u00e7u de r\u00e9ponse am\u00e9ricaine \u00e0 la derni\u00e8re version du plan de propositions pour mettre fin au conflit, amend\u00e9 cette semaine par Kiev et ses alli\u00e9s europ\u00e9ens et ensuite transmis \u00e0 Washington. \u00abJ\u2019ai re\u00e7u quelques messages de mon \u00e9quipe de n\u00e9gociation, je re\u00e7ois tous les signaux et je serai pr\u00eat au dialogue qui va commencer aujourd\u2019hui\u00bb, a-t-il poursuivi.<\/p>\n<p>                                            <a class=\"fig-a11y-skip\" href=\"#fig-a11y-skip-main-inarticle\" data-module=\"a11y-skip\" data-context=\"was @visible\"><br \/>\n    Passer la publicit\u00e9<br \/>\n<\/a>            <\/p>\n<p>                                            Gel de la ligne de front<\/p>\n<p class=\"fig-paragraph\">Il a par ailleurs dit vouloir convaincre les \u00c9tats-Unis de soutenir un cessez-le-feu impliquant un gel de la ligne de front \u00e0 son \u00e9tat actuel, avant toute discussion avec Moscou, dont l\u2019arm\u00e9e, plus nombreuse, continue d\u2019attaquer sur le champ de bataille. \u00abJ\u2019estime qu\u2019aujourd\u2019hui l\u2019option la plus juste possible, c\u2019est \u201cOn reste o\u00f9 on est\u201d (sur le front, NDLR) (&#8230;) Il s\u2019agit d\u2019un cessez-le-feu\u00a0: les parties restent sur leurs positions et tentent ensuite de r\u00e9soudre tous les probl\u00e8mes communs par voie diplomatique. Je sais que la Russie ne voit pas cela d\u2019un bon \u0153il et j\u2019aimerais que les Am\u00e9ricains nous soutiennent sur ce point\u00bb, a-t-il affirm\u00e9.<\/p>\n<p class=\"fig-paragraph\">Il a r\u00e9affirm\u00e9 que Kiev souhaitait des garanties de s\u00e9curit\u00e9 de ses alli\u00e9s europ\u00e9ens et de Washington pour dissuader la Russie de l\u2019attaquer \u00e0 nouveau apr\u00e8s un arr\u00eat des combats. Il a pr\u00e9cis\u00e9 que les \u00abdiscussions bilat\u00e9rales de s\u00e9curit\u00e9\u00bb envisageaient un m\u00e9canisme inspir\u00e9 de l\u2019article 5 de l\u2019Otan pr\u00e9voyant une protection mutuelle des pays membres, sans adh\u00e9sion formelle de l\u2019Ukraine \u00e0 l\u2019Alliance atlantique, comme le demandait Kiev auparavant. \u00abC\u2019est d\u00e9j\u00e0 un compromis de notre part\u00bb, a pr\u00e9cis\u00e9 Volodymyr Zelensky \u00e0 ce sujet.<\/p>\n<p class=\"fig-paragraph\">Vendredi soir, un haut responsable de la Maison-Blanche a confirm\u00e9 la venue en Allemagne de l\u2019\u00e9missaire am\u00e9ricain Steve Witkoff. Ce dernier avait \u00e9t\u00e9 re\u00e7u \u00e0 Moscou d\u00e9but d\u00e9cembre. Alors que les hostilit\u00e9s se poursuivent, ajoutant de nouvelles victimes aux centaines de milliers de morts et de bless\u00e9s de la guerre, Donald Trump a clairement affich\u00e9 son impatience concernant l\u2019avanc\u00e9e des discussions autour de son plan visant \u00e0 r\u00e9gler le conflit d\u00e9clench\u00e9 par l\u2019invasion russe \u00e0 grande \u00e9chelle de f\u00e9vrier 2022. Kiev et ses alli\u00e9s cherchent \u00e0 amender le plan am\u00e9ricain d\u00e9voil\u00e9 il y a un mois et jug\u00e9 initialement tr\u00e8s favorable \u00e0 Moscou. Les n\u00e9gociateurs bloquent en particulier sur les questions territoriales, les \u00c9tats-Unis r\u00e9clamant, au grand de Kiev, d\u2019importantes concessions.<\/p>\n","protected":false},"excerpt":{"rendered":"Les n\u00e9gociations pour la paix doivent se poursuivre \u00abaujourd\u2019hui et demain\u00bb entre Ukrainiens, Europ\u00e9ens et Am\u00e9ricains, a pr\u00e9cis\u00e9&hellip;\n","protected":false},"author":2,"featured_media":598782,"comment_status":"","ping_status":"","sticky":false,"template":"","format":"standard","meta":{"footnotes":""},"categories":[1590],"tags":[11,1898,1777,674,131,12,2403,220,134],"class_list":{"0":"post-598781","1":"post","2":"type-post","3":"status-publish","4":"format-standard","5":"has-post-thumbnail","7":"category-ukraine","8":"tag-actualites","9":"tag-berlin","10":"tag-eu","11":"tag-europe","12":"tag-guerre-en-ukraine","13":"tag-news","14":"tag-paix","15":"tag-ukraine","16":"tag-volodymyr-zelensky"},"share_on_mastodon":{"url":"https:\/\/pubeurope.com\/@fr\/115718243306026108","error":""},"_links":{"self":[{"href":"https:\/\/www.europesays.com\/fr\/wp-json\/wp\/v2\/posts\/598781","targetHints":{"allow":["GET"]}}],"collection":[{"href":"https:\/\/www.europesays.com\/fr\/wp-json\/wp\/v2\/posts"}],"about":[{"href":"https:\/\/www.europesays.com\/fr\/wp-json\/wp\/v2\/types\/post"}],"author":[{"embeddable":true,"href":"https:\/\/www.europesays.com\/fr\/wp-json\/wp\/v2\/users\/2"}],"replies":[{"embeddable":true,"href":"https:\/\/www.europesays.com\/fr\/wp-json\/wp\/v2\/comments?post=598781"}],"version-history":[{"count":0,"href":"https:\/\/www.europesays.com\/fr\/wp-json\/wp\/v2\/posts\/598781\/revisions"}],"wp:featuredmedia":[{"embeddable":true,"href":"https:\/\/www.europesays.com\/fr\/wp-json\/wp\/v2\/media\/598782"}],"wp:attachment":[{"href":"https:\/\/www.europesays.com\/fr\/wp-json\/wp\/v2\/media?parent=598781"}],"wp:term":[{"taxonomy":"category","embeddable":true,"href":"https:\/\/www.europesays.com\/fr\/wp-json\/wp\/v2\/categories?post=598781"},{"taxonomy":"post_tag","embeddable":true,"href":"https:\/\/www.europesays.com\/fr\/wp-json\/wp\/v2\/tags?post=598781"}],"curies":[{"name":"wp","href":"https:\/\/api.w.org\/{rel}","templated":true}]}}