{"id":598783,"date":"2025-12-14T13:50:21","date_gmt":"2025-12-14T13:50:21","guid":{"rendered":"https:\/\/www.europesays.com\/fr\/598783\/"},"modified":"2025-12-14T13:50:21","modified_gmt":"2025-12-14T13:50:21","slug":"une-personne-arretee-par-la-police-dans-le-cadre-de-la-fusillade-a-luniversite-de-brown","status":"publish","type":"post","link":"https:\/\/www.europesays.com\/fr\/598783\/","title":{"rendered":"une personne arr\u00eat\u00e9e par la police dans le cadre de la fusillade \u00e0 l&rsquo;universit\u00e9 de Brown"},"content":{"rendered":"<p>\n    La police ne recherche pas d\u2019autres suspects \u00e0 l\u2019heure actuelle, ont pr\u00e9cis\u00e9 les forces de l\u2019ordre.<\/p>\n<p class=\"fig-paragraph\">La police a arr\u00eat\u00e9 dimanche une personne dans le cadre de l&rsquo;enqu\u00eate sur la\u00a0<a href=\"http:\/\/www.lefigaro.fr\/international\/etats-unis-une-fusillade-eclate-sur-le-campus-de-la-prestigieuse-universite-brown-20251213\" data-fig-type=\"NewsFlash\" data-gtm-custom-categorie=\"navigation\" data-gtm-custom-action=\"crossclick\" data-gtm-custom-label=\"Contextuel\" data-gtm-event=\"customEventSPE\" data-fig-domain=\"LEFIGARO\" target=\"_blank\" rel=\"noopener\">fusillade \u00e0 l&rsquo;universit\u00e9 Brown<\/a>\u00a0de Providence, a annonc\u00e9 le maire de cette ville de la c\u00f4te est des \u00c9tats-Unis. Des tirs sur le campus de l&rsquo;universit\u00e9 Brown, l&rsquo;une des plus prestigieuses aux \u00c9tats-Unis, ont fait deux morts et neuf bless\u00e9s samedi, tous des \u00e9tudiants, ont annonc\u00e9 les autorit\u00e9s locales, l&rsquo;auteur ayant r\u00e9ussi \u00e0 s&rsquo;\u00e9chapper. La police a arr\u00eat\u00e9 \u00abune personne\u00bb dans le cadre de l&rsquo;enqu\u00eate, a affirm\u00e9 le maire Brett Smiley au cours d&rsquo;une conf\u00e9rence de presse.<\/p>\n<p class=\"fig-paragraph\">Pr\u00e9sent \u00e0 ses c\u00f4t\u00e9s, le colonel de la police Oscar Perez a pr\u00e9cis\u00e9 que l&rsquo;arrestation \u00e9tait survenue dimanche matin et que les enqu\u00eateurs n&rsquo;\u00e9taient pour le moment pas \u00e0 la recherche d&rsquo;un autre suspect. \u00abNous levons avec effet imm\u00e9diat les mesures de confinement mises en place dans l&rsquo;universit\u00e9 Brown\u00bb, a ajout\u00e9 Brett Smiley<\/p>\n","protected":false},"excerpt":{"rendered":"La police ne recherche pas d\u2019autres suspects \u00e0 l\u2019heure actuelle, ont pr\u00e9cis\u00e9 les forces de l\u2019ordre. La police&hellip;\n","protected":false},"author":2,"featured_media":598784,"comment_status":"","ping_status":"","sticky":false,"template":"","format":"standard","meta":{"footnotes":""},"categories":[1589],"tags":[11,73,1866,3832,12,1864,1865,5768,1863,308],"class_list":{"0":"post-598783","1":"post","2":"type-post","3":"status-publish","4":"format-standard","5":"has-post-thumbnail","7":"category-etats-unis","8":"tag-actualites","9":"tag-etats-unis","10":"tag-etats-unis-damerique","11":"tag-fusillade","12":"tag-news","13":"tag-united-states","14":"tag-united-states-of-america","15":"tag-universite","16":"tag-us","17":"tag-usa"},"share_on_mastodon":{"url":"https:\/\/pubeurope.com\/@fr\/115718247242505479","error":""},"_links":{"self":[{"href":"https:\/\/www.europesays.com\/fr\/wp-json\/wp\/v2\/posts\/598783","targetHints":{"allow":["GET"]}}],"collection":[{"href":"https:\/\/www.europesays.com\/fr\/wp-json\/wp\/v2\/posts"}],"about":[{"href":"https:\/\/www.europesays.com\/fr\/wp-json\/wp\/v2\/types\/post"}],"author":[{"embeddable":true,"href":"https:\/\/www.europesays.com\/fr\/wp-json\/wp\/v2\/users\/2"}],"replies":[{"embeddable":true,"href":"https:\/\/www.europesays.com\/fr\/wp-json\/wp\/v2\/comments?post=598783"}],"version-history":[{"count":0,"href":"https:\/\/www.europesays.com\/fr\/wp-json\/wp\/v2\/posts\/598783\/revisions"}],"wp:featuredmedia":[{"embeddable":true,"href":"https:\/\/www.europesays.com\/fr\/wp-json\/wp\/v2\/media\/598784"}],"wp:attachment":[{"href":"https:\/\/www.europesays.com\/fr\/wp-json\/wp\/v2\/media?parent=598783"}],"wp:term":[{"taxonomy":"category","embeddable":true,"href":"https:\/\/www.europesays.com\/fr\/wp-json\/wp\/v2\/categories?post=598783"},{"taxonomy":"post_tag","embeddable":true,"href":"https:\/\/www.europesays.com\/fr\/wp-json\/wp\/v2\/tags?post=598783"}],"curies":[{"name":"wp","href":"https:\/\/api.w.org\/{rel}","templated":true}]}}