{"id":598785,"date":"2025-12-14T13:51:14","date_gmt":"2025-12-14T13:51:14","guid":{"rendered":"https:\/\/www.europesays.com\/fr\/598785\/"},"modified":"2025-12-14T13:51:14","modified_gmt":"2025-12-14T13:51:14","slug":"le-roi-charles-a-exceptionnellement-bien-reagi-a-son-traitement-contre-le-cancer","status":"publish","type":"post","link":"https:\/\/www.europesays.com\/fr\/598785\/","title":{"rendered":"le roi Charles a \u00ab exceptionnellement bien r\u00e9agi \u00bb \u00e0 son traitement contre le cancer"},"content":{"rendered":"<p style=\"overflow-wrap:break-word;\">AA \/ Istanbul \/\u00a0Esra\u00a0Tekin<\/p>\n<p style=\"overflow-wrap:break-word;\">Le roi Charles a annonc\u00e9 de \u00ab bonnes nouvelles \u00bb concernant son cancer, expliquant dans un message personnel qu\u2019un diagnostic pr\u00e9coce et une \u00ab intervention efficace \u00bb ont permis d\u2019all\u00e9ger son traitement au cours de l\u2019ann\u00e9e \u00e0 venir, selon la BBC.<\/p>\n<p style=\"overflow-wrap:break-word;\">\u00ab Cette \u00e9tape est \u00e0 la fois une b\u00e9n\u00e9diction personnelle et un t\u00e9moignage des progr\u00e8s remarquables r\u00e9alis\u00e9s dans les soins contre le cancer \u00bb, a d\u00e9clar\u00e9 Charles dans une vid\u00e9o pr\u00e9enregistr\u00e9e diffus\u00e9e tard vendredi sur Channel 4 dans le cadre de la campagne\u00a0Stand Up To Cancer.<\/p>\n<p style=\"overflow-wrap:break-word;\">Cette mise \u00e0 jour, qui confirme qu\u2019il r\u00e9pond positivement au traitement, constitue l\u2019information la plus significative sur son \u00e9tat de sant\u00e9 depuis l\u2019annonce de son diagnostic en f\u00e9vrier 2024.<\/p>\n<p style=\"overflow-wrap:break-word;\">Si le type pr\u00e9cis de cancer n\u2019a pas \u00e9t\u00e9 rendu public et que le traitement ainsi que le suivi se poursuivront, Charles a soulign\u00e9 l\u2019importance du d\u00e9pistage pr\u00e9coce dans la prise en charge de la maladie.<\/p>\n<p style=\"overflow-wrap:break-word;\">\u00ab Aujourd\u2019hui, je peux partager avec vous la bonne nouvelle que, gr\u00e2ce \u00e0 un diagnostic pr\u00e9coce, \u00e0 une intervention efficace et au respect des \u201cprescriptions m\u00e9dicales\u201d, mon propre programme de traitement contre le cancer pourra \u00eatre all\u00e9g\u00e9 au cours de la nouvelle ann\u00e9e \u00bb, a-t-il d\u00e9clar\u00e9.<\/p>\n<p style=\"overflow-wrap:break-word;\">Le palais de Buckingham a indiqu\u00e9 que le r\u00e9tablissement du roi progressait tr\u00e8s bien et qu\u2019il avait \u00ab exceptionnellement bien r\u00e9pondu au traitement \u00bb, conduisant les m\u00e9decins \u00e0 faire entrer sa prise en charge \u00ab dans une phase de pr\u00e9caution \u00bb.<\/p>\n<p style=\"overflow-wrap:break-word;\">Bien que la fr\u00e9quence de son traitement soit appel\u00e9e \u00e0 \u00eatre nettement r\u00e9duite, le monarque de 77 ans n\u2019a pas \u00e9t\u00e9 d\u00e9crit comme \u00e9tant en r\u00e9mission ni comme \u00ab gu\u00e9ri \u00bb.<\/p>\n<p style=\"overflow-wrap:break-word;\">*Traduit de l&rsquo;anglais par Ben Amed Azize Zougmore<\/p>\n","protected":false},"excerpt":{"rendered":"AA \/ Istanbul \/\u00a0Esra\u00a0Tekin Le roi Charles a annonc\u00e9 de \u00ab bonnes nouvelles \u00bb concernant son cancer, expliquant&hellip;\n","protected":false},"author":2,"featured_media":598786,"comment_status":"","ping_status":"","sticky":false,"template":"","format":"standard","meta":{"footnotes":""},"categories":[1588],"tags":[11,1785,101,71133,1777,674,12,473,1853,1851,1850,1852],"class_list":{"0":"post-598785","1":"post","2":"type-post","3":"status-publish","4":"format-standard","5":"has-post-thumbnail","7":"category-royaume-uni","8":"tag-actualites","9":"tag-anadolu-ajansi","10":"tag-cancer","11":"tag-diagnostic-prcoce","12":"tag-eu","13":"tag-europe","14":"tag-news","15":"tag-royaume-uni","16":"tag-royaume-uni-de-grande-bretagne-et-dirlande-du-nord","17":"tag-uk","18":"tag-united-kingdom","19":"tag-united-kingdom-of-great-britain-and-northern-ireland"},"share_on_mastodon":{"url":"https:\/\/pubeurope.com\/@fr\/115718251147101559","error":""},"_links":{"self":[{"href":"https:\/\/www.europesays.com\/fr\/wp-json\/wp\/v2\/posts\/598785","targetHints":{"allow":["GET"]}}],"collection":[{"href":"https:\/\/www.europesays.com\/fr\/wp-json\/wp\/v2\/posts"}],"about":[{"href":"https:\/\/www.europesays.com\/fr\/wp-json\/wp\/v2\/types\/post"}],"author":[{"embeddable":true,"href":"https:\/\/www.europesays.com\/fr\/wp-json\/wp\/v2\/users\/2"}],"replies":[{"embeddable":true,"href":"https:\/\/www.europesays.com\/fr\/wp-json\/wp\/v2\/comments?post=598785"}],"version-history":[{"count":0,"href":"https:\/\/www.europesays.com\/fr\/wp-json\/wp\/v2\/posts\/598785\/revisions"}],"wp:featuredmedia":[{"embeddable":true,"href":"https:\/\/www.europesays.com\/fr\/wp-json\/wp\/v2\/media\/598786"}],"wp:attachment":[{"href":"https:\/\/www.europesays.com\/fr\/wp-json\/wp\/v2\/media?parent=598785"}],"wp:term":[{"taxonomy":"category","embeddable":true,"href":"https:\/\/www.europesays.com\/fr\/wp-json\/wp\/v2\/categories?post=598785"},{"taxonomy":"post_tag","embeddable":true,"href":"https:\/\/www.europesays.com\/fr\/wp-json\/wp\/v2\/tags?post=598785"}],"curies":[{"name":"wp","href":"https:\/\/api.w.org\/{rel}","templated":true}]}}